{"id":50382,"date":"2025-10-15T12:48:15","date_gmt":"2025-10-15T12:48:15","guid":{"rendered":"https:\/\/www.europesays.com\/pl\/50382\/"},"modified":"2025-10-15T12:48:15","modified_gmt":"2025-10-15T12:48:15","slug":"kasia-smutniak-zagra-w-filmie-mela-gibsona-wcieli-sie-w-role-maryi-w-kontynuacji-pasji","status":"publish","type":"post","link":"https:\/\/www.europesays.com\/pl\/50382\/","title":{"rendered":"Kasia Smutniak zagra w filmie Mela Gibsona. Wcieli si\u0119 w rol\u0119 Maryi w kontynuacji &#8222;Pasji&#8221;"},"content":{"rendered":"<p class=\"Paragraph_desktopParagraph__U31Gm\">W Rzymie ruszy\u0142y zdj\u0119cia do d\u0142ugo oczekiwanej kontynuacji &#8222;Pasji&#8221; <a href=\"https:\/\/plejada.pl\/mel-gibson\" id=\"825b7820-a896-42c6-ba4a-4b7c09353da3\" rel=\"nofollow noopener\" target=\"_blank\">Mela Gibsona<\/a> \u2014 poda\u0142 &#8222;Filmweb&#8221;. Film, zatytu\u0142owany &#8222;The Resurrection of the Christ&#8221;, ma by\u0107 dwucz\u0119\u015bciow\u0105 produkcj\u0105, kt\u00f3ra zg\u0142\u0119bia temat zmartwychwstania Jezusa. W g\u0142\u00f3wn\u0105 rol\u0119 wcieli si\u0119 Jaakko Ohtonen, znany z &#8222;Upadku kr\u00f3lestwa&#8221;, a Mari\u0119 Magdalen\u0119 zagra Mariela Garriga. Najwi\u0119ksz\u0105 niespodziank\u0105 jest jednak obsadzenie <a href=\"https:\/\/plejada.pl\/kasia-smutniak\" id=\"310df7ad-8d4b-4eda-9cb7-3879ca4b1c8f\" rel=\"nofollow noopener\" target=\"_blank\">Kasi Smutniak<\/a> w roli Maryi.<\/p>\n<ul class=\"OchatFollowUps_wrapper__1ry7X\">\n<li class=\"OchatFollowUps_item__Dhyly OchatFollowUps_itemDesktop__R6aBv\">Kiedy zaplanowana jest premiera filmu?<\/li>\n<li class=\"OchatFollowUps_item__Dhyly OchatFollowUps_itemDesktop__R6aBv\">Kto zagra g\u0142\u00f3wn\u0105 rol\u0119 w kontynuacji 'Pasji&#8217;?<\/li>\n<li class=\"OchatFollowUps_item__Dhyly OchatFollowUps_itemDesktop__R6aBv\">Jakie inne filmy zagra\u0142a Kasia Smutniak?<\/li>\n<li class=\"OchatFollowUps_item__Dhyly OchatFollowUps_itemDesktop__R6aBv\">Ile j\u0119zyk\u00f3w zna Kasia Smutniak?<\/li>\n<\/ul>\n<p class=\"Paragraph_desktopParagraph__U31Gm\">Polsko-w\u0142oska aktorka, kt\u00f3ra od lat cieszy si\u0119 uznaniem we w\u0142oskim kinie, zagra jedn\u0105 z najwa\u017cniejszych postaci w historii chrze\u015bcija\u0144stwa. Smutniak, znana z takich film\u00f3w jak &#8222;From Paris with Love&#8221; czy &#8222;Loro&#8221;, ma na swoim koncie liczne nagrody i nominacje, w tym do presti\u017cowego Nastro d\u2019Argento i Z\u0142otego Lwa. Media od dawna por\u00f3wnuj\u0105 j\u0105 do m\u0142odszej Moniki Bellucci, podkre\u015blaj\u0105c jej wszechstronno\u015b\u0107 i talent zar\u00f3wno w rolach dramatycznych, jak i komediowych.<\/p>\n<p class=\"Paragraph_desktopParagraph__U31Gm\">Mel Gibson, re\u017cyser oryginalnej &#8222;Pasji&#8221;, zapowiada, \u017ce nowa produkcja b\u0119dzie po\u0142\u0105czeniem wizualnego rozmachu z g\u0142\u0119bok\u0105 refleksj\u0105 religijn\u0105. Premiera filmu planowana jest na 2027 r. i ju\u017c teraz budzi ogromne emocje.<\/p>\n<p class=\"Paragraph_desktopParagraph__U31Gm\">Katarzyna Smutniak, maj\u0105ca 46 lat, rozpocz\u0119\u0142a swoj\u0105 karier\u0119 w Polsce, jednak to we W\u0142oszech zdoby\u0142a najwi\u0119ksz\u0105 popularno\u015b\u0107. Poza aktorstwem rozwija tak\u017ce swoj\u0105 pasj\u0119 do lotnictwa jako pilotka szybowcowa. Co wi\u0119cej, biegle w\u0142ada czterema j\u0119zykami: polskim, w\u0142oskim, rosyjskim i angielskim.<\/p>\n<p class=\"Paragraph_desktopParagraph__U31Gm\">Fan\u00f3w &#8222;Pasji&#8221; czeka zatem wyj\u0105tkowe wydarzenie filmowe, kt\u00f3re obiecuje nie tylko widowiskowo\u015b\u0107, ale tak\u017ce g\u0142\u0119bsze spojrzenie na religijne przes\u0142anie.<\/p>\n<p><img decoding=\"async\" class=\"Image_image__0tuHp\" height=\"587\" width=\"391\" src=\"https:\/\/www.europesays.com\/pl\/wp-content\/uploads\/2025\/10\/s-sk9kpTURBXy8xMjMzNjljZDAwMzg1MWQ3MjYzMjFmMmEzMDVjZjJiOS5qcGeSlQLNA6wAwsOVAgDNAkvCw94AA6EwAaExAaEzw.jpeg\" alt=\"Kasia Smutniak na Festiwalu Filmowym w Wenecji w 2025 r.\" loading=\"lazy\" \/>Daniele Venturelli \/ Contributor \/ Getty Images<\/p>\n<p>Kasia Smutniak na Festiwalu Filmowym w Wenecji w 2025 r.<\/p>\n<p><img decoding=\"async\" class=\"Image_image__0tuHp\" height=\"587\" width=\"400\" src=\"https:\/\/www.europesays.com\/pl\/wp-content\/uploads\/2025\/10\/Agwk9kpTURBXy85NjNiNWM0YWFkMzlkNWU2ZWYyOTM3M2VkOGRlM2JmOS5qcGeSlQLNA6wAwsOVAgDNAkvCw94AA6EwAaExAaEzw.jpeg\" alt=\"Mel Gibson\" loading=\"lazy\" \/>Featureflash Photo Agency \/ Shutterstock<\/p>\n<p>Mel Gibson<\/p>\n<p class=\"Paragraph_desktopParagraph__U31Gm\">Dzi\u0119kujemy, \u017ce przeczyta\u0142a\u015b\/e\u015b nasz artyku\u0142 do ko\u0144ca. W serwisie Plejada.pl ka\u017cdego dnia piszemy o najwa\u017cniejszych wydarzeniach show-biznesowych. B\u0105d\u017a na bie\u017c\u0105co! <a rel=\"nofollow noopener\" href=\"https:\/\/news.google.com\/publications\/CAAiEF0PeAlb7W1llpV_mwV2rL4qFAgKIhBdD3gJW-1tZZaVf5sFdqy-?hl=pl&amp;gl=PL&amp;ceid=PL%3Apl\" id=\"08538a94-e2c9-4daf-8650-ad5be6c84a87\" target=\"_blank\">Obserwuj<\/a> Plejad\u0119 w Wiadomo\u015bciach Google. Odwied\u017a nas tak\u017ce na <a rel=\"nofollow noopener\" href=\"https:\/\/www.facebook.com\/plejadapl\" id=\"0bc8148f-a269-40bb-af02-3eff56098fc6\" target=\"_blank\">Facebooku<\/a>, <a rel=\"nofollow noopener\" href=\"https:\/\/www.instagram.com\/plejadapl\/\" id=\"9cdcd459-4eb8-4fb5-8784-16527b8f9b44\" target=\"_blank\">Instagramie<\/a>, <a rel=\"nofollow noopener\" href=\"https:\/\/www.youtube.com\/c\/plejada\" id=\"e10aeb3c-7ff5-41c5-9454-26b346913653\" target=\"_blank\">YouTube<\/a> oraz <a rel=\"nofollow noopener\" href=\"https:\/\/www.tiktok.com\/@plejada_pl\" id=\"31766542-4863-4877-bbf8-9b02cee90718\" target=\"_blank\">TikToku<\/a>.<\/p>\n<p class=\"Paragraph_desktopParagraph__U31Gm\">Chcesz podzieli\u0107 si\u0119 ciekawym newsem lub zaproponowa\u0107 temat? Skontaktuj si\u0119 z nami, pisz\u0105c e-maila na adres: <a href=\"https:\/\/www.onet.pl\/styl-zycia\/plejada\/kasia-smutniak-zagra-w-filmie-mela-gibsona-wcieli-sie-w-role-maryi\/mailto:plejada@redakcjaonet.pl\" id=\"1dbe2561-4f89-4f08-a972-c1ec749dd623\" rel=\"nofollow noopener\" target=\"_blank\">plejada@redakcjaonet.pl<\/a>.<\/p>\n<p><script async src=\"\/\/www.instagram.com\/embed.js\"><\/script><script async src=\"\/\/www.tiktok.com\/embed.js\"><\/script><\/p>\n","protected":false},"excerpt":{"rendered":"W Rzymie ruszy\u0142y zdj\u0119cia do d\u0142ugo oczekiwanej kontynuacji &#8222;Pasji&#8221; Mela Gibsona \u2014 poda\u0142 &#8222;Filmweb&#8221;. Film, zatytu\u0142owany &#8222;The Resurrection&hellip;\n","protected":false},"author":2,"featured_media":50383,"comment_status":"","ping_status":"","sticky":false,"template":"","format":"standard","meta":{"footnotes":""},"categories":[22],"tags":[122,67,13565,13562,261,13563,53,52,68,51,13564,55,42,38,40,39,41,123,47,65,50],"class_list":{"0":"post-50382","1":"post","2":"type-post","3":"status-publish","4":"format-standard","5":"has-post-thumbnail","7":"category-rozrywka","8":"tag-entertainment","9":"tag-intextvideo_splayer","10":"tag-kasia_smutniak","11":"tag-katarzyna_smutniak","12":"tag-kultura","13":"tag-mel_gibson","14":"tag-new_header","15":"tag-onet3","16":"tag-onet3d","17":"tag-onet3d_2i","18":"tag-pasja","19":"tag-phx","20":"tag-pl","21":"tag-poland","22":"tag-polish","23":"tag-polska","24":"tag-polski","25":"tag-rozrywka","26":"tag-screening_general","27":"tag-update_me","28":"tag-v2021"},"share_on_mastodon":{"url":"","error":""},"_links":{"self":[{"href":"https:\/\/www.europesays.com\/pl\/wp-json\/wp\/v2\/posts\/50382","targetHints":{"allow":["GET"]}}],"collection":[{"href":"https:\/\/www.europesays.com\/pl\/wp-json\/wp\/v2\/posts"}],"about":[{"href":"https:\/\/www.europesays.com\/pl\/wp-json\/wp\/v2\/types\/post"}],"author":[{"embeddable":true,"href":"https:\/\/www.europesays.com\/pl\/wp-json\/wp\/v2\/users\/2"}],"replies":[{"embeddable":true,"href":"https:\/\/www.europesays.com\/pl\/wp-json\/wp\/v2\/comments?post=50382"}],"version-history":[{"count":0,"href":"https:\/\/www.europesays.com\/pl\/wp-json\/wp\/v2\/posts\/50382\/revisions"}],"wp:featuredmedia":[{"embeddable":true,"href":"https:\/\/www.europesays.com\/pl\/wp-json\/wp\/v2\/media\/50383"}],"wp:attachment":[{"href":"https:\/\/www.europesays.com\/pl\/wp-json\/wp\/v2\/media?parent=50382"}],"wp:term":[{"taxonomy":"category","embeddable":true,"href":"https:\/\/www.europesays.com\/pl\/wp-json\/wp\/v2\/categories?post=50382"},{"taxonomy":"post_tag","embeddable":true,"href":"https:\/\/www.europesays.com\/pl\/wp-json\/wp\/v2\/tags?post=50382"}],"curies":[{"name":"wp","href":"https:\/\/api.w.org\/{rel}","templated":true}]}}