{"id":50386,"date":"2025-10-15T12:51:16","date_gmt":"2025-10-15T12:51:16","guid":{"rendered":"https:\/\/www.europesays.com\/pl\/50386\/"},"modified":"2025-10-15T12:51:16","modified_gmt":"2025-10-15T12:51:16","slug":"nietypowa-rozmowa-erdogana-z-meloni-wszystko-sie-nagralo","status":"publish","type":"post","link":"https:\/\/www.europesays.com\/pl\/50386\/","title":{"rendered":"Nietypowa rozmowa Erdogana z Meloni. Wszystko si\u0119 nagra\u0142o"},"content":{"rendered":"<p class=\"ods-c-paragraph \">W egipskim Szarm el-Szejk \u015bwiatowi przyw\u00f3dcy spotkali si\u0119 w poniedzia\u0142ek, aby przedyskutowa\u0107 m.in. kwesti\u0119 pokoju na Bliskim Wschodzie. Uczestnicy poparli zawieszenie broni w Strefie Gazy i zako\u0144czenie wojny Izrael \u2014 Hamas, a tak\u017ce omawiali plany odbudowy zdewastowanego terytorium palesty\u0144skiego. W\u015br\u00f3d rozm\u00f3wc\u00f3w znale\u017ali si\u0119 m.in. prezydent Turcji Recep Tayyip Erdogan, prezydent Francji Emmanuel Macron, premier Wielkiej Brytanii Keir Starmer i premier W\u0142och Giorgia Meloni. W kuluarach media wychwyci\u0142y fragment nieformalnej rozmowy mi\u0119dzy Erdoganem a Meloni. Nagranie tureckiej agencji informacyjnej Ihlas opublikowa\u0142 m.in. w\u0142oski dziennik &#8222;Il Foglio&#8221;.<\/p>\n<p> Giorgia Meloni o paleniu: nie chc\u0119 nikogo zabi\u0107<\/p>\n<p class=\"ods-c-paragraph \">Erdogan powita\u0142 Meloni s\u0142owami: &#8222;Widzia\u0142em, jak wychodzi\u0142a\u015b z samolotu. Wygl\u0105dasz \u015bwietnie. Ale musz\u0119 ci\u0119 zmusi\u0107 do rzucenia palenia&#8221;. Natychmiast zareagowa\u0142 na to stoj\u0105cy obok prezydent Francji Emmanuel Macron. Roze\u015bmia\u0142 si\u0119 i powiedzia\u0142: &#8222;To niemo\u017cliwe!&#8221;.<\/p>\n<p class=\"ods-c-paragraph \">Giorgia Meloni r\u00f3wnie\u017c obr\u00f3ci\u0142a s\u0142owa Erdogana w \u017cart, m\u00f3wi\u0105c, \u017ce rzucenie palenia mo\u017ce sprawi\u0107, \u017ce b\u0119dzie mniej towarzyska. &#8222;Nie chc\u0119 nikogo zabi\u0107&#8221; \u2014 podkre\u015bli\u0142a.<\/p>\n<p class=\"ods-c-paragraph \">Na temat palenia premier W\u0142och wypowiada\u0142a si\u0119 wcze\u015bniej w ksi\u0105\u017cce opartej na serii wywiad\u00f3w. Przekonywa\u0142a w niej, \u017ce ten na\u0142\u00f3g pom\u00f3g\u0142 jej nawi\u0105za\u0107 wi\u0119\u017a ze \u015bwiatowymi przyw\u00f3dcami, w tym z prezydentem Tunezji Kaisem Saiedem.<\/p>\n<p class=\"ods-c-paragraph \">Wypowied\u017a Erdogana wi\u0105\u017ce si\u0119 z realizowan\u0105 w Turcji kampani\u0105 &#8222;Turcja wolna od dymu tytoniowego&#8221;. To akcja zaplanowana na lata 2024-2028 maj\u0105ca na celu szerzenie \u015bwiadomo\u015bci na temat skutk\u00f3w palenia tytoniu i uchronienie m\u0142odzie\u017cy przed tym na\u0142ogiem.<\/p>\n","protected":false},"excerpt":{"rendered":"W egipskim Szarm el-Szejk \u015bwiatowi przyw\u00f3dcy spotkali si\u0119 w poniedzia\u0142ek, aby przedyskutowa\u0107 m.in. kwesti\u0119 pokoju na Bliskim Wschodzie.&hellip;\n","protected":false},"author":2,"featured_media":50387,"comment_status":"","ping_status":"","sticky":false,"template":"","format":"standard","meta":{"footnotes":""},"categories":[14],"tags":[32,33,340,4393,27,34,35,28,31,48,25,46,40,41,11327,47,80,29,30,192,26,82,83,84],"class_list":{"0":"post-50386","1":"post","2":"type-post","3":"status-publish","4":"format-standard","5":"has-post-thumbnail","7":"category-swiat","8":"tag-breaking-news","9":"tag-breakingnews","10":"tag-emmanuel_macron","11":"tag-giorgia_meloni","12":"tag-headlines","13":"tag-latest-news","14":"tag-latestnews","15":"tag-naglowki","16":"tag-najwazniejsze-artykuly","17":"tag-nat_styl","18":"tag-news","19":"tag-omp","20":"tag-polish","21":"tag-polski","22":"tag-recep_tayyip_erdogan","23":"tag-screening_general","24":"tag-swiat","25":"tag-top-stories","26":"tag-topstories","27":"tag-turcja","28":"tag-wiadomosci","29":"tag-world","30":"tag-world-news","31":"tag-worldnews"},"share_on_mastodon":{"url":"","error":""},"_links":{"self":[{"href":"https:\/\/www.europesays.com\/pl\/wp-json\/wp\/v2\/posts\/50386","targetHints":{"allow":["GET"]}}],"collection":[{"href":"https:\/\/www.europesays.com\/pl\/wp-json\/wp\/v2\/posts"}],"about":[{"href":"https:\/\/www.europesays.com\/pl\/wp-json\/wp\/v2\/types\/post"}],"author":[{"embeddable":true,"href":"https:\/\/www.europesays.com\/pl\/wp-json\/wp\/v2\/users\/2"}],"replies":[{"embeddable":true,"href":"https:\/\/www.europesays.com\/pl\/wp-json\/wp\/v2\/comments?post=50386"}],"version-history":[{"count":0,"href":"https:\/\/www.europesays.com\/pl\/wp-json\/wp\/v2\/posts\/50386\/revisions"}],"wp:featuredmedia":[{"embeddable":true,"href":"https:\/\/www.europesays.com\/pl\/wp-json\/wp\/v2\/media\/50387"}],"wp:attachment":[{"href":"https:\/\/www.europesays.com\/pl\/wp-json\/wp\/v2\/media?parent=50386"}],"wp:term":[{"taxonomy":"category","embeddable":true,"href":"https:\/\/www.europesays.com\/pl\/wp-json\/wp\/v2\/categories?post=50386"},{"taxonomy":"post_tag","embeddable":true,"href":"https:\/\/www.europesays.com\/pl\/wp-json\/wp\/v2\/tags?post=50386"}],"curies":[{"name":"wp","href":"https:\/\/api.w.org\/{rel}","templated":true}]}}