{"id":503882,"date":"2026-06-19T10:41:22","date_gmt":"2026-06-19T10:41:22","guid":{"rendered":"https:\/\/www.europesays.com\/pl\/503882\/"},"modified":"2026-06-19T10:41:22","modified_gmt":"2026-06-19T10:41:22","slug":"sekacze-miody-i-rekodzielo-wraca-bialostocki-jarmark-swietojanski","status":"publish","type":"post","link":"https:\/\/www.europesays.com\/pl\/503882\/","title":{"rendered":"S\u0119kacze, miody i r\u0119kodzie\u0142o. Wraca Bia\u0142ostocki Jarmark \u015awi\u0119toja\u0144ski"},"content":{"rendered":"\n<p>            <img decoding=\"async\" class=\"art-figimg\" src=\"https:\/\/www.europesays.com\/pl\/wp-content\/uploads\/2026\/06\/149654-e.jpg\" width=\"375\" height=\"250\" alt=\"S\u0119kacze, miody i r\u0119kodzie\u0142o. Wraca Bia\u0142ostocki Jarmark \u015awi\u0119toja\u0144ski\" loading=\"lazy\" fetchpriority=\"high\"\/><br \/>\n            Fot: Fb: Jarmark Bia\u0142ystok<\/p>\n<p class=\"art-lid\">Ju\u017c w najbli\u017cszy weekend (od 19 do 21 czerwca) na Placu Marsza\u0142ka J\u00f3zefa Pi\u0142sudskiego odb\u0119dzie si\u0119 Bia\u0142ostocki Jarmark \u015awi\u0119toja\u0144ski. Wydarzenie b\u0119dzie okazj\u0105 do zakupu regionalnych produkt\u00f3w oraz obejrzenia pokaz\u00f3w tradycyjnego rzemios\u0142a.<\/p>\n<p class=\"art-cont\">Jarmark \u015awi\u0119toja\u0144ski to jedno z najbardziej lubianych wydarze\u0144 plenerowych w Bia\u0142ymstoku, kt\u00f3re przyci\u0105ga mieszka\u0144c\u00f3w i turyst\u00f3w.<\/p>\n<p>Swoje wyroby zaprezentuj\u0105 lokalni rzemie\u015blnicy i producenci z regionu. Na stoiskach pojawi\u0105 si\u0119 pami\u0105tki turystyczne z Bia\u0142egostoku i Podlasia, produkty pszczele, m.in. r\u00f3\u017cne gatunki miod\u00f3w, py\u0142ek kwiatowy i propolis, a tak\u017ce r\u0119cznie wykonywane ozdoby, dekoracje, kosmetyki oraz myd\u0142a zapachowe. Odwiedzaj\u0105cy b\u0119d\u0105 mogli tak\u017ce zakupi\u0107 tradycyjne w\u0119dliny wieprzowe i z dziczyzny, kie\u0142basy, kaszanki, chleby na zakwasie oraz sery zagrodowe z mleka krowiego i koziego.<\/p>\n<p>Ponadto w sprzeda\u017cy pojawi\u0105 si\u0119 wyroby z drewna, wikliny i ceramiki, upominki ze szk\u0142a, wyroby metalowe, lalkarstwo oraz bi\u017cuteri\u0119 z bursztynu, drewna, miedzi, mosi\u0105dzu i kamieni naturalnych. Mi\u0142o\u015bnicy regionalnych smak\u00f3w znajd\u0105 tu litewskie w\u0119dliny, chleby i kwas chlebowy, a tak\u017ce s\u0119kacze i mrowiska. Natomiast fani trunk\u00f3w rzemie\u015blniczych b\u0119d\u0105 mogli naby\u0107 piwo, kt\u00f3re zosta\u0142o wpisane na list\u0119 Produkt\u00f3w Tradycyjnych.<\/p>\n<p>Jarmark to tak\u017ce atrakcje dla rodzin z dzie\u0107mi. Przez ca\u0142y czas trwania imprezy dost\u0119pny b\u0119dzie dmuchany plac zabaw. Z kolei na niedziel\u0119 organizatorzy zaplanowali animacje dla najm\u0142odszych, wyst\u0119py zespo\u0142u ludowego \u201eDomaszowianie\u201d oraz pokaz rze\u017abienia w drewnie.<\/p>\n<p>Bia\u0142ostocki Jarmark \u015awi\u0119toja\u0144ski odbywa si\u0119 pod honorowym patronatem Prezydenta Miasta Bia\u0142egostoku. Wydarzenie \u0142\u0105czy ofert\u0119 handlow\u0105 z prezentacj\u0105 lokalnego r\u0119kodzie\u0142a, tradycji i regionalnej \u017cywno\u015bci.<\/p>\n<p>Portal Bia\u0142ystokOnline obj\u0105\u0142 wydarzenie patronatem medialnym.<\/p>\n<p>Wi\u0119cej informacji: <a href=\"https:\/\/www.bialystokonline.pl\/bialostocki-jarmark-swietojanski-2026,impreza,149979,9,1.html\" target=\"_blank\" rel=\"nofollow noopener\">Bia\u0142ostocki Jarmark \u015awi\u0119toja\u0144ski 2026<\/a><\/p>\n<p class=\"art-autimg\">\n<p>                            <img decoding=\"async\" class=\"art-autimgi\" src=\"https:\/\/www.europesays.com\/pl\/wp-content\/uploads\/2026\/06\/1781865682_672_avatar_1x.jpg\" alt=\"Diana Rusi\u0142owicz\" width=\"64\" height=\"64\" loading=\"lazy\"\/><\/p>\n<p class=\"art-autname\">Diana Rusi\u0142owicz<\/p>\n<p>24@bialystokonline.pl<\/p>\n<p>Przeczytaj tak\u017ce<\/p>\n<p>&#13;<br \/>\n&#13;<br \/>\n&#13;<br \/>\n<img loading=\"lazy\" decoding=\"async\" src=\"https:\/\/www.europesays.com\/pl\/wp-content\/uploads\/2026\/06\/1781865682_236_adlog.gif\" width=\"0\" height=\"0\" alt=\"\" style=\"width: 0px; height: 0px;\"\/><\/p>\n<p>Popularne dzisiaj<\/p>\n","protected":false},"excerpt":{"rendered":"Fot: Fb: Jarmark Bia\u0142ystok Ju\u017c w najbli\u017cszy weekend (od 19 do 21 czerwca) na Placu Marsza\u0142ka J\u00f3zefa Pi\u0142sudskiego&hellip;\n","protected":false},"author":2,"featured_media":503883,"comment_status":"","ping_status":"","sticky":false,"template":"","format":"standard","meta":{"footnotes":"","_share_on_mastodon":"0"},"categories":[51614],"tags":[2151,97906,51731,113,51730,3754,51738,51735,4041,1096,1089,399,20186,94502,17334,51736,2921,3840,51734,8736,97905,1232,120,7116,17265,19285,42,5083,38,40,39,41,6309,1756,97907,8815,38950,123,97904,800,4278,1323,51737,2879,253],"class_list":["post-503882","post","type-post","status-publish","format-standard","has-post-thumbnail","category-bialystok","tag-bialystok","tag-bialostocki-jarmark-swietojanski","tag-bialystokonline","tag-biznes","tag-bstok","tag-dom","tag-drobne","tag-firm","tag-firmy","tag-hotele","tag-imprezy","tag-informacje","tag-jarmark","tag-jarmark-swietojanski","tag-katalog","tag-kina","tag-koncert","tag-lokale","tag-miejski","tag-mieszkanie","tag-miody-i-rekodzielo-wraca-bialostocki-jarmark-swietojanski","tag-motoryzacja","tag-nauka","tag-ogloszenia","tag-on-line","tag-online","tag-pl","tag-podlasie","tag-poland","tag-polish","tag-polska","tag-polski","tag-portal","tag-praca","tag-rekodzielokultura-i-rozrywka","tag-repertuar","tag-rozklad","tag-rozrywka","tag-sekacze","tag-teatr","tag-turystyka","tag-uroda","tag-urzedy","tag-zakupy","tag-zdrowie"],"share_on_mastodon":{"url":"","error":"Validation failed: Text character limit of 500 exceeded"},"_links":{"self":[{"href":"https:\/\/www.europesays.com\/pl\/wp-json\/wp\/v2\/posts\/503882","targetHints":{"allow":["GET"]}}],"collection":[{"href":"https:\/\/www.europesays.com\/pl\/wp-json\/wp\/v2\/posts"}],"about":[{"href":"https:\/\/www.europesays.com\/pl\/wp-json\/wp\/v2\/types\/post"}],"author":[{"embeddable":true,"href":"https:\/\/www.europesays.com\/pl\/wp-json\/wp\/v2\/users\/2"}],"replies":[{"embeddable":true,"href":"https:\/\/www.europesays.com\/pl\/wp-json\/wp\/v2\/comments?post=503882"}],"version-history":[{"count":0,"href":"https:\/\/www.europesays.com\/pl\/wp-json\/wp\/v2\/posts\/503882\/revisions"}],"wp:featuredmedia":[{"embeddable":true,"href":"https:\/\/www.europesays.com\/pl\/wp-json\/wp\/v2\/media\/503883"}],"wp:attachment":[{"href":"https:\/\/www.europesays.com\/pl\/wp-json\/wp\/v2\/media?parent=503882"}],"wp:term":[{"taxonomy":"category","embeddable":true,"href":"https:\/\/www.europesays.com\/pl\/wp-json\/wp\/v2\/categories?post=503882"},{"taxonomy":"post_tag","embeddable":true,"href":"https:\/\/www.europesays.com\/pl\/wp-json\/wp\/v2\/tags?post=503882"}],"curies":[{"name":"wp","href":"https:\/\/api.w.org\/{rel}","templated":true}]}}