{"id":50392,"date":"2025-10-15T12:54:08","date_gmt":"2025-10-15T12:54:08","guid":{"rendered":"https:\/\/www.europesays.com\/pl\/50392\/"},"modified":"2025-10-15T12:54:08","modified_gmt":"2025-10-15T12:54:08","slug":"w-rezydencji-michaela-schumachera-zostala-zgwalcona-pielegniarka","status":"publish","type":"post","link":"https:\/\/www.europesays.com\/pl\/50392\/","title":{"rendered":"W rezydencji Michaela Schumachera zosta\u0142a zgwa\u0142cona piel\u0119gniarka"},"content":{"rendered":"<p class=\"Paragraph_desktopParagraph__Fd2e9\">Tylko nieliczni, najbardziej zaufani przyjaciele, a tak\u017ce cz\u0142onkowie personelu maj\u0105 dost\u0119p do posiad\u0142o\u015bci Schumacher\u00f3w. Nie inaczej by\u0142o w tym przypadku. Kilka lat temu regularnym go\u015bciem w domu w Gland by\u0142 jeden z bliskich koleg\u00f3w Micka Schumachera.<\/p>\n<p class=\"VideoPlayerText_videoPlayerText__zrtJk\">Dalszy ci\u0105g materia\u0142u pod wideo<\/p>\n<p class=\"Paragraph_desktopParagraph__Fd2e9\">Wedle medialnych doniesie\u0144 mowa tu o australijskim kierowcy, kt\u00f3ry dzi\u0119ki przyjacielowi, nie musia\u0142 wraca\u0107 do swojej odleg\u0142ej ojczyzny pomi\u0119dzy zawodami rozgrywanymi w Europie. M\u0119\u017cczyzna jest podobno &#8222;osob\u0105 stosunkowo nieznan\u0105, obecnie zawieszon\u0105 za doping&#8221;. Przed 2019 r. pr\u00f3bowa\u0142 dosta\u0107 si\u0119 do F1, ale z marnym skutkiem. Wraz z Mickiem by\u0142 widywany na galach, zdarza\u0142o im si\u0119 je\u017adzi\u0107 po tych samych torach.<\/p>\n<p class=\"Paragraph_desktopParagraph__Fd2e9\">To on mia\u0142 dopu\u015bci\u0107 si\u0119 gwa\u0142tu na piel\u0119gniarce, kt\u00f3ra pracowa\u0142a w\u00f3wczas w rezydencji.<\/p>\n<p>Oto co mia\u0142o sta\u0107 si\u0119 w rezydencji Schumacher\u00f3w<\/p>\n<p class=\"Paragraph_desktopParagraph__Fd2e9\">Do opisywanej sytuacji mia\u0142o doj\u015b\u0107 w listopadzie 2019 r. Kierowca oraz piel\u0119gniarka natkn\u0119li si\u0119 na siebie w\u00f3wczas nie pierwszy raz. On utrzymywa\u0142, \u017ce pozostawali w kole\u017ce\u0144skiej relacji, natomiast kobieta twierdzi\u0142a, \u017ce traktowa\u0142a go jedynie jako przyjaciela rodziny.<\/p>\n<p class=\"Paragraph_desktopParagraph__Fd2e9\">Tego wieczoru zorganizowano ma\u0142\u0105, suto zakrapian\u0105 alkoholem imprez\u0119. Gdy kobieta nie by\u0142a ju\u017c w stanie sta\u0107 na w\u0142asnych nogach, kole\u017canki odprowadzi\u0142y j\u0105 do pomieszczenia dla personelu. Nied\u0142ugo p\u00f3\u017aniej mia\u0142 pojawi\u0107 si\u0119 tam kierowca, kt\u00f3ry wykorzystuj\u0105c jej stan, dwukrotnie mia\u0142 dopu\u015bci\u0107 si\u0119 przest\u0119pstwa seksualnego.<\/p>\n<p class=\"Paragraph_desktopParagraph__Fd2e9\">Nast\u0119pnego dnia kobieta nic nie pami\u0119ta\u0142a, ale zacz\u0119\u0142a podejrzewa\u0107, co mog\u0142o wydarzy\u0107 si\u0119 ostatniej nocy. &#8222;Nast\u0119pnego dnia ma kaca. Ofiara nic nie pami\u0119ta. Jednak fizyczne i materialne dowody budz\u0105 w\u0105tpliwo\u015bci. Nast\u0119pnie wymienia na ten temat wiadomo\u015bci z kierowc\u0105, kt\u00f3ry rzekomo si\u0119 zdradzi\u0142. Dowody zosta\u0142y dodane do akt. Rozumiej\u0105c, co si\u0119 z ni\u0105 sta\u0142o, ofiara prosi go, aby nigdy wi\u0119cej si\u0119 do niej nie zbli\u017ca\u0142 i pr\u00f3buje i\u015b\u0107 dalej&#8221; \u2014 czytamy.<\/p>\n<p class=\"Paragraph_desktopParagraph__Fd2e9\">Ostatecznie jednak po dw\u00f3ch latach od tego wydarzenia w styczniu 2022 r. piel\u0119gniarka z\u0142o\u017cy\u0142a zawiadomienie o przest\u0119pstwie. Nied\u0142ugo wcze\u015bniej zosta\u0142a zwolniona przez rodzin\u0119 Schumacher\u00f3w, cho\u0107 jak twierdzi\u0142a, nie wydarzy\u0142o si\u0119 nic, co mog\u0142oby sk\u0142oni\u0107 ich do takiej decyzji. Podkre\u015bli\u0142a jednak, \u017ce sta\u0142o si\u0119 to tu\u017c po tym, jak oskar\u017cany przez ni\u0105 m\u0119\u017cczyzna przebywa\u0142 w Gland.<\/p>\n<p class=\"Paragraph_desktopParagraph__Fd2e9\">Rozpraw\u0119 zaplanowano na \u015brod\u0119, ale nie wiadomo, czy si\u0119 odb\u0119dzie ze wzgl\u0119du na mo\u017cliw\u0105 absencj\u0119 oskar\u017conego. Podobno od kilku miesi\u0119cy nie uda\u0142o si\u0119 nawi\u0105za\u0107 z nim kontaktu.<\/p>\n<p class=\"Paragraph_desktopParagraph__Fd2e9\">Co istotne, rodzina Schumacher\u00f3w w og\u00f3le nie jest obj\u0119ta post\u0119powaniem karnym. \u017baden z jej cz\u0142onk\u00f3w nie by\u0142 obecny w willi w momencie zdarzenia.<\/p>\n","protected":false},"excerpt":{"rendered":"Tylko nieliczni, najbardziej zaufani przyjaciele, a tak\u017ce cz\u0142onkowie personelu maj\u0105 dost\u0119p do posiad\u0142o\u015bci Schumacher\u00f3w. Nie inaczej by\u0142o w&hellip;\n","protected":false},"author":2,"featured_media":50393,"comment_status":"","ping_status":"","sticky":false,"template":"","format":"standard","meta":{"footnotes":""},"categories":[24],"tags":[67,194,13686,13685,129,42,38,40,39,41,136,10977,128,47,127,135,126],"class_list":{"0":"post-50392","1":"post","2":"type-post","3":"status-publish","4":"format-standard","5":"has-post-thumbnail","7":"category-sport","8":"tag-intextvideo_splayer","9":"tag-maja","10":"tag-michael_schumacher","11":"tag-mick_schumacher","12":"tag-ofsajd","13":"tag-pl","14":"tag-poland","15":"tag-polish","16":"tag-polska","17":"tag-polski","18":"tag-ps_detal_new","19":"tag-ps_sts_tst0","20":"tag-psv2","21":"tag-screening_general","22":"tag-sport","23":"tag-sport_sport","24":"tag-sports"},"share_on_mastodon":{"url":"","error":""},"_links":{"self":[{"href":"https:\/\/www.europesays.com\/pl\/wp-json\/wp\/v2\/posts\/50392","targetHints":{"allow":["GET"]}}],"collection":[{"href":"https:\/\/www.europesays.com\/pl\/wp-json\/wp\/v2\/posts"}],"about":[{"href":"https:\/\/www.europesays.com\/pl\/wp-json\/wp\/v2\/types\/post"}],"author":[{"embeddable":true,"href":"https:\/\/www.europesays.com\/pl\/wp-json\/wp\/v2\/users\/2"}],"replies":[{"embeddable":true,"href":"https:\/\/www.europesays.com\/pl\/wp-json\/wp\/v2\/comments?post=50392"}],"version-history":[{"count":0,"href":"https:\/\/www.europesays.com\/pl\/wp-json\/wp\/v2\/posts\/50392\/revisions"}],"wp:featuredmedia":[{"embeddable":true,"href":"https:\/\/www.europesays.com\/pl\/wp-json\/wp\/v2\/media\/50393"}],"wp:attachment":[{"href":"https:\/\/www.europesays.com\/pl\/wp-json\/wp\/v2\/media?parent=50392"}],"wp:term":[{"taxonomy":"category","embeddable":true,"href":"https:\/\/www.europesays.com\/pl\/wp-json\/wp\/v2\/categories?post=50392"},{"taxonomy":"post_tag","embeddable":true,"href":"https:\/\/www.europesays.com\/pl\/wp-json\/wp\/v2\/tags?post=50392"}],"curies":[{"name":"wp","href":"https:\/\/api.w.org\/{rel}","templated":true}]}}