{"id":504073,"date":"2026-06-19T12:37:13","date_gmt":"2026-06-19T12:37:13","guid":{"rendered":"https:\/\/www.europesays.com\/pl\/504073\/"},"modified":"2026-06-19T12:37:13","modified_gmt":"2026-06-19T12:37:13","slug":"wiecha-zawisla-na-remontowanym-hospicjum-im-ks-eugeniusza-dutkiewicza","status":"publish","type":"post","link":"https:\/\/www.europesays.com\/pl\/504073\/","title":{"rendered":"Wiecha zawis\u0142a na remontowanym Hospicjum im. ks. Eugeniusza Dutkiewicza"},"content":{"rendered":"<p class=\"lead\">Na budynku <a href=\"https:\/\/www.trojmiasto.pl\/Hospicjum-im-ks-E-Dutkiewicza-SAC-o9367.html\" data-tklik=\"391244\" rel=\"nofollow noopener\" target=\"_blank\">Hospicjum im. ks. Eugeniusza Dutkiewicza<\/a> przy <a data-tklik=\"89752\" href=\"https:\/\/mapa.trojmiasto.pl\/#\/location\/-52.76,174.65\/map\/-52.43,174.97,5,b,0;1;24;37\" onclick=\"openMap(this.href); return false;\" target=\"_blank\" title=\"zobacz na mapie Sopotu\" rel=\"nofollow noopener\">ul. Kopernika<img decoding=\"async\" class=\"icon-map\" src=\"https:\/\/www.trojmiasto.pl\/_img\/svg\/ico-map-flat.svg\" alt=\"Mapka\"\/><\/a> w\u00a0Gda\u0144sku zawis\u0142a wiecha, symbolicznie oznaczaj\u0105c zako\u0144czenie jednego z\u00a0kluczowych etap\u00f3w trwaj\u0105cej modernizacji plac\u00f3wki.<\/p>\n<p>            <a class=\"tableOfContents__link\" href=\"#subtitle_1\">Lepsze warunki dla podopiecznych hospicjum<\/a><\/p>\n<p>            <a class=\"tableOfContents__link\" href=\"#subtitle_2\">Jedna z\u00a0najwi\u0119kszych inwestycji Fundacji Hospicyjnej. <\/a><\/p>\n<p>Lepsze warunki dla podopiecznych hospicjum<\/p>\n<p>Przebudowa hospicjum rozpocz\u0119\u0142a si\u0119 po ponad dw\u00f3ch dekadach funkcjonowania obiektu. Celem inwestycji jest stworzenie bardziej komfortowych i\u00a0funkcjonalnych warunk\u00f3w dla pacjent\u00f3w oraz ich rodzin. Modernizacja obejmuje zar\u00f3wno zmiany konstrukcyjne, jak i\u00a0ca\u0142kowit\u0105 reorganizacj\u0119 wn\u0119trza.<\/p>\n<p><a href=\"https:\/\/www.trojmiasto.pl\/zdrowie\/Ponad-13-Aniolow-i-100-tys-dla-Hospicjum-Rekordowa-7-edycja-n221018.html\" data-tklik=\"816974\" class=\"marker-news component newsMarker\" rel=\"nofollow noopener\" target=\"_blank\"><br \/>\n            <img decoding=\"async\" src=\"https:\/\/www.europesays.com\/pl\/wp-content\/uploads\/2026\/06\/4343056__kr.webp\" alt=\"Ponad 1,3 Anio\u0142\u00f3w i 100 tys. dla Hospicjum. Rekordowa 7. edycja\" class=\"lazy newsMarker__img\"\/><br \/>\n        Ponad 1,3 Anio\u0142\u00f3w i 100 tys. dla Hospicjum. Rekordowa 7. edycja<br \/>\n<\/a><\/p>\n<p>Po zako\u0144czeniu prac pacjenci b\u0119d\u0105 mogli korzysta\u0107 z\u00a0wi\u0119kszych sal wyposa\u017conych w\u00a0indywidualne w\u0119z\u0142y sanitarne. Powstan\u0105 tak\u017ce nowe przestrzenie wsp\u00f3lne, zaplecze dla hospicjum domowego, poradnie medycyny paliatywnej oraz centrum wolontariatu. Budynek zostanie wyposa\u017cony w\u00a0nowoczesne systemy wentylacji i\u00a0klimatyzacji, a\u00a0tak\u017ce rozwi\u0105zania poprawiaj\u0105ce efektywno\u015b\u0107 energetyczn\u0105.<\/p>\n<p>&#8211; Zawieszenie wiechy to wa\u017cny moment dla ca\u0142ego zespo\u0142u i\u00a0wszystkich os\u00f3b wspieraj\u0105cych t\u0119 inwestycj\u0119. Oznacza, \u017ce kolejny etap prac jest ju\u017c za nami, a\u00a0wizja nowoczesnego, przyjaznego miejsca dla naszych pacjent\u00f3w staje si\u0119 coraz bardziej realna &#8211; podkre\u015blaj\u0105 przedstawiciele Fundacji Hospicyjnej.<br \/>W czasie prowadzenia rob\u00f3t pacjenci hospicjum stacjonarnego przebywaj\u0105 w\u00a0tymczasowej lokalizacji w\u00a0<a href=\"https:\/\/www.trojmiasto.pl\/Centrum-Opieki-Wytchnieniowej-o79519.html\" data-tklik=\"491042\" rel=\"nofollow noopener\" target=\"_blank\">Centrum Opieki Wytchnieniowej<\/a> przy ul. Kopernika. Opieka medyczna i\u00a0piel\u0119gniarska realizowana jest bez zmian.<\/p>\n<p>Jedna z\u00a0najwi\u0119kszych inwestycji Fundacji Hospicyjnej. <\/p>\n<p>Modernizacja hospicjum jest jedn\u0105 z\u00a0najwa\u017cniejszych inwestycji Fundacji Hospicyjnej ostatnich lat. Jej celem jest nie tylko dostosowanie obiektu do wsp\u00f3\u0142czesnych standard\u00f3w opieki paliatywnej, ale przede wszystkim zapewnienie wi\u0119kszej prywatno\u015bci, bezpiecze\u0144stwa i\u00a0komfortu osobom znajduj\u0105cym si\u0119 u\u00a0kresu \u017cycia oraz ich bliskim. Po powrocie do odnowionej siedziby pacjenci i\u00a0personel b\u0119d\u0105 mogli korzysta\u0107 z\u00a0przestrzeni odpowiadaj\u0105cej wsp\u00f3\u0142czesnym potrzebom opieki hospicyjnej.<\/p>\n<p>&#8211; Ksi\u0105dz Dutkiewicz by\u0142 marzycielem i\u00a0to miejsce mia\u0142o by\u0107 w\u00a0opozycji do szpitala. Nie jarzeni\u00f3wka w\u00a0oczy, tylko ciep\u0142e \u015bwiat\u0142o, nie bia\u0142e \u015bciany i\u00a0bia\u0142e drzwi, ale drewno i\u00a0ciep\u0142o. Dutkiewicz chcia\u0142, \u017ceby to by\u0142 taki przedsionek nieba &#8211; wspomina\u0142a Alicja Stolarczyk, cz\u0142onek Rady Fundacji Hospicyjnej.<br \/><a href=\"https:\/\/www.trojmiasto.pl\/zdrowie\/Psy-i-koty-odwiedza-pacjentow-w-szpitalach-n220023.html\" data-tklik=\"53513\" class=\"marker-news component newsMarker\" rel=\"nofollow noopener\" target=\"_blank\"><br \/>\n            <img decoding=\"async\" src=\"https:\/\/www.europesays.com\/pl\/wp-content\/uploads\/2026\/06\/4327163__kr.webp\" alt=\"Psy i koty odwiedz\u0105 pacjent\u00f3w w szpitalach?\" class=\"lazy newsMarker__img\"\/><br \/>\n        Psy i koty odwiedz\u0105 pacjent\u00f3w w szpitalach?<br \/>\n<\/a><\/p>\n<p>Zako\u0144czenie przebudowy planowane jest na jesieni tego roku. Ca\u0142a inwestycja jest wyceniana na ok. 20 mln z\u0142.<\/p>\n<p>                                    <a data-tklik=\"519458\" href=\"https:\/\/katalog.trojmiasto.pl\/zdrowie_i_medycyna\/hospicja\/\" rel=\"nofollow noopener\" target=\"_blank\"><br \/>\n                                                    Katalog.trojmiasto.pl \u2013<br \/>\n                                                                    Hospicja<br \/>\n                                                                    <\/a><\/p>\n<p>                <a data-tklik=\"519458\" href=\"https:\/\/katalog.trojmiasto.pl\/zdrowie_i_medycyna\/hospicja\/\" rel=\"nofollow noopener\" target=\"_blank\"><br \/>\n                    wi\u0119cej<\/p>\n<p>                <\/a><\/p>\n","protected":false},"excerpt":{"rendered":"Na budynku Hospicjum im. ks. Eugeniusza Dutkiewicza przy ul. Kopernika w\u00a0Gda\u0144sku zawis\u0142a wiecha, symbolicznie oznaczaj\u0105c zako\u0144czenie jednego z\u00a0kluczowych&hellip;\n","protected":false},"author":2,"featured_media":504074,"comment_status":"","ping_status":"","sticky":false,"template":"","format":"standard","meta":{"footnotes":"","_share_on_mastodon":"0"},"categories":[51610],"tags":[425,7677,10314,71033,1048,27588,97927,2610,146,54461,10268,91082,10013,10284,35580,22794,45991,42,30188,38,40,39,41,59573,8948,2612,3805,50607,4518,82264,97926,28600,17425,22753],"class_list":["post-504073","post","type-post","status-publish","format-standard","has-post-thumbnail","category-gdansk","tag-bezpieczenstwo","tag-budynek","tag-etap","tag-fundacja-hospicyjna","tag-gdansk","tag-hospicjum","tag-hospicjum-im-ks-eugeniusza-dutkiewicza","tag-inwestycja","tag-klimatyzacja","tag-komfort","tag-kopernik","tag-kopernika","tag-medycyna","tag-modernizacja","tag-opieka","tag-pacjent","tag-personel","tag-pl","tag-placowka","tag-poland","tag-polish","tag-polska","tag-polski","tag-poradnia","tag-przebudowa","tag-rodzina","tag-sala","tag-symbol","tag-ulica","tag-wentylacja","tag-wezel-sanitarny","tag-wiecha","tag-wolontariat","tag-zakonczenie"],"share_on_mastodon":{"url":"https:\/\/pubeurope.com\/@pl\/116776813259291514","error":""},"_links":{"self":[{"href":"https:\/\/www.europesays.com\/pl\/wp-json\/wp\/v2\/posts\/504073","targetHints":{"allow":["GET"]}}],"collection":[{"href":"https:\/\/www.europesays.com\/pl\/wp-json\/wp\/v2\/posts"}],"about":[{"href":"https:\/\/www.europesays.com\/pl\/wp-json\/wp\/v2\/types\/post"}],"author":[{"embeddable":true,"href":"https:\/\/www.europesays.com\/pl\/wp-json\/wp\/v2\/users\/2"}],"replies":[{"embeddable":true,"href":"https:\/\/www.europesays.com\/pl\/wp-json\/wp\/v2\/comments?post=504073"}],"version-history":[{"count":0,"href":"https:\/\/www.europesays.com\/pl\/wp-json\/wp\/v2\/posts\/504073\/revisions"}],"wp:featuredmedia":[{"embeddable":true,"href":"https:\/\/www.europesays.com\/pl\/wp-json\/wp\/v2\/media\/504074"}],"wp:attachment":[{"href":"https:\/\/www.europesays.com\/pl\/wp-json\/wp\/v2\/media?parent=504073"}],"wp:term":[{"taxonomy":"category","embeddable":true,"href":"https:\/\/www.europesays.com\/pl\/wp-json\/wp\/v2\/categories?post=504073"},{"taxonomy":"post_tag","embeddable":true,"href":"https:\/\/www.europesays.com\/pl\/wp-json\/wp\/v2\/tags?post=504073"}],"curies":[{"name":"wp","href":"https:\/\/api.w.org\/{rel}","templated":true}]}}