{"id":5043,"date":"2025-09-19T17:41:09","date_gmt":"2025-09-19T17:41:09","guid":{"rendered":"https:\/\/www.europesays.com\/pl\/5043\/"},"modified":"2025-09-19T17:41:09","modified_gmt":"2025-09-19T17:41:09","slug":"rakow-rozczarowuje-papszun-pseudospektakl-ekstraklasa","status":"publish","type":"post","link":"https:\/\/www.europesays.com\/pl\/5043\/","title":{"rendered":"Rak\u00f3w rozczarowuje. Papszun: &#8222;Pseudospektakl&#8221; &#8211; Ekstraklasa"},"content":{"rendered":"<p data-start=\"178\" data-end=\"401\">Rak\u00f3w Cz\u0119stochowa zaliczy\u0142 bardzo s\u0142aby wyst\u0119p w\u00a0ostatnim meczu Ekstraklasy, przegrywaj\u0105c na\u00a0w\u0142asnym stadionie z\u00a0G\u00f3rnikiem Zabrze 0:1. Trener Marek Papszun zabra\u0142 g\u0142os po\u00a0spotkaniu, kieruj\u0105c szczere s\u0142owa do\u00a0kibic\u00f3w.<\/p>\n<p data-start=\"403\" data-end=\"598\">Pocz\u0105tek sezonu 2025\/2026 nie\u00a0uk\u0142ada si\u0119 po\u00a0my\u015bli cz\u0119stochowskiego klubu. Po\u00a0sze\u015bciu rozegranych kolejkach zesp\u00f3\u0142 ma\u00a0na\u00a0koncie jedynie sze\u015b\u0107 punkt\u00f3w, co\u00a0daje dopiero 16. pozycj\u0119 w\u00a0tabeli ligowej.<\/p>\n<p>Marek Papszun: \u201eTo by\u0142 pseudospektakl\u201d. Rak\u00f3w rozczarowuje w\u00a0Ekstraklasie<\/p>\n<p data-start=\"600\" data-end=\"910\">W\u00a0miniony weekend Rak\u00f3w podejmowa\u0142 G\u00f3rnika Zabrze. Spotkanie zako\u0144czy\u0142o si\u0119 wygran\u0105 go\u015bci po\u00a0trafieniu Ousmane\u2019a Sowa. Gra dru\u017cyny prowadzonej przez\u00a0Marka Papszuna mocno odbiega\u0142a od\u00a0oczekiwa\u0144 \u2013 w\u00a0pierwszej po\u0142owie zawodnicy oddali zaledwie jeden celny strza\u0142. Po\u00a0zmianie stron sytuacja niewiele si\u0119 poprawi\u0142a.<\/p>\n<p data-start=\"912\" data-end=\"1053\">Przed\u00a0kolejnym meczem ligowym trener Rakowa wzi\u0105\u0142 udzia\u0142 w\u00a0konferencji prasowej, na\u00a0kt\u00f3rej\u00a0odni\u00f3s\u0142 si\u0119 do\u00a0ostatniego wyst\u0119pu swojego zespo\u0142u.<\/p>\n<p data-start=\"1055\" data-end=\"1226\">\u2013 Jest mi\u00a0przykro, \u017ce\u00a0kibice w\u00a0meczu z\u00a0G\u00f3rnikiem ogl\u0105dali taki pseudospektakl w\u00a0pierwszej po\u0142owie \u2013 powiedzia\u0142 Papszun. \u2013\u00a0Mamy \u015bwietn\u0105 szatni\u0119 i\u00a0naprawd\u0119 atmosfera jest dobra. Na\u00a0pewno wszyscy chcemy zacz\u0105\u0107 wygrywa\u0107. Dlatego tym bardziej by\u0142em zdziwiony pierwsz\u0105 po\u0142ow\u0105, bo\u00a0brak\u0142o nam mentalu po\u00a0stracie gola, poddali\u015bmy si\u0119. W\u00a0tym tygodniu pracowali\u015bmy nad\u00a0mentalno\u015bci\u0105 \u2013 przekonywa\u0142 jednak p\u00f3\u017aniej trener Rakowa Cz\u0119stochowa.<\/p>\n<blockquote class=\"twitter-tweet\">\n<p dir=\"ltr\" lang=\"pl\">Marek Papszun: \u2013 Jest mi\u00a0przykro, \u017ce\u00a0kibice w\u00a0meczu z\u00a0G\u00f3rnikiem ogl\u0105dali taki pseudospektakl w\u00a0pierwszej po\u0142owie.<\/p>\n<p>Mocne. \ud83d\ude33<\/p>\n<p>\u2014\u00a0Kamil G\u0142\u0119bocki (@kamilglebocki) <a href=\"https:\/\/twitter.com\/kamilglebocki\/status\/1969006490049528141?ref_src=twsrc%5Etfw\" rel=\"nofollow noopener\" target=\"_blank\">September 19, 2025<\/a><\/p>\n<\/blockquote>\n<p data-start=\"1228\" data-end=\"1360\">Ju\u017c w\u00a0najbli\u017csz\u0105 sobot\u0119 Rak\u00f3w zmierzy si\u0119 z\u00a0Legi\u0105 Warszawa, co\u00a0zapowiada si\u0119 jako kolejne trudne wyzwanie dla dru\u017cyny z\u00a0Cz\u0119stochowy. Pocz\u0105tek spotkania o\u00a0godzinie 20:15.<\/p>\n<p data-start=\"1228\" data-end=\"1360\">CZYTAJ WI\u0118CEJ O\u00a0EKSTRAKLASIE:<\/p>\n<p>                    <script async src=\"https:\/\/platform.twitter.com\/widgets.js\" charset=\"utf-8\"><\/script><\/p>\n","protected":false},"excerpt":{"rendered":"Rak\u00f3w Cz\u0119stochowa zaliczy\u0142 bardzo s\u0142aby wyst\u0119p w\u00a0ostatnim meczu Ekstraklasy, przegrywaj\u0105c na\u00a0w\u0142asnym stadionie z\u00a0G\u00f3rnikiem Zabrze 0:1. Trener Marek Papszun&hellip;\n","protected":false},"author":2,"featured_media":5044,"comment_status":"","ping_status":"","sticky":false,"template":"","format":"standard","meta":{"footnotes":""},"categories":[24],"tags":[2221,42,38,40,39,41,2369,127,126],"class_list":{"0":"post-5043","1":"post","2":"type-post","3":"status-publish","4":"format-standard","5":"has-post-thumbnail","7":"category-sport","8":"tag-marek-papszun","9":"tag-pl","10":"tag-poland","11":"tag-polish","12":"tag-polska","13":"tag-polski","14":"tag-rakow-czestochowa","15":"tag-sport","16":"tag-sports"},"share_on_mastodon":{"url":"","error":""},"_links":{"self":[{"href":"https:\/\/www.europesays.com\/pl\/wp-json\/wp\/v2\/posts\/5043","targetHints":{"allow":["GET"]}}],"collection":[{"href":"https:\/\/www.europesays.com\/pl\/wp-json\/wp\/v2\/posts"}],"about":[{"href":"https:\/\/www.europesays.com\/pl\/wp-json\/wp\/v2\/types\/post"}],"author":[{"embeddable":true,"href":"https:\/\/www.europesays.com\/pl\/wp-json\/wp\/v2\/users\/2"}],"replies":[{"embeddable":true,"href":"https:\/\/www.europesays.com\/pl\/wp-json\/wp\/v2\/comments?post=5043"}],"version-history":[{"count":0,"href":"https:\/\/www.europesays.com\/pl\/wp-json\/wp\/v2\/posts\/5043\/revisions"}],"wp:featuredmedia":[{"embeddable":true,"href":"https:\/\/www.europesays.com\/pl\/wp-json\/wp\/v2\/media\/5044"}],"wp:attachment":[{"href":"https:\/\/www.europesays.com\/pl\/wp-json\/wp\/v2\/media?parent=5043"}],"wp:term":[{"taxonomy":"category","embeddable":true,"href":"https:\/\/www.europesays.com\/pl\/wp-json\/wp\/v2\/categories?post=5043"},{"taxonomy":"post_tag","embeddable":true,"href":"https:\/\/www.europesays.com\/pl\/wp-json\/wp\/v2\/tags?post=5043"}],"curies":[{"name":"wp","href":"https:\/\/api.w.org\/{rel}","templated":true}]}}