{"id":504327,"date":"2026-06-19T15:14:10","date_gmt":"2026-06-19T15:14:10","guid":{"rendered":"https:\/\/www.europesays.com\/pl\/504327\/"},"modified":"2026-06-19T15:14:10","modified_gmt":"2026-06-19T15:14:10","slug":"jest-rozejm-miedzy-izraelem-a-hezbollahem-juz-obowiazuje","status":"publish","type":"post","link":"https:\/\/www.europesays.com\/pl\/504327\/","title":{"rendered":"Jest rozejm mi\u0119dzy Izraelem a Hezbollahem. Ju\u017c obowi\u0105zuje"},"content":{"rendered":"<p>Rozejm obowi\u0105zuje od godz. 16 czasu lokalnego, czyli od godz. 15 czasu polskiego.<\/p>\n<p>Rzecznik Si\u0142 Obronnych Izraela przekaza\u0142 jednak, \u017ce izraelscy \u017co\u0142nierze pozostan\u0105 w Libanie w &#8222;strefie buforowej&#8221;, tak d\u0142ugo, jak d\u0142ugo Hezbollah stanowi zagro\u017cenie dla obywateli Izraela.<\/p>\n<p> Dalszy ci\u0105g artyku\u0142u pod materia\u0142em wideo Zawieszenie broni wesz\u0142o w \u017cycie<\/p>\n<p>Dwa \u017ar\u00f3d\u0142a w Hezbollahu przekaza\u0142y Agencji Reutera, \u017ce ich ugrupowanie zastosowa\u0142o si\u0119 do zawieszenia broni, gdy tylko otrzyma\u0142o informacj\u0119 o nim. Reuters przytacza tak\u017ce wypowied\u017a jednego z wysokich rang\u0105 izraelskich urz\u0119dnik\u00f3w, kt\u00f3ry zaznaczy\u0142, \u017ce zawieszenie broni b\u0119dzie obowi\u0105zywa\u0107, dop\u00f3ki Hezbollah nie zaatakuje Izraela. \u2014 W takim wypadku b\u0119dziemy w stanie wojny \u2014 oznajmi\u0142.<\/p>\n<p>Jak podaje agencja AFP, kolejne rozejmy mi\u0119dzy Izraelem a szyickim Hezbollahem \u2014 ugrupowaniem terrorystycznym, a zarazem wp\u0142ywow\u0105 parti\u0105 polityczn\u0105 \u2014 wynegocjowali ameryka\u0144scy i katarscy mediatorzy po rozmowach mi\u0119dzy stron\u0105 izraelsk\u0105 a Iranem.<\/p>\n<p>     Binjamin Netanjahu: Izrael nie zaakceptuje \u017cadnego ataku<\/p>\n<p>Wcze\u015bniej w pi\u0105tek premier Izraela Binjamin Netanjahu o\u015bwiadczy\u0142, \u017ce si\u0142y izraelskie pozostan\u0105 w Libanie tak d\u0142ugo, jak to b\u0119dzie konieczne, aby chroni\u0107 tereny na p\u00f3\u0142nocy kraju \u2014 przekaza\u0142a agencja AFP.<\/p>\n<p>Netanjahu doda\u0142, \u017ce Izrael zmusi Hezbollah &#8222;do zap\u0142acenia bardzo wysokiej ceny&#8221; za \u015bmier\u0107 czterech izraelskich \u017co\u0142nierzy w ataku tej organizacji w nocy z czwartku na pi\u0105tek w liba\u0144skiej wiosce Kfar Tebnit. \u2014 Izrael nie zaakceptuje \u017cadnego ataku na naszych \u017co\u0142nierzy ani nasze terytorium \u2014 o\u015bwiadczy\u0142.<\/p>\n<p>     Ataki nie ustawa\u0142yW \u015brod\u0119, jak informowa\u0142y ameryka\u0144skie media, prezydenci USA i Iranu <a href=\"https:\/\/wiadomosci.onet.pl\/swiat\/usa-i-iran-podpisaly-wstepne-porozumienie-ma-zakonczyc-wojne\/50yd1yt\" id=\"4328aa72-d344-4c91-acc9-a6c1b09ad956\" rel=\"nofollow noopener\" target=\"_blank\">podpisali wst\u0119pne porozumienie ko\u0144cz\u0105ce wojn\u0119 na Bliskim Wschodzie<\/a>. Mimo to agresja mi\u0119dzy Izraelem a wspieranym przez Iran Hezbollahem nie usta\u0142a. Do atak\u00f3w dochodzi\u0142o jeszcze w pi\u0105tek rano. <a href=\"https:\/\/wiadomosci.onet.pl\/swiat\/domagamy-sie-donald-trump-wspomnial-o-izraelu-i-libanie\/yycp7wq\" id=\"ce6b6a72-7fb3-4072-b752-cf002068af62\" rel=\"nofollow noopener\" target=\"_blank\">Donald Trump kilkukrotnie apelowa\u0142<\/a> do &#8222;wszystkich w regionie Bliskiego Wschodu do podtrzymywania swojego zaanga\u017cowania&#8221; w dzia\u0142ania na rzecz pokoju.Na pocz\u0105tku czerwca <a href=\"https:\/\/wiadomosci.onet.pl\/swiat\/hezbollah-zabral-glos-w-sprawie-rozejmu-izraela-z-libanem-zapadla-decyzja\/8dvrr3g\" id=\"4816da8e-1742-4d2c-b5a7-9f36e5546abd\" rel=\"nofollow noopener\" target=\"_blank\">Hezbollah odrzuci\u0142 propozycj\u0119 zawieszenia broni wynegocjowan\u0105 przez izraelskich i liba\u0144skich dyplomat\u00f3w<\/a>. Wcze\u015bniej <a href=\"https:\/\/wiadomosci.onet.pl\/swiat\/izrael-i-liban-oglaszaja-zawieszenie-broni-wskazano-kluczowy-warunek\/hth62wf?utm_source=wiadomosci.onet.pl_viasg_wiadomosci&amp;utm_medium=referal&amp;utm_campaign=leo_automatic&amp;srcc=undefined&amp;utm_v=2\" id=\"e5f2b8bd-1ce6-4410-885e-fbb7a7c7146f\" rel=\"nofollow noopener\" target=\"_blank\">przedstawiciele w\u0142adz Izraela i Libanu o\u015bwiadczyli, \u017ce zgodzili si\u0119 na wznowienie zawieszenia broni,<\/a> zawartego pierwotnie w kwietniu. Warunkiem umowy jest ca\u0142kowite zaprzestanie walk przez Hezbollah i wycofanie wszystkich jego bojownik\u00f3w z po\u0142udnia Libanu.<\/p>\n","protected":false},"excerpt":{"rendered":"Rozejm obowi\u0105zuje od godz. 16 czasu lokalnego, czyli od godz. 15 czasu polskiego. Rzecznik Si\u0142 Obronnych Izraela przekaza\u0142&hellip;\n","protected":false},"author":2,"featured_media":488363,"comment_status":"","ping_status":"","sticky":false,"template":"","format":"standard","meta":{"footnotes":"","_share_on_mastodon":"0"},"categories":[5],"tags":[905,61195,32,33,36,37,27,3660,663,91,34,35,3659,28,31,48,25,46,42,38,40,39,41,47,80,29,30,26,892],"class_list":["post-504327","post","type-post","status-publish","format-standard","has-post-thumbnail","category-naglowki","tag-bliski_wschod","tag-bottomfeed_styl","tag-breaking-news","tag-breakingnews","tag-featured-news","tag-featurednews","tag-headlines","tag-hezbollah","tag-iran","tag-izrael","tag-latest-news","tag-latestnews","tag-liban","tag-naglowki","tag-najwazniejsze-artykuly","tag-nat_styl","tag-news","tag-omp","tag-pl","tag-poland","tag-polish","tag-polska","tag-polski","tag-screening_general","tag-swiat","tag-top-stories","tag-topstories","tag-wiadomosci","tag-wojna"],"share_on_mastodon":{"url":"https:\/\/pubeurope.com\/@pl\/116777429467129653","error":""},"_links":{"self":[{"href":"https:\/\/www.europesays.com\/pl\/wp-json\/wp\/v2\/posts\/504327","targetHints":{"allow":["GET"]}}],"collection":[{"href":"https:\/\/www.europesays.com\/pl\/wp-json\/wp\/v2\/posts"}],"about":[{"href":"https:\/\/www.europesays.com\/pl\/wp-json\/wp\/v2\/types\/post"}],"author":[{"embeddable":true,"href":"https:\/\/www.europesays.com\/pl\/wp-json\/wp\/v2\/users\/2"}],"replies":[{"embeddable":true,"href":"https:\/\/www.europesays.com\/pl\/wp-json\/wp\/v2\/comments?post=504327"}],"version-history":[{"count":0,"href":"https:\/\/www.europesays.com\/pl\/wp-json\/wp\/v2\/posts\/504327\/revisions"}],"wp:featuredmedia":[{"embeddable":true,"href":"https:\/\/www.europesays.com\/pl\/wp-json\/wp\/v2\/media\/488363"}],"wp:attachment":[{"href":"https:\/\/www.europesays.com\/pl\/wp-json\/wp\/v2\/media?parent=504327"}],"wp:term":[{"taxonomy":"category","embeddable":true,"href":"https:\/\/www.europesays.com\/pl\/wp-json\/wp\/v2\/categories?post=504327"},{"taxonomy":"post_tag","embeddable":true,"href":"https:\/\/www.europesays.com\/pl\/wp-json\/wp\/v2\/tags?post=504327"}],"curies":[{"name":"wp","href":"https:\/\/api.w.org\/{rel}","templated":true}]}}