{"id":504552,"date":"2026-06-19T17:31:11","date_gmt":"2026-06-19T17:31:11","guid":{"rendered":"https:\/\/www.europesays.com\/pl\/504552\/"},"modified":"2026-06-19T17:31:11","modified_gmt":"2026-06-19T17:31:11","slug":"samochod-republiki-zderzyl-sie-z-pojazdem-ambasady-niemiec","status":"publish","type":"post","link":"https:\/\/www.europesays.com\/pl\/504552\/","title":{"rendered":"Samoch\u00f3d Republiki zderzy\u0142 si\u0119 z pojazdem ambasady Niemiec"},"content":{"rendered":"\n<p>&#13;<br \/>\nW pi\u0105tek (19 czerwca) w\u00a0centrum Warszawy dosz\u0142o do\u00a0gro\u017anie wygl\u0105daj\u0105cego wypadku. Jak opisa\u0142 Miejski Reporter, redakcyjny samoch\u00f3d Telewizji Republika marki Forthing zderzy\u0142 si\u0119 na\u00a0rondzie Dmowskiego z\u00a0dwoma autami: mazd\u0105 nale\u017c\u0105c\u0105 do\u00a0ambasady Niemiec oraz\u00a0osobowym peugeotem. Si\u0142a uderzenia by\u0142a na\u00a0tyle du\u017ca, \u017ce\u00a0pojazd Republiki przewr\u00f3ci\u0142 si\u0119 na\u00a0bok. Jednak wszystko wskazuje na\u00a0to, \u017ce\u00a0nikomu nic powa\u017cnego si\u0119 nie\u00a0sta\u0142o. &#13;\n<\/p>\n<p>&#13;<br \/>\nAutem telewizji podr\u00f3\u017cowali kierowca, dziennikarz S\u0142awomir Jastrz\u0119bowski, a\u00a0tak\u017ce pose\u0142 PiS Norbert Kaczmarczyk. Sprawc\u0105 zdarzenia by\u0142 kieruj\u0105cy samochodem marki Forthing. M\u0119\u017cczyzna zosta\u0142 ukarany mandatem w\u00a0wysoko\u015bci 2,5 tys. z\u0142 i\u00a010 punktami karnymi. &#13;\n<\/p>\n<p>Kaczmarczyk: Odczuwam lekki b\u00f3l<\/p>\n<p>&#13;<br \/>\n&#8222;Pozdrawiamy z\u00a0SOR-u na\u00a0Wo\u0142oskiej ze\u00a0szpitala MSWiA. Uczestniczy\u0142em w\u00a0powa\u017cnym wypadku drogowym wsp\u00f3lnie z\u00a0kierowc\u0105 Republiki oraz\u00a0redaktorem S\u0142awkiem Jastrz\u0119bowskim. P\u00f3\u017aniej uda\u0142em si\u0119 na\u00a0g\u0142osowania. Jednak zdecydowa\u0142em si\u0119 przebada\u0107 po\u00a0namowach koleg\u00f3w z\u00a0parlamentu&#8221; \u2013\u00a0napisa\u0142 w\u00a0mediach spo\u0142eczno\u015bciowych Norbert Kaczmarczyk. &#13;\n<\/p>\n<p>&#13;<br \/>\n\u2013 Humory o\u00a0tyle dobre, \u017ce\u00a0nic si\u0119 nie\u00a0sta\u0142o powa\u017cnego. Natomiast odczuwam lekki b\u00f3l g\u0142owy i\u00a0szyi, wi\u0119c warto jednak sprawdzi\u0107, co\u00a0si\u0119 sta\u0142o, a\u00a0nie bagatelizowa\u0107. Pozdrawiamy z\u00a0SOR-u \u2013\u00a0powiedzia\u0142 pose\u0142 Prawa i\u00a0Sprawiedliwo\u015bci na\u00a0za\u0142\u0105czonym do\u00a0wpisu nagraniu. \u2013\u00a0Dobra atmosfera, spokojnie czekamy na\u00a0swoj\u0105 kolej \u2013\u00a0doda\u0142. &#13;\n<\/p>\n<p>&#13;<br \/>\n&#8222;Ale \u017cyjemy&#8221; \u2013\u00a0skomentowa\u0142 na\u00a0platformie X S\u0142awomir Jastrz\u0119bowski. Wcze\u015bniej dziennikarz opublikowa\u0142 zdj\u0119cie z\u00a0pos\u0142em PiS. &#8222;Powiem tak: mamy prawo do\u00a0rado\u015bci&#8221; \u2013\u00a0napisa\u0142. Nie\u00a0chcia\u0142 jednak w\u00f3wczas zdradzi\u0107, co\u00a0si\u0119 sta\u0142o. &#13;\n<\/p>\n<p>&#13;<br \/>\nW pi\u0105tek po\u00a0po\u0142udniu o\u00a0wypadku poinformowano na\u00a0antenie TV Republika. Widzowie mogli przeczyta\u0107 na\u00a0&#8222;pasku&#8221;: &#8222;Nasz redakcyjny samoch\u00f3d uleg\u0142 gro\u017anemu wypadkowi. Dzi\u0119ki temu, \u017ce\u00a0je\u017adzimy bezpiecznymi pojazdami, pasa\u017cerom nic si\u0119 nie\u00a0sta\u0142o&#8221;. &#13;\n<\/p>\n<p>&#13;<br \/>\nCzytaj te\u017c:<br \/><a href=\"https:\/\/dorzeczy.pl\/kraj\/901702\/klarenbach-z-tv-republika-oskarzony-sakiewicz-przerywa-milczenie.html\" rel=\"follow nofollow noopener\" data-schema=\"DORZECZY\" data-image=\"https:\/\/img.dorzeczy.pl\/_thumb\/74\/87\/ffe649dd9ebc3f48d459d8bcebd4.jpeg\" target=\"_blank\">W\u0142adze TV Republika murem za\u00a0dziennikarzem. &#8222;\u0141apy precz&#8221;<\/a>Czytaj te\u017c:<br \/><a href=\"https:\/\/dorzeczy.pl\/kraj\/900025\/sakiewicz-policja-wezwala-moja-asystentke-w-sprawie-przeciwko-niej.html\" rel=\"follow nofollow noopener\" data-schema=\"DORZECZY\" data-image=\"https:\/\/img.dorzeczy.pl\/_thumb\/75\/48\/6b9fb11bd53fd59f6e7e9ec92c03.jpeg\" target=\"_blank\">Sakiewicz: Policja wezwa\u0142a moj\u0105 asystentk\u0119 w\u00a0sprawie przeciwko niej<\/a>&#13;<\/p>\n","protected":false},"excerpt":{"rendered":"&#13; W pi\u0105tek (19 czerwca) w\u00a0centrum Warszawy dosz\u0142o do\u00a0gro\u017anie wygl\u0105daj\u0105cego wypadku. Jak opisa\u0142 Miejski Reporter, redakcyjny samoch\u00f3d Telewizji&hellip;\n","protected":false},"author":2,"featured_media":504553,"comment_status":"","ping_status":"","sticky":false,"template":"","format":"standard","meta":{"footnotes":"","_share_on_mastodon":"0"},"categories":[12],"tags":[98045,32,33,662,98,36,37,27,98047,98046,49,34,35,28,31,25,103,42,38,40,39,41,17695,29,30,26,2588],"class_list":["post-504552","post","type-post","status-publish","format-standard","has-post-thumbnail","category-polska","tag-ambasada-niemiec","tag-breaking-news","tag-breakingnews","tag-dawid-sienkowski","tag-dorzeczy","tag-featured-news","tag-featurednews","tag-headlines","tag-jastrzebowski","tag-kaczmarczyk","tag-kraj","tag-latest-news","tag-latestnews","tag-naglowki","tag-najwazniejsze-artykuly","tag-news","tag-obserwator-mediow","tag-pl","tag-poland","tag-polish","tag-polska","tag-polski","tag-republika","tag-top-stories","tag-topstories","tag-wiadomosci","tag-wypadek"],"share_on_mastodon":{"url":"https:\/\/pubeurope.com\/@pl\/116777968343881840","error":""},"_links":{"self":[{"href":"https:\/\/www.europesays.com\/pl\/wp-json\/wp\/v2\/posts\/504552","targetHints":{"allow":["GET"]}}],"collection":[{"href":"https:\/\/www.europesays.com\/pl\/wp-json\/wp\/v2\/posts"}],"about":[{"href":"https:\/\/www.europesays.com\/pl\/wp-json\/wp\/v2\/types\/post"}],"author":[{"embeddable":true,"href":"https:\/\/www.europesays.com\/pl\/wp-json\/wp\/v2\/users\/2"}],"replies":[{"embeddable":true,"href":"https:\/\/www.europesays.com\/pl\/wp-json\/wp\/v2\/comments?post=504552"}],"version-history":[{"count":0,"href":"https:\/\/www.europesays.com\/pl\/wp-json\/wp\/v2\/posts\/504552\/revisions"}],"wp:featuredmedia":[{"embeddable":true,"href":"https:\/\/www.europesays.com\/pl\/wp-json\/wp\/v2\/media\/504553"}],"wp:attachment":[{"href":"https:\/\/www.europesays.com\/pl\/wp-json\/wp\/v2\/media?parent=504552"}],"wp:term":[{"taxonomy":"category","embeddable":true,"href":"https:\/\/www.europesays.com\/pl\/wp-json\/wp\/v2\/categories?post=504552"},{"taxonomy":"post_tag","embeddable":true,"href":"https:\/\/www.europesays.com\/pl\/wp-json\/wp\/v2\/tags?post=504552"}],"curies":[{"name":"wp","href":"https:\/\/api.w.org\/{rel}","templated":true}]}}