{"id":504566,"date":"2026-06-19T17:40:25","date_gmt":"2026-06-19T17:40:25","guid":{"rendered":"https:\/\/www.europesays.com\/pl\/504566\/"},"modified":"2026-06-19T17:40:25","modified_gmt":"2026-06-19T17:40:25","slug":"wielkie-otwarcie-kawiarni-starbucks-w-galerii-jurowieckiej","status":"publish","type":"post","link":"https:\/\/www.europesays.com\/pl\/504566\/","title":{"rendered":"Wielkie otwarcie kawiarni Starbucks w Galerii Jurowieckiej"},"content":{"rendered":"\n<p>\t\t\t\t\t\t<img decoding=\"async\" class=\"img\" src=\"https:\/\/www.europesays.com\/pl\/wp-content\/uploads\/2026\/06\/49956-400x226.jpg\" width=\"400\" height=\"225\" alt=\"Wielkie otwarcie kawiarni Starbucks w Galerii Jurowieckiej\" loading=\"lazy\" fetchpriority=\"high\"\/><\/p>\n<p>\t\t\t\t\tWielkie otwarcie pierwszej kawiarni Starbucks w Bia\u0142ymstoku!<\/p>\n<p>Mamy przyjemno\u015b\u0107 zaprosi\u0107 Was na wyj\u0105tkowe wydarzenie \u2013 otwarcie pierwszej kawiarni Starbucks w Bia\u0142ymstoku!<\/p>\n<p>Data: 26 czerwca 2026 r.<br \/>&#13;<br \/>\nGodzina: 10:00<br \/>&#13;<br \/>\nMiejsce: Galeria Jurowiecka, ul. Jurowiecka 1, Bia\u0142ystok<\/p>\n<p>Do\u0142\u0105czcie do nas i \u015bwi\u0119tujcie ten wyj\u0105tkowy moment przy aromatycznej kawie, ulubionych napojach Starbucks oraz niepowtarzalnej atmosferze, kt\u00f3r\u0105 tworzymy dla naszych Go\u015bci ka\u017cdego dnia.<\/p>\n<p>Niespodzianka dla pierwszych 100 Go\u015bci!<br \/>&#13;<br \/>\nOsoby, kt\u00f3re odwiedz\u0105 nasz\u0105 kawiarni\u0119 jako jedne z pierwszych, otrzymaj\u0105 w prezencie kubek wielokrotnego u\u017cytku do zakup\u00f3w.*<\/p>\n<p>To doskona\u0142a okazja, aby pozna\u0107 now\u0105 przestrze\u0144 Starbucks, spotka\u0107 si\u0119 z przyjaci\u00f3\u0142mi i rozpocz\u0105\u0107 dzie\u0144 z ulubion\u0105 kaw\u0105 w r\u0119ku.<\/p>\n<p>Zapraszamy serdecznie \u2013 do zobaczenia 26 czerwca!<\/p>\n<p>*Liczba upomink\u00f3w ograniczona. Szczeg\u00f3\u0142y dost\u0119pne w kawiarni.<\/p>\n<p>Oferta firmy<\/p>\n","protected":false},"excerpt":{"rendered":"Wielkie otwarcie pierwszej kawiarni Starbucks w Bia\u0142ymstoku! Mamy przyjemno\u015b\u0107 zaprosi\u0107 Was na wyj\u0105tkowe wydarzenie \u2013 otwarcie pierwszej kawiarni&hellip;\n","protected":false},"author":2,"featured_media":504567,"comment_status":"","ping_status":"","sticky":false,"template":"","format":"standard","meta":{"footnotes":"","_share_on_mastodon":"0"},"categories":[51614],"tags":[2151,51731,113,51730,3754,51738,51735,4041,98050,1096,1089,399,17334,51736,2921,3840,51734,8736,1232,120,7116,17265,19285,42,5083,38,40,39,41,6309,1756,8815,38950,123,800,4278,1323,51737,98049,2879,253],"class_list":["post-504566","post","type-post","status-publish","format-standard","has-post-thumbnail","category-bialystok","tag-bialystok","tag-bialystokonline","tag-biznes","tag-bstok","tag-dom","tag-drobne","tag-firm","tag-firmy","tag-gastronomia-i-jedzenie","tag-hotele","tag-imprezy","tag-informacje","tag-katalog","tag-kina","tag-koncert","tag-lokale","tag-miejski","tag-mieszkanie","tag-motoryzacja","tag-nauka","tag-ogloszenia","tag-on-line","tag-online","tag-pl","tag-podlasie","tag-poland","tag-polish","tag-polska","tag-polski","tag-portal","tag-praca","tag-repertuar","tag-rozklad","tag-rozrywka","tag-teatr","tag-turystyka","tag-uroda","tag-urzedy","tag-wielkie-otwarcie-kawiarni-starbucks-w-galerii-jurowieckiej","tag-zakupy","tag-zdrowie"],"share_on_mastodon":{"url":"https:\/\/pubeurope.com\/@pl\/116778003666239367","error":""},"_links":{"self":[{"href":"https:\/\/www.europesays.com\/pl\/wp-json\/wp\/v2\/posts\/504566","targetHints":{"allow":["GET"]}}],"collection":[{"href":"https:\/\/www.europesays.com\/pl\/wp-json\/wp\/v2\/posts"}],"about":[{"href":"https:\/\/www.europesays.com\/pl\/wp-json\/wp\/v2\/types\/post"}],"author":[{"embeddable":true,"href":"https:\/\/www.europesays.com\/pl\/wp-json\/wp\/v2\/users\/2"}],"replies":[{"embeddable":true,"href":"https:\/\/www.europesays.com\/pl\/wp-json\/wp\/v2\/comments?post=504566"}],"version-history":[{"count":0,"href":"https:\/\/www.europesays.com\/pl\/wp-json\/wp\/v2\/posts\/504566\/revisions"}],"wp:featuredmedia":[{"embeddable":true,"href":"https:\/\/www.europesays.com\/pl\/wp-json\/wp\/v2\/media\/504567"}],"wp:attachment":[{"href":"https:\/\/www.europesays.com\/pl\/wp-json\/wp\/v2\/media?parent=504566"}],"wp:term":[{"taxonomy":"category","embeddable":true,"href":"https:\/\/www.europesays.com\/pl\/wp-json\/wp\/v2\/categories?post=504566"},{"taxonomy":"post_tag","embeddable":true,"href":"https:\/\/www.europesays.com\/pl\/wp-json\/wp\/v2\/tags?post=504566"}],"curies":[{"name":"wp","href":"https:\/\/api.w.org\/{rel}","templated":true}]}}