{"id":50471,"date":"2025-10-15T13:55:08","date_gmt":"2025-10-15T13:55:08","guid":{"rendered":"https:\/\/www.europesays.com\/pl\/50471\/"},"modified":"2025-10-15T13:55:08","modified_gmt":"2025-10-15T13:55:08","slug":"smiszek-przerywa-milczenie-ws-swojej-choroby","status":"publish","type":"post","link":"https:\/\/www.europesays.com\/pl\/50471\/","title":{"rendered":"\u015amiszek przerywa milczenie ws. swojej choroby"},"content":{"rendered":"\n<p>&#13;<br \/>\nRobert Biedro\u0144 ujawni\u0142 we\u00a0wtorek, \u017ce\u00a0europose\u0142, a\u00a0prywatnie jego wieloletni partner <a href=\"https:\/\/dorzeczy.pl\/kraj\/792483\/krzysztof-smiszek-powaznie-chory-jestesmy-w-dramatycznej-sytuacji.html\" rel=\"nofollow noopener\" target=\"_blank\">Krzysztof \u015amiszek zmaga si\u0119 z\u00a0bardzo powa\u017cna chorob\u0105<\/a> i\u00a0przechodzi obecnie terapi\u0119. W\u00a0\u015brod\u0119 g\u0142os w\u00a0sprawie postanowi\u0142 zabra\u0107 sam zainteresowany. &#13;\n<\/p>\n<p>Krzysztof \u015amiszek o\u00a0walce z\u00a0chorob\u0105: B\u0119d\u0119 \u017cy\u0142<\/p>\n<p>&#13;<br \/>\n&#8222;Bardzo dzi\u0119kuj\u0119 za\u00a0mas\u0119 wsparcia i\u00a0ciep\u0142ych s\u0142\u00f3w, kt\u00f3re p\u0142yn\u0105 do\u00a0mnie w\u00a0zwi\u0105zku z\u00a0doniesieniami o\u00a0mojej chorobie&#8221; \u2013\u00a0zacz\u0105\u0142 sw\u00f3j wpis mediach spo\u0142eczno\u015bciowych polityk. Po\u00a0tych s\u0142owach podkre\u015bli\u0142, \u017ce\u00a0chcia\u0142by jednak wszystkich zaniepokojonych jego stanem zdrowia uspokoi\u0107. &#13;\n<\/p>\n<p>&#13;<br \/>\n&#8222;B\u0119d\u0119 \u017cy\u0142, tak \u0142atwo si\u0119 mnie nie\u00a0pozb\u0119dziecie!&#8221; \u2013\u00a0zapewni\u0142. &#13;\n<\/p>\n<p>&#8222;Nie u\u017calam si\u0119 nad sob\u0105&#8221;<\/p>\n<p>&#13;<br \/>\n\u015amiszek poinformowa\u0142, \u017ce\u00a0przez chwil\u0119 musi skupi\u0107 si\u0119 na\u00a0swoim zdrowiu, bo\u00a0\u2013 jak podkre\u015bli\u0142 \u2013\u00a0nie\u00a0ma\u00a0nic wa\u017cniejszego. Doda\u0142 jednocze\u015bnie, \u017ce\u00a0&#8222;nie wyci\u0105ga nogi z\u00a0drzwi&#8221;. &#8222;Troch\u0119 wi\u0119cej czasu sp\u0119dzam teraz w\u00a0Polsce, gdzie poza rehabilitacj\u0105 wci\u0105\u017c wykonuj\u0119 sw\u00f3j mandat europoselski. W\u00a0Brukseli i\u00a0Wroc\u0142awiu pracuj\u0105 moi wspaniali wsp\u00f3\u0142pracownicy, a\u00a0ja w\u00a0wielu aktywno\u015bciach parlamentarnych uczestnicz\u0119 zdalnie. Jednocze\u015bnie bardzo zale\u017cy mi, aby\u00a0pozosta\u0107 z\u00a0wami w\u00a0kontakcie, bo\u00a0nic nie\u00a0daje mi tyle si\u0142y co\u00a0setki wiadomo\u015bci, tysi\u0105ce komentarzy, wszystkie rozmowy na\u00a0ulicy&#8221; \u2013\u00a0czytamy. &#13;\n<\/p>\n<p>&#13;<br \/>\nKo\u0144cz\u0105c eurodeputowany napisa\u0142, \u017ce\u00a0nie u\u017cala si\u0119 nad sob\u0105 i\u00a0w\u00a0ci\u0105gu kilku tygodni wr\u00f3ci na\u00a0pe\u0142ne obroty. &#8222;Chcia\u0142bym jednak, \u017ceby\u015bmy mieli dzi\u015b w\u00a0swoich my\u015blach osoby, kt\u00f3re na\u00a0zdrowiu podupad\u0142y, a\u00a0przez kszta\u0142t polskiego prawa nie\u00a0mog\u0105 odwiedza\u0107 si\u0119 w\u00a0szpitalu czy\u00a0czu\u0107 \u017ce\u00a0w\u00a0razie najgorszego b\u0119d\u0105 mogli si\u0119 z\u00a0najbli\u017csz\u0105 osob\u0105 po\u017cegna\u0107. Ju\u017c w\u00a0tym tygodniu jako Lewica poka\u017cemy drog\u0119 do\u00a0zmiany \u2013\u00a0tak\u0105, kt\u00f3ra stanie si\u0119 prawem. I\u00a0nie spoczn\u0119 p\u00f3ki tego nie\u00a0dowieziemy&#8221; \u2013\u00a0zadeklarowa\u0142. &#13;\n<\/p>\n<p>&#13;<br \/>\nCzytaj te\u017c:<br \/><a href=\"https:\/\/dorzeczy.pl\/kraj\/792483\/krzysztof-smiszek-powaznie-chory-jestesmy-w-dramatycznej-sytuacji.html\" rel=\"follow nofollow noopener\" data-schema=\"DORZECZY\" data-image=\"https:\/\/img.dorzeczy.pl\/_thumb\/48\/89\/4ba1d5f2fe9356b692ef59727798.jpeg\" target=\"_blank\">Krzysztof \u015amiszek powa\u017cnie chory. &#8222;Jeste\u015bmy w\u00a0dramatycznej sytuacji&#8221;<\/a>Czytaj te\u017c:<br \/><a href=\"https:\/\/dorzeczy.pl\/kraj\/792417\/zwiazki-partnerskie-kotula-wskazuje-date-przedstawienia-projektu-ustawy.html\" rel=\"follow nofollow noopener\" data-schema=\"DORZECZY\" data-image=\"https:\/\/img.dorzeczy.pl\/_thumb\/4c\/20\/1303fb0d5e8cc1fb1d1599d2fb11.jpeg\" target=\"_blank\">Koalicja wprowadzi zwi\u0105zki partnerskie? Kotula ujawnia<\/a>Czytaj te\u017c:<br \/><a href=\"https:\/\/dorzeczy.pl\/opinie\/789825\/lewica-zapowiada-psl-poprze-ustawe-o-zwiazkach-partnerskich.html\" rel=\"follow nofollow noopener\" data-schema=\"DORZECZY\" data-image=\"https:\/\/img.dorzeczy.pl\/_thumb\/08\/36\/abd327702090feaa197f24fd0204.jpeg\" target=\"_blank\">Przes\u0105dzone? Lewica zapowiada, \u017ce\u00a0PSL poprze ustaw\u0119 o\u00a0zwi\u0105zkach partnerskich<\/a>&#13;<\/p>\n","protected":false},"excerpt":{"rendered":"&#13; Robert Biedro\u0144 ujawni\u0142 we\u00a0wtorek, \u017ce\u00a0europose\u0142, a\u00a0prywatnie jego wieloletni partner Krzysztof \u015amiszek zmaga si\u0119 z\u00a0bardzo powa\u017cna chorob\u0105 i\u00a0przechodzi&hellip;\n","protected":false},"author":2,"featured_media":50472,"comment_status":"","ping_status":"","sticky":false,"template":"","format":"standard","meta":{"footnotes":""},"categories":[12],"tags":[333,32,33,532,98,36,37,27,49,13598,34,35,28,31,25,103,42,38,40,39,41,29,30,26],"class_list":{"0":"post-50471","1":"post","2":"type-post","3":"status-publish","4":"format-standard","5":"has-post-thumbnail","7":"category-polska","8":"tag-anna-skalska","9":"tag-breaking-news","10":"tag-breakingnews","11":"tag-choroba","12":"tag-dorzeczy","13":"tag-featured-news","14":"tag-featurednews","15":"tag-headlines","16":"tag-kraj","17":"tag-krzysztof-smiszek","18":"tag-latest-news","19":"tag-latestnews","20":"tag-naglowki","21":"tag-najwazniejsze-artykuly","22":"tag-news","23":"tag-obserwator-mediow","24":"tag-pl","25":"tag-poland","26":"tag-polish","27":"tag-polska","28":"tag-polski","29":"tag-top-stories","30":"tag-topstories","31":"tag-wiadomosci"},"share_on_mastodon":{"url":"","error":""},"_links":{"self":[{"href":"https:\/\/www.europesays.com\/pl\/wp-json\/wp\/v2\/posts\/50471","targetHints":{"allow":["GET"]}}],"collection":[{"href":"https:\/\/www.europesays.com\/pl\/wp-json\/wp\/v2\/posts"}],"about":[{"href":"https:\/\/www.europesays.com\/pl\/wp-json\/wp\/v2\/types\/post"}],"author":[{"embeddable":true,"href":"https:\/\/www.europesays.com\/pl\/wp-json\/wp\/v2\/users\/2"}],"replies":[{"embeddable":true,"href":"https:\/\/www.europesays.com\/pl\/wp-json\/wp\/v2\/comments?post=50471"}],"version-history":[{"count":0,"href":"https:\/\/www.europesays.com\/pl\/wp-json\/wp\/v2\/posts\/50471\/revisions"}],"wp:featuredmedia":[{"embeddable":true,"href":"https:\/\/www.europesays.com\/pl\/wp-json\/wp\/v2\/media\/50472"}],"wp:attachment":[{"href":"https:\/\/www.europesays.com\/pl\/wp-json\/wp\/v2\/media?parent=50471"}],"wp:term":[{"taxonomy":"category","embeddable":true,"href":"https:\/\/www.europesays.com\/pl\/wp-json\/wp\/v2\/categories?post=50471"},{"taxonomy":"post_tag","embeddable":true,"href":"https:\/\/www.europesays.com\/pl\/wp-json\/wp\/v2\/tags?post=50471"}],"curies":[{"name":"wp","href":"https:\/\/api.w.org\/{rel}","templated":true}]}}