{"id":50493,"date":"2025-10-15T14:10:11","date_gmt":"2025-10-15T14:10:11","guid":{"rendered":"https:\/\/www.europesays.com\/pl\/50493\/"},"modified":"2025-10-15T14:10:11","modified_gmt":"2025-10-15T14:10:11","slug":"pakt-senacki-pis-konfederacja-blaszczak-podaje-warunek","status":"publish","type":"post","link":"https:\/\/www.europesays.com\/pl\/50493\/","title":{"rendered":"Pakt senacki PiS &#8211; Konfederacja? B\u0142aszczak podaje warunek"},"content":{"rendered":"\n<p>&#13;<br \/>\nO stanowisko Prawa i\u00a0Sprawiedliwo\u015bci ws. propozycji paktu senackiego z\u00a0Konfederacj\u0105 Mariusz B\u0142aszczak zapytany zosta\u0142 w\u00a0audycji &#8222;Sygna\u0142y dnia&#8221; na\u00a0antenie radiowej Jedynki. &#13;\n<\/p>\n<p>B\u0142aszczak o\u00a0pakcie PiS z\u00a0Konfederacj\u0105<\/p>\n<p>&#13;<br \/>\n\u2013 10 punkt\u00f3w. 10 punkt\u00f3w, kt\u00f3re zg\u0142asza\u0142 pan prezes Jaros\u0142aw Kaczy\u0144ski. 10 punkt\u00f3w, kt\u00f3re stanowi\u0142yby taki fundament porozumienia \u2013\u00a0powiedzia\u0142 by\u0142y szef MON. &#13;\n<\/p>\n<p>&#13;<br \/>\nPolityk t\u0142umaczy\u0142, \u017ce\u00a0porozumiewa\u0107 si\u0119 trzeba wok\u00f3\u0142 wsp\u00f3lnego przes\u0142ania, &#8222;a\u00a0nie wok\u00f3\u0142 nie\u00a0wiadomo czego&#8221;. \u2013\u00a0Je\u017celi b\u0119dzie co\u015b budowane bez fundamentu, to\u00a0ta konstrukcja si\u0119 nie\u00a0utrzyma \u2013\u00a0podsumowa\u0142. &#13;\n<\/p>\n<p>&#13;<br \/>\nWspomniane przez B\u0142aszczaka <a href=\"https:\/\/dorzeczy.pl\/kraj\/757818\/deklaracja-polska-kaczynski-rzuca-wyzwanie-konfederacji.html\" rel=\"nofollow noopener\" target=\"_blank\">10 punkt\u00f3w to\u00a0&#8222;Deklaracja Polska&#8221;<\/a>, kt\u00f3r\u0105 prezes PiS Jaros\u0142aw Kaczy\u0144ski zaprezentowa\u0142 w\u00a0lipcu tego roku. Podkre\u015bli\u0142 przy tym, \u017ce\u00a0&#8222;deklaracja powsta\u0142a w\u00a0odpowiedzi na\u00a0konieczno\u015b\u0107 wyja\u015bnienia podzia\u0142\u00f3w&#8221;. \u2013\u00a0Propozycja skierowana przede wszystkim do\u00a0Konfederacji, ale\u00a0tak \u017ce\u00a0i\u00a0innych ugrupowa\u0144, by\u00a0podpisa\u0142y te\u00a0punkty \u2013\u00a0powiedzia\u0142 Jaros\u0142aw Kaczy\u0144ski. &#13;\n<\/p>\n<p>&#13;<br \/>\nW deklaracji znalaz\u0142y si\u0119 takie kwestie, jak m.in. poci\u0105gni\u0119cie do\u00a0odpowiedzialno\u015bci karnej i\u00a0cywilnej Donalda Tuska i\u00a0jego wsp\u00f3\u0142pracownik\u00f3w, zakaz zawierania jakichkolwiek porozumie\u0144 z\u00a0Federacj\u0105 Rosyjsk\u0105, bezwzgl\u0119dne postawienie na\u00a0sojusz z\u00a0USA, czy\u00a0sprzeciw wobec paktu migracyjnego i\u00a0nap\u0142ywowi nielegalnych migrant\u00f3w. &#13;\n<\/p>\n<p>Pakt senacki PiS \u2013\u00a0Konfederacja. Mentzen rozmawia\u0142 z\u00a0Nawrockim<\/p>\n<p>&#13;<br \/>\nPrzypomnijmy, \u017ce\u00a0pakt senacki PiS-u z\u00a0Konfederacj\u0105 by\u0142 jednym z\u00a0temat\u00f3w <a href=\"https:\/\/dorzeczy.pl\/opinie\/792060\/mentzen-po-rozmowie-z-nawrockim-o-pis-jestem-dobrej-mysli.html\" rel=\"nofollow noopener\" target=\"_blank\">niedawnej rozmowy jednego z\u00a0lider\u00f3w Konfederacji S\u0142awomira Mentzena z\u00a0prezydentem Karolem Nawrockim<\/a>. Pytany przez Bogdana Rymanowskiego polityk, czy\u00a0g\u0142owa pa\u0144stwa mog\u0142aby obj\u0105\u0107 swoim patronatem taki pakt, polityk stwierdzi\u0142: &#8222;Prezydent Nawrocki doskonale rozumie sytuacj\u0119, obserwuje te\u00a0nasze nieporozumienia z\u00a0prezesem Kaczy\u0144skim. Doda\u0142, \u017ce\u00a0stara si\u0119 &#8222;nie eskalowa\u0107 tego sporu ponad miar\u0119&#8221;. \u2013\u00a0W\u00a0ka\u017cdym razie prezydent Nawrocki rozumie sytuacj\u0119 i\u00a0wierz\u0119, \u017ce\u00a0by\u0107 mo\u017ce za\u00a0jaki\u015b czas we\u017amie na\u00a0siebie jak\u0105\u015b odpowiedzialno\u015b\u0107, \u017ceby nas troszeczk\u0119 zbli\u017cy\u0107 \u2013\u00a0przyzna\u0142 Mentzen. &#13;\n<\/p>\n<p>&#13;<br \/>\nCzytaj te\u017c:<br \/><a href=\"https:\/\/dorzeczy.pl\/opinie\/789465\/mentzen-proponuje-nawrockiego-na-gospodarza-paktu-senackiego.html\" rel=\"follow nofollow noopener\" data-schema=\"DORZECZY\" data-image=\"https:\/\/img.dorzeczy.pl\/_thumb\/b8\/38\/820170db5938c4d80fb0bfcf8c05.jpeg\" target=\"_blank\">Pakt senacki na\u00a0prawicy? Nawrocki mo\u017ce odegra\u0107 kluczow\u0105 rol\u0119<\/a>Czytaj te\u017c:<br \/><a href=\"https:\/\/dorzeczy.pl\/sondaz\/792513\/tylu-wyborcow-stracila-koalicja-tuska-miazdzacy-sondaz.html\" rel=\"follow nofollow noopener\" data-schema=\"DORZECZY\" data-image=\"https:\/\/img.dorzeczy.pl\/_thumb\/3c\/9e\/28c7343f9bf16ea388bf3dacefe7.jpeg\" target=\"_blank\">Tylu wyborc\u00f3w straci\u0142a koalicja Tuska. Mia\u017cd\u017c\u0105cy sonda\u017c<\/a>Czytaj te\u017c:<br \/><a href=\"https:\/\/dorzeczy.pl\/opinie\/792471\/miller-o-koalicji-cos-pomiedzy-operetka-a-panelowa-debata-w-tvn24.html\" rel=\"follow nofollow noopener\" data-schema=\"DORZECZY\" data-image=\"https:\/\/img.dorzeczy.pl\/_thumb\/fe\/2c\/4977f54d41c8a168051fd9fae9dd.jpeg\" target=\"_blank\">&#8222;Wystarczy jeden kryzys&#8230;&#8221;. Miller podsumowa\u0142 dwa lata rz\u0105d\u00f3w koalicji<\/a>&#13;<\/p>\n","protected":false},"excerpt":{"rendered":"&#13; O stanowisko Prawa i\u00a0Sprawiedliwo\u015bci ws. propozycji paktu senackiego z\u00a0Konfederacj\u0105 Mariusz B\u0142aszczak zapytany zosta\u0142 w\u00a0audycji &#8222;Sygna\u0142y dnia&#8221; na\u00a0antenie&hellip;\n","protected":false},"author":2,"featured_media":50494,"comment_status":"","ping_status":"","sticky":false,"template":"","format":"standard","meta":{"footnotes":""},"categories":[5],"tags":[333,32,33,98,36,37,27,1006,49,34,35,13701,28,31,25,103,102,11231,42,38,40,39,41,7797,29,30,26],"class_list":{"0":"post-50493","1":"post","2":"type-post","3":"status-publish","4":"format-standard","5":"has-post-thumbnail","7":"category-naglowki","8":"tag-anna-skalska","9":"tag-breaking-news","10":"tag-breakingnews","11":"tag-dorzeczy","12":"tag-featured-news","13":"tag-featurednews","14":"tag-headlines","15":"tag-konfederacja","16":"tag-kraj","17":"tag-latest-news","18":"tag-latestnews","19":"tag-mariusz-blaszczak","20":"tag-naglowki","21":"tag-najwazniejsze-artykuly","22":"tag-news","23":"tag-obserwator-mediow","24":"tag-opinie","25":"tag-pakt-senacki","26":"tag-pl","27":"tag-poland","28":"tag-polish","29":"tag-polska","30":"tag-polski","31":"tag-prawo-i-sprawiedliwosc","32":"tag-top-stories","33":"tag-topstories","34":"tag-wiadomosci"},"share_on_mastodon":{"url":"","error":""},"_links":{"self":[{"href":"https:\/\/www.europesays.com\/pl\/wp-json\/wp\/v2\/posts\/50493","targetHints":{"allow":["GET"]}}],"collection":[{"href":"https:\/\/www.europesays.com\/pl\/wp-json\/wp\/v2\/posts"}],"about":[{"href":"https:\/\/www.europesays.com\/pl\/wp-json\/wp\/v2\/types\/post"}],"author":[{"embeddable":true,"href":"https:\/\/www.europesays.com\/pl\/wp-json\/wp\/v2\/users\/2"}],"replies":[{"embeddable":true,"href":"https:\/\/www.europesays.com\/pl\/wp-json\/wp\/v2\/comments?post=50493"}],"version-history":[{"count":0,"href":"https:\/\/www.europesays.com\/pl\/wp-json\/wp\/v2\/posts\/50493\/revisions"}],"wp:featuredmedia":[{"embeddable":true,"href":"https:\/\/www.europesays.com\/pl\/wp-json\/wp\/v2\/media\/50494"}],"wp:attachment":[{"href":"https:\/\/www.europesays.com\/pl\/wp-json\/wp\/v2\/media?parent=50493"}],"wp:term":[{"taxonomy":"category","embeddable":true,"href":"https:\/\/www.europesays.com\/pl\/wp-json\/wp\/v2\/categories?post=50493"},{"taxonomy":"post_tag","embeddable":true,"href":"https:\/\/www.europesays.com\/pl\/wp-json\/wp\/v2\/tags?post=50493"}],"curies":[{"name":"wp","href":"https:\/\/api.w.org\/{rel}","templated":true}]}}