{"id":505027,"date":"2026-06-19T22:40:09","date_gmt":"2026-06-19T22:40:09","guid":{"rendered":"https:\/\/www.europesays.com\/pl\/505027\/"},"modified":"2026-06-19T22:40:09","modified_gmt":"2026-06-19T22:40:09","slug":"podolski-odezwal-sie-w-sieci-obok-tych-slow-trudno-przejsc-obojetnie","status":"publish","type":"post","link":"https:\/\/www.europesays.com\/pl\/505027\/","title":{"rendered":"Podolski odezwa\u0142 si\u0119 w sieci. Obok tych s\u0142\u00f3w trudno przej\u015b\u0107 oboj\u0119tnie"},"content":{"rendered":"\n<p class=\"contentpart contentpart--default contentpart--text\" data-position=\"0\">Ostatnie miesi\u0105ce by\u0142y wyj\u0105tkowe dla\u00a0<a href=\"https:\/\/sportowefakty.wp.pl\/pilka-nozna\/lukas-podolski\" rel=\"nofollow noopener\" target=\"_blank\">Lukasa Podolskiego<\/a>. Najpierw &#8222;Poldi&#8221; sfinalizowa\u0142 transakcj\u0119 zakupu\u00a0<a href=\"https:\/\/sportowefakty.wp.pl\/pilka-nozna\/gornik-zabrze\" rel=\"nofollow noopener\" target=\"_blank\">G\u00f3rnika Zabrze<\/a>, staj\u0105c si\u0119 jego w\u0142a\u015bcicielem. Nast\u0119pnie definitywnie zako\u0144czy\u0142 swoj\u0105 pi\u0142karsk\u0105 karier\u0119, by m\u00f3c skupi\u0107 si\u0119 na pracy w ukochanym klubie.<\/p>\n<p class=\"contentpart contentpart--default contentpart--text\" data-position=\"1\">W sezonie 2025\/2026 G\u00f3rnik wygra\u0142 Puchar Polski, a do tego zaj\u0105\u0142 drugie miejsce w tabeli PKO Ekstraklasy. Dzi\u0119ki temu Zabrzanie wezm\u0105 udzia\u0142 w kwalifikacjach do\u00a0<a href=\"https:\/\/sportowefakty.wp.pl\/pilka-nozna\/liga-mistrzow\" rel=\"nofollow noopener\" target=\"_blank\">Ligi Mistrz\u00f3w<\/a>.<\/p>\n<p>  <img decoding=\"async\" src=\"https:\/\/v.wpimg.pl\/X3dwLnN2d1IFFTpdYUl6R0ZNbgcnEHQREVV2TGEGbUtRT2MdOlZ2RBQUKABgQjQcDRotCStBd1IAAWMeIlM7VgwYIAorQAdEFFk_GCkQJQ\" alt=\"\" width=\"45\" height=\"58\" loading=\"lazy\"\/>  <\/p>\n<p class=\"contentpart contentpart--default contentpart--text\" data-position=\"2\">ZOBACZ WIDEO: Lewandowski w Chicago Fire? Staszewski przekaza\u0142 nowe informacje<\/p>\n<p class=\"contentpart contentpart--default contentpart--text\" data-position=\"4\">G\u00f3rnik przyst\u0105pi do walki o Champions League od II rundy eliminacji. W ramach \u015bcie\u017cki niemistrzowskiej wylosowa\u0142 bardzo trudnego przeciwnika &#8211; tureckiego giganta\u00a0<a href=\"https:\/\/sportowefakty.wp.pl\/pilka-nozna\/fenerbahce-stambul\" rel=\"nofollow noopener\" target=\"_blank\">Fenerbahce SK<\/a>. To w\u0142a\u015bnie do tej sytuacji odni\u00f3s\u0142 si\u0119 w pi\u0105tek Podolski na platformie X.<\/p>\n<p class=\"contentpart contentpart--default contentpart--text\" data-position=\"5\">&#8222;Zabawne, jak czasami dzia\u0142a pi\u0142ka no\u017cna. M\u00f3j pierwszy oficjalny mecz w roli w\u0142a\u015bciciela G\u00f3rnika Zabrze odb\u0119dzie si\u0119 w Turcji, przeciwko Fenerbahce. Jako kto\u015b, kto by\u0142 cz\u0119\u015bci\u0105 jednych z najwi\u0119kszych derb\u00f3w w futbolu i z dum\u0105 reprezentowa\u0142 Galatasaray, odbieram to jako wyj\u0105tkowy moment&#8221; &#8211; napisa\u0142 41-latek w mediach spo\u0142eczno\u015bciowych.<\/p>\n<p class=\"contentpart contentpart--default contentpart--text\" data-position=\"6\">Podolski wspomnia\u0142, \u017ce by\u0142 swego czasu pi\u0142karzem\u00a0<a href=\"https:\/\/sportowefakty.wp.pl\/pilka-nozna\/galatasaray-stambul\" rel=\"nofollow noopener\" target=\"_blank\">Galatasarayu<\/a>. Jego barw broni\u0142 w latach 2015-2017, a to oznacza\u0142o, \u017ce zasmakowa\u0142 atmosfery gor\u0105cych derb\u00f3w Stambu\u0142u. Z tej okazji nasz\u0142a go r\u00f3wnie\u017c pewna my\u015bl.<\/p>\n<p>  <img decoding=\"async\" src=\"https:\/\/v.wpimg.pl\/X3dwLnN2d1IFFTpdYUl6R0ZNbgcnEHQREVV2TGEGbUtRT2MdOlZ2RBQUKABgQjQcDRotCStBd1IAAWMeIlM7VgwYIAorQAdEFFk_GCkQJQ\" alt=\"\" width=\"45\" height=\"58\" loading=\"lazy\"\/>  <\/p>\n<p class=\"contentpart contentpart--default contentpart--text\" data-position=\"7\">&#8222;Mo\u017ce emerytura mo\u017ce jeszcze troch\u0119 poczeka\u0107, a mo\u017ce nadszed\u0142 czas, by zn\u00f3w za\u0142o\u017cy\u0107 korki i ponownie stan\u0105\u0107 do walki!&#8221; &#8211; wyzna\u0142 Podolski.<\/p>\n<p class=\"contentpart contentpart--default contentpart--text\" data-position=\"8\">Mecze II rundy kwalifikacji do Ligi Mistrz\u00f3w zaplanowano na 21 i 22 lipca. Tydzie\u0144 p\u00f3\u017aniej odb\u0119d\u0105 si\u0119 rewan\u017ce. G\u00f3rnik zagra na pocz\u0105tek z Fenerbahce na wyje\u017adzie (<a href=\"https:\/\/sportowefakty.wp.pl\/pilka-nozna\/1257053\/el-lm-lech-poznan-i-gornik-zabrze-poznaly-rywali-bedzie-bardzo-ciezko\" rel=\"nofollow noopener\" target=\"_blank\">wi\u0119cej tutaj<\/a>).<\/p>\n","protected":false},"excerpt":{"rendered":"Ostatnie miesi\u0105ce by\u0142y wyj\u0105tkowe dla\u00a0Lukasa Podolskiego. Najpierw &#8222;Poldi&#8221; sfinalizowa\u0142 transakcj\u0119 zakupu\u00a0G\u00f3rnika Zabrze, staj\u0105c si\u0119 jego w\u0142a\u015bcicielem. Nast\u0119pnie definitywnie&hellip;\n","protected":false},"author":2,"featured_media":505028,"comment_status":"","ping_status":"","sticky":false,"template":"","format":"standard","meta":{"footnotes":"","_share_on_mastodon":"0"},"categories":[24],"tags":[693,2290,7802,4979,270,7872,269,15255,278,42,38,40,39,41,127,268,126,8472,97570,5811,192,8482],"class_list":["post-505027","post","type-post","status-publish","format-standard","has-post-thumbnail","category-sport","tag-europejskie-puchary","tag-fenerbahce-sk","tag-galatasaray-sk","tag-gornik-zabrze","tag-liga-mistrzow","tag-lukas-podolski","tag-pilka-nozna","tag-pilka-nozna-w-turcji","tag-pilka-w-europie","tag-pl","tag-poland","tag-polish","tag-polska","tag-polski","tag-sport","tag-sportowybar","tag-sports","tag-stambul","tag-studio-mundial","tag-super-lig","tag-turcja","tag-zabrze"],"share_on_mastodon":{"url":"https:\/\/pubeurope.com\/@pl\/116779183967666223","error":""},"_links":{"self":[{"href":"https:\/\/www.europesays.com\/pl\/wp-json\/wp\/v2\/posts\/505027","targetHints":{"allow":["GET"]}}],"collection":[{"href":"https:\/\/www.europesays.com\/pl\/wp-json\/wp\/v2\/posts"}],"about":[{"href":"https:\/\/www.europesays.com\/pl\/wp-json\/wp\/v2\/types\/post"}],"author":[{"embeddable":true,"href":"https:\/\/www.europesays.com\/pl\/wp-json\/wp\/v2\/users\/2"}],"replies":[{"embeddable":true,"href":"https:\/\/www.europesays.com\/pl\/wp-json\/wp\/v2\/comments?post=505027"}],"version-history":[{"count":0,"href":"https:\/\/www.europesays.com\/pl\/wp-json\/wp\/v2\/posts\/505027\/revisions"}],"wp:featuredmedia":[{"embeddable":true,"href":"https:\/\/www.europesays.com\/pl\/wp-json\/wp\/v2\/media\/505028"}],"wp:attachment":[{"href":"https:\/\/www.europesays.com\/pl\/wp-json\/wp\/v2\/media?parent=505027"}],"wp:term":[{"taxonomy":"category","embeddable":true,"href":"https:\/\/www.europesays.com\/pl\/wp-json\/wp\/v2\/categories?post=505027"},{"taxonomy":"post_tag","embeddable":true,"href":"https:\/\/www.europesays.com\/pl\/wp-json\/wp\/v2\/tags?post=505027"}],"curies":[{"name":"wp","href":"https:\/\/api.w.org\/{rel}","templated":true}]}}