{"id":50507,"date":"2025-10-15T14:19:12","date_gmt":"2025-10-15T14:19:12","guid":{"rendered":"https:\/\/www.europesays.com\/pl\/50507\/"},"modified":"2025-10-15T14:19:12","modified_gmt":"2025-10-15T14:19:12","slug":"stylizacja-moniki-olejnik-to-kwintesencja-trendow-na-jesien-jej-plaszcz-jest-teraz-najmodniejszy","status":"publish","type":"post","link":"https:\/\/www.europesays.com\/pl\/50507\/","title":{"rendered":"Stylizacja Moniki Olejnik to kwintesencja trend\u00f3w na jesie\u0144. Jej p\u0142aszcz jest teraz najmodniejszy"},"content":{"rendered":"<p class=\"Paragraph_desktopParagraph__U31Gm\">Monika Olejnik jest na bie\u017c\u0105co z trendami i ch\u0119tnie przemyca je w swoich stylizacjach na co dzie\u0144, jak r\u00f3wnie\u017c na specjalne okazje. Ale, co wa\u017cne, nigdy kosztem w\u0142asnego stylu czy poczucia komfortu. Tym razem zainteresowa\u0142a si\u0119 zamszem oraz sk\u00f3r\u0105, czyli niekwestionowanymi hitami 2025 r. Dziennikarka skompletowa\u0142a stylizacj\u0119, na kt\u00f3r\u0105 nie da si\u0119 nie zwr\u00f3ci\u0107 uwagi. <\/p>\n<ul class=\"OchatFollowUps_wrapper__1ry7X\">\n<li class=\"OchatFollowUps_item__Dhyly OchatFollowUps_itemDesktop__R6aBv\">Jakie trendy po\u0142\u0105czy\u0142a Monika Olejnik w swojej stylizacji?<\/li>\n<li class=\"OchatFollowUps_item__Dhyly OchatFollowUps_itemDesktop__R6aBv\">Jaki kolor ma p\u0142aszcz Moniki Olejnik?<\/li>\n<li class=\"OchatFollowUps_item__Dhyly OchatFollowUps_itemDesktop__R6aBv\">Jakie buty za\u0142o\u017cy\u0142a Monika Olejnik do stylizacji?<\/li>\n<li class=\"OchatFollowUps_item__Dhyly OchatFollowUps_itemDesktop__R6aBv\">Dlaczego zamsz jest uwa\u017cany za hit jesieni 2025?<\/li>\n<\/ul>\n<p class=\"Paragraph_desktopParagraph__U31Gm\">Do kr\u00f3tkiego kombinezonu ze sk\u00f3ry za\u0142o\u017cy\u0142a cienkie rajstopy i kozaki w odcieniu burgundowym, kt\u00f3ry w tym sezonie robi prawdziw\u0105 furor\u0119 w bran\u017cy mody. Kr\u00f3luje na ubraniach, a tak\u017ce \u2014 jak w tym przypadku \u2014 na akcesoriach. Opr\u00f3cz koloru, warto wspomnie\u0107 o obcasie, a konkretnie o jego wysoko\u015bci, kt\u00f3ra z jednej strony zaskakuje, z drugiej \u2014 robi wra\u017cenie. <\/p>\n<p class=\"Paragraph_desktopParagraph__U31Gm\">Najwa\u017cniejszym elementem wspomnianej stylizacji by\u0142 natomiast zamszowy p\u0142aszcz. W odcieniu czekoladowego br\u0105zu, d\u0142ugi, z paskiem w talii. Jesieni\u0105 2025 r. trudno o modniejszy, bardziej zgodny z trendami element garderoby. <\/p>\n<p class=\"Paragraph_desktopParagraph__U31Gm\">Ten sezon nale\u017cy bowiem do zamszu. Nie tylko Monika Olejnik, ale i it-girls, czyli najbardziej stylowe dziewczyny, kt\u00f3re inspiruj\u0105 swoimi wyborami modowymi, nosz\u0105 go zar\u00f3wno na ubraniach, jak i na dodatkach. Od okry\u0107 wierzchnich, przez buty, po torebki. <\/p>\n<p><img decoding=\"async\" class=\"Image_image__0tuHp\" height=\"587\" width=\"391\" src=\"https:\/\/www.europesays.com\/pl\/wp-content\/uploads\/2025\/10\/JxSk9kpTURBXy85ZDE5OWRhMGJlZmIyY2Q3NTVjZmYwODg1Y2I1NjM5ZS5qcGeSlQLNA6wAwsOVAgDNAkvCw94AA6EwAaExAaEzw.jpeg\" alt=\"Dakota Johnson w zamszowej marynarce w 2025 r.\" loading=\"lazy\" \/>TheStewartofNY \/ Contributor \/ Getty Images<\/p>\n<p>Dakota Johnson w zamszowej marynarce w 2025 r.<\/p>\n<p class=\"Paragraph_desktopParagraph__U31Gm\">Warto si\u0119 nimi zainspirowa\u0107. <\/p>\n<p class=\"Paragraph_desktopParagraph__U31Gm\">Rzeczy wykonane z zamszu s\u0105 dost\u0119pne w r\u00f3\u017cnych wersjach. Natomiast najwi\u0119ksz\u0105 popularno\u015bci\u0105 ciesz\u0105 si\u0119 te w odcieniach br\u0105zu, na czele z deserowymi. <\/p>\n","protected":false},"excerpt":{"rendered":"Monika Olejnik jest na bie\u017c\u0105co z trendami i ch\u0119tnie przemyca je w swoich stylizacjach na co dzie\u0144, jak&hellip;\n","protected":false},"author":2,"featured_media":50508,"comment_status":"","ping_status":"","sticky":false,"template":"","format":"standard","meta":{"footnotes":""},"categories":[22],"tags":[244,470,122,66,11998,13707,53,52,68,51,55,42,13708,38,40,39,41,123,47,196,10522,3483,65,50],"class_list":{"0":"post-50507","1":"post","2":"type-post","3":"status-publish","4":"format-standard","5":"has-post-thumbnail","7":"category-rozrywka","8":"tag-ctr_tst","9":"tag-educate_me","10":"tag-entertainment","11":"tag-give_me_perspective","12":"tag-moda_2","13":"tag-monika_olejnik","14":"tag-new_header","15":"tag-onet3","16":"tag-onet3d","17":"tag-onet3d_2i","18":"tag-phx","19":"tag-pl","20":"tag-plaszcz","21":"tag-poland","22":"tag-polish","23":"tag-polska","24":"tag-polski","25":"tag-rozrywka","26":"tag-screening_general","27":"tag-styl_zycia","28":"tag-stylizacje_gwiazd","29":"tag-trendy","30":"tag-update_me","31":"tag-v2021"},"share_on_mastodon":{"url":"","error":""},"_links":{"self":[{"href":"https:\/\/www.europesays.com\/pl\/wp-json\/wp\/v2\/posts\/50507","targetHints":{"allow":["GET"]}}],"collection":[{"href":"https:\/\/www.europesays.com\/pl\/wp-json\/wp\/v2\/posts"}],"about":[{"href":"https:\/\/www.europesays.com\/pl\/wp-json\/wp\/v2\/types\/post"}],"author":[{"embeddable":true,"href":"https:\/\/www.europesays.com\/pl\/wp-json\/wp\/v2\/users\/2"}],"replies":[{"embeddable":true,"href":"https:\/\/www.europesays.com\/pl\/wp-json\/wp\/v2\/comments?post=50507"}],"version-history":[{"count":0,"href":"https:\/\/www.europesays.com\/pl\/wp-json\/wp\/v2\/posts\/50507\/revisions"}],"wp:featuredmedia":[{"embeddable":true,"href":"https:\/\/www.europesays.com\/pl\/wp-json\/wp\/v2\/media\/50508"}],"wp:attachment":[{"href":"https:\/\/www.europesays.com\/pl\/wp-json\/wp\/v2\/media?parent=50507"}],"wp:term":[{"taxonomy":"category","embeddable":true,"href":"https:\/\/www.europesays.com\/pl\/wp-json\/wp\/v2\/categories?post=50507"},{"taxonomy":"post_tag","embeddable":true,"href":"https:\/\/www.europesays.com\/pl\/wp-json\/wp\/v2\/tags?post=50507"}],"curies":[{"name":"wp","href":"https:\/\/api.w.org\/{rel}","templated":true}]}}