{"id":505081,"date":"2026-06-19T23:12:13","date_gmt":"2026-06-19T23:12:13","guid":{"rendered":"https:\/\/www.europesays.com\/pl\/505081\/"},"modified":"2026-06-19T23:12:13","modified_gmt":"2026-06-19T23:12:13","slug":"nowy-rozejm-jednak-nieskuteczny-izrael-ponownie-uderzyl-w-libanie","status":"publish","type":"post","link":"https:\/\/www.europesays.com\/pl\/505081\/","title":{"rendered":"Nowy rozejm jednak nieskuteczny. Izrael ponownie uderzy\u0142 w Libanie"},"content":{"rendered":"<p>Agencja poinformowa\u0142a r\u00f3wnie\u017c o przelotach dron\u00f3w nad wioskami w pobli\u017cu po\u0142udniowego miasta Tyr. Z kolei korespondent agencji AFP przekaza\u0142 informacje o ci\u0105g\u0142ym ostrzale artyleryjskim w mie\u015bcie Nabatieh.<\/p>\n<p>Liba\u0144skie ministerstwo zdrowia poinformowa\u0142o, \u017ce co najmniej 47 os\u00f3b, w tym dwoje dzieci, zgin\u0119\u0142o, a 97 zosta\u0142o rannych w pi\u0105tkowych izraelskich nalotach na Liban. Resort sprecyzowa\u0142, \u017ce najnowsze dane dotycz\u0105 &#8222;intensywnych izraelskich nalot\u00f3w przeprowadzonych od p\u00f3\u0142nocy do dzisiejszego popo\u0142udnia&#8221;.<\/p>\n<p> Dalszy ci\u0105g artyku\u0142u pod materia\u0142em wideo <\/p>\n<p>Wcze\u015bniej w\u0142adze informowa\u0142y, \u017ce w nocy z czwartku na pi\u0105tek w izraelskich atakach na po\u0142udniu i wschodzie Libanu zgin\u0119\u0142o 21 os\u00f3b, a 39 zosta\u0142o rannych.<\/p>\n<p>     Doniesienia o rozejmie Izraela i Hezbollahu<\/p>\n<p>W pi\u0105tek \u017ar\u00f3d\u0142a w rz\u0105dzie USA poinformowa\u0142y, \u017ce Izrael i Hezbollah uzgodni\u0142y nowy rozejm, kt\u00f3ry wszed\u0142 w \u017cycie po po\u0142udniu. Rzecznik Si\u0142 Obronnych Izraela przekaza\u0142 jednak, \u017ce izraelscy \u017co\u0142nierze pozostan\u0105 w Libanie w &#8222;strefie buforowej&#8221;, tak d\u0142ugo, jak d\u0142ugo Hezbollah stanowi zagro\u017cenie.<\/p>\n<p>Hezbollah przy\u0142\u0105czy\u0142 si\u0119 2 marca do wojny USA i Izraela z Iranem, staj\u0105c po stronie Teheranu, od kt\u00f3rego pozostaje zale\u017cny od czasu utworzenia tej szyickiej organizacji na pocz\u0105tku lat 80. XX wieku. Izrael odpowiedzia\u0142 operacj\u0105 zbrojn\u0105, zajmuj\u0105c po\u0142udnie Libanu i tworz\u0105c tam stref\u0119 buforow\u0105. Od 16 kwietnia w Libanie formalnie obowi\u0105zywa\u0142 rozejm og\u0142oszony przez USA, ale obie strony oskar\u017caj\u0105 si\u0119 wzajemnie o jego \u0142amanie i niemal codziennie ponawiaj\u0105 ataki. Hezbollah, wspierany i finansowany przez Iran, pozostaje poza kontrol\u0105 liba\u0144skiego rz\u0105du.<\/p>\n<p>Od 2 marca w wojnie pomi\u0119dzy Hezbollahem a Izraelem w Libanie zgin\u0119\u0142o \u2014 wed\u0142ug w\u0142adz tego kraju \u2014 ponad 3,6 tys. os\u00f3b.<\/p>\n","protected":false},"excerpt":{"rendered":"Agencja poinformowa\u0142a r\u00f3wnie\u017c o przelotach dron\u00f3w nad wioskami w pobli\u017cu po\u0142udniowego miasta Tyr. Z kolei korespondent agencji AFP&hellip;\n","protected":false},"author":2,"featured_media":505082,"comment_status":"","ping_status":"","sticky":false,"template":"","format":"standard","meta":{"footnotes":"","_share_on_mastodon":"0"},"categories":[14],"tags":[25880,905,61195,32,33,27,3660,91,34,35,3659,28,31,48,25,46,40,41,47,80,29,30,26,82,83,84],"class_list":["post-505081","post","type-post","status-publish","format-standard","has-post-thumbnail","category-swiat","tag-bejrut","tag-bliski_wschod","tag-bottomfeed_styl","tag-breaking-news","tag-breakingnews","tag-headlines","tag-hezbollah","tag-izrael","tag-latest-news","tag-latestnews","tag-liban","tag-naglowki","tag-najwazniejsze-artykuly","tag-nat_styl","tag-news","tag-omp","tag-polish","tag-polski","tag-screening_general","tag-swiat","tag-top-stories","tag-topstories","tag-wiadomosci","tag-world","tag-world-news","tag-worldnews"],"share_on_mastodon":{"url":"https:\/\/pubeurope.com\/@pl\/116779309349104102","error":""},"_links":{"self":[{"href":"https:\/\/www.europesays.com\/pl\/wp-json\/wp\/v2\/posts\/505081","targetHints":{"allow":["GET"]}}],"collection":[{"href":"https:\/\/www.europesays.com\/pl\/wp-json\/wp\/v2\/posts"}],"about":[{"href":"https:\/\/www.europesays.com\/pl\/wp-json\/wp\/v2\/types\/post"}],"author":[{"embeddable":true,"href":"https:\/\/www.europesays.com\/pl\/wp-json\/wp\/v2\/users\/2"}],"replies":[{"embeddable":true,"href":"https:\/\/www.europesays.com\/pl\/wp-json\/wp\/v2\/comments?post=505081"}],"version-history":[{"count":0,"href":"https:\/\/www.europesays.com\/pl\/wp-json\/wp\/v2\/posts\/505081\/revisions"}],"wp:featuredmedia":[{"embeddable":true,"href":"https:\/\/www.europesays.com\/pl\/wp-json\/wp\/v2\/media\/505082"}],"wp:attachment":[{"href":"https:\/\/www.europesays.com\/pl\/wp-json\/wp\/v2\/media?parent=505081"}],"wp:term":[{"taxonomy":"category","embeddable":true,"href":"https:\/\/www.europesays.com\/pl\/wp-json\/wp\/v2\/categories?post=505081"},{"taxonomy":"post_tag","embeddable":true,"href":"https:\/\/www.europesays.com\/pl\/wp-json\/wp\/v2\/tags?post=505081"}],"curies":[{"name":"wp","href":"https:\/\/api.w.org\/{rel}","templated":true}]}}