{"id":505096,"date":"2026-06-19T23:28:22","date_gmt":"2026-06-19T23:28:22","guid":{"rendered":"https:\/\/www.europesays.com\/pl\/505096\/"},"modified":"2026-06-19T23:28:22","modified_gmt":"2026-06-19T23:28:22","slug":"wlamala-sie-do-domu-i-nie-chciala-go-opuscic","status":"publish","type":"post","link":"https:\/\/www.europesays.com\/pl\/505096\/","title":{"rendered":"W\u0142ama\u0142a si\u0119 do domu i nie chcia\u0142a go opu\u015bci\u0107"},"content":{"rendered":"<p>            <a href=\"https:\/\/s-trojmiasto.pl\/zdj\/c\/n\/9\/4350\/656x0\/4350734-Kobieta-nie-chciala-opuscic-mieszkania-do-ktorego-sie-wlamala-a-ktore-wczesniej-wynajmowala__c_0_147_656_524.webp\" target=\"_blank\" data-slide-name=\"845575\" data-lightbox-target=\"photo full\" data-sub-html=\"&lt;h4&gt;Kobieta nie chcia\u0142a opu\u015bci\u0107 mieszkania do kt\u00f3rego si\u0119 w\u0142ama\u0142a, a kt\u00f3re wcze\u015bniej wynajmowa\u0142a.&lt;\/h4&gt;&lt;p&gt;fot. KMP Gda\u0144sk&lt;\/p&gt;&#010;\" class=\"photoMarker__link\" data-filter-brightness=\"brightness--100\" rel=\"nofollow noopener\"><\/p>\n<p>    <img decoding=\"async\" style=\"height:524px; aspect-ratio: 1.25191\/1; filter:brightness(1);\" alt=\"Kobieta nie chcia\u0142a opu\u015bci\u0107 mieszkania do kt\u00f3rego si\u0119 w\u0142ama\u0142a, a kt\u00f3re wcze\u015bniej wynajmowa\u0142a.\" src=\"https:\/\/www.europesays.com\/pl\/wp-content\/uploads\/2026\/06\/4350734-Kobieta-nie-chciala-opuscic-mieszkania-do-ktorego-sie-wlamala-a-ktore-wczesniej__c_0_147_656.webp\" class=\"photoMarker__img \" data-slider=\"img\" fetchpriority=\"high\"\/><\/p>\n<p>            <\/a><\/p>\n<p class=\"lead\">Na <a data-tklik=\"353107\" href=\"https:\/\/mapa.trojmiasto.pl\/#\/location\/-94.04,193.54\/map\/-92.16,188.74,3,b\" onclick=\"openMap(this.href); return false;\" target=\"_blank\" title=\"zobacz na mapie Gda\u0144ska\" rel=\"nofollow noopener\">ul. Beethovena<img decoding=\"async\" class=\"icon-map\" src=\"https:\/\/www.trojmiasto.pl\/_img\/svg\/ico-map-flat.svg\" alt=\"Mapka\"\/><\/a> dosz\u0142o do nietypowego w\u0142amania do domu jednorodzinnego. 47-latka wybi\u0142a szyb\u0119 w\u00a0oknie, wesz\u0142a do \u015brodka i\u00a0nie chcia\u0142a opu\u015bci\u0107 lokum. Musia\u0142a mie\u0107 du\u017cy sentyment do tego miejsca, bo wcze\u015bniej tam mieszka\u0142a.<\/p>\n<p>W\u0142a\u015bciciel poinformowa\u0142 policjant\u00f3w, \u017ce gdy przyjecha\u0142 na posesj\u0119, zauwa\u017cy\u0142 wybit\u0105 szyb\u0119 w\u00a0oknie, a\u00a0w \u015brodku znajdowa\u0142a si\u0119 kobieta. <\/p>\n<p>Co ciekawe, sama wcze\u015bniej w\u00a0nim mieszka\u0142a, ale zosta\u0142a wyeksmitowana z\u00a0lokalu oko\u0142o 1,5 miesi\u0105ca temu.<\/p>\n<p>Policjanci pr\u00f3bowali wej\u015b\u0107 do \u015brodka, jednak kobieta nie otwiera\u0142a drzwi, wi\u0119c do wn\u0119trza budynku musieli dosta\u0107 si\u0119 tak jak ona &#8211; przez zbite okno. <\/p>\n<p>\n            <a href=\"https:\/\/ogloszenia.trojmiasto.pl\/nieruchomosci-mam-do-wynajecia\/gdansk\/suchanino\/\" rel=\"nofollow noopener\" target=\"_blank\">Og\u0142oszenia.trojmiasto.pl\u00a0\u2013\u00a0Mieszkania do wynaj\u0119cia na Suchaninie<\/a><\/p>\n<p>                <a href=\"https:\/\/ogloszenia.trojmiasto.pl\/nieruchomosci-mam-do-wynajecia\/gdansk\/suchanino\/\" data-tklik=\"978416\" rel=\"nofollow noopener\" target=\"_blank\"><br \/>\n                    Wi\u0119cej w serwisie Og\u0142oszenia<br \/>\n                    (46)<\/p>\n<p>                <\/a><\/p>\n<p>Po przeszukaniu budynku mundurowi znale\u017ali na strychu schowan\u0105 47-latk\u0119. Kobieta nie odpowiada\u0142a na pytania policjant\u00f3w, a\u00a0co wi\u0119cej wcale nie chcia\u0142a opu\u015bci\u0107 domu, w\u00a0zwi\u0105zku z\u00a0czym policjanci wyprowadzili j\u0105 z\u00a0budynku.<\/p>\n<p>Kobieta us\u0142ysza\u0142a zarzut zniszczenia mienia i\u00a0naruszenia miru domowego, za co grozi jej kara do 5 lat pozbawienia wolno\u015bci.\n                <\/p>\n","protected":false},"excerpt":{"rendered":"Na ul. Beethovena dosz\u0142o do nietypowego w\u0142amania do domu jednorodzinnego. 47-latka wybi\u0142a szyb\u0119 w\u00a0oknie, wesz\u0142a do \u015brodka i\u00a0nie&hellip;\n","protected":false},"author":2,"featured_media":505097,"comment_status":"","ping_status":"","sticky":false,"template":"","format":"standard","meta":{"footnotes":"","_share_on_mastodon":"0"},"categories":[51610],"tags":[57743,3754,98148,1048,1064,98146,6335,98147,7217,4500,42,38,40,39,41,45690,1063,27074,8092,4364],"class_list":["post-505096","post","type-post","status-publish","format-standard","has-post-thumbnail","category-gdansk","tag-beethoven","tag-dom","tag-dom-jednorodzinny","tag-gdansk","tag-gdynia","tag-jednorodzinny","tag-kobieta","tag-lokum","tag-miejsce","tag-okno","tag-pl","tag-poland","tag-polish","tag-polska","tag-polski","tag-sentyment","tag-sopot","tag-szyba","tag-wlamanie","tag-wynajem"],"share_on_mastodon":{"url":"https:\/\/pubeurope.com\/@pl\/116779373037058443","error":""},"_links":{"self":[{"href":"https:\/\/www.europesays.com\/pl\/wp-json\/wp\/v2\/posts\/505096","targetHints":{"allow":["GET"]}}],"collection":[{"href":"https:\/\/www.europesays.com\/pl\/wp-json\/wp\/v2\/posts"}],"about":[{"href":"https:\/\/www.europesays.com\/pl\/wp-json\/wp\/v2\/types\/post"}],"author":[{"embeddable":true,"href":"https:\/\/www.europesays.com\/pl\/wp-json\/wp\/v2\/users\/2"}],"replies":[{"embeddable":true,"href":"https:\/\/www.europesays.com\/pl\/wp-json\/wp\/v2\/comments?post=505096"}],"version-history":[{"count":0,"href":"https:\/\/www.europesays.com\/pl\/wp-json\/wp\/v2\/posts\/505096\/revisions"}],"wp:featuredmedia":[{"embeddable":true,"href":"https:\/\/www.europesays.com\/pl\/wp-json\/wp\/v2\/media\/505097"}],"wp:attachment":[{"href":"https:\/\/www.europesays.com\/pl\/wp-json\/wp\/v2\/media?parent=505096"}],"wp:term":[{"taxonomy":"category","embeddable":true,"href":"https:\/\/www.europesays.com\/pl\/wp-json\/wp\/v2\/categories?post=505096"},{"taxonomy":"post_tag","embeddable":true,"href":"https:\/\/www.europesays.com\/pl\/wp-json\/wp\/v2\/tags?post=505096"}],"curies":[{"name":"wp","href":"https:\/\/api.w.org\/{rel}","templated":true}]}}