{"id":50553,"date":"2025-10-15T14:43:09","date_gmt":"2025-10-15T14:43:09","guid":{"rendered":"https:\/\/www.europesays.com\/pl\/50553\/"},"modified":"2025-10-15T14:43:09","modified_gmt":"2025-10-15T14:43:09","slug":"przerwa-wojne-w-ukrainie-na-czas-igrzysk-rosyjska-legenda-ostro","status":"publish","type":"post","link":"https:\/\/www.europesays.com\/pl\/50553\/","title":{"rendered":"Przerw\u0105 wojn\u0119 w Ukrainie na czas igrzysk? Rosyjska legenda ostro"},"content":{"rendered":"\n<p class=\"contentpart contentpart--default contentpart--text\" data-position=\"0\">By\u0142y mistrz \u015bwiata w boksie i deputowany rosyjskiej Dumy <a href=\"https:\/\/sportowefakty.wp.pl\/boks-zawodowy\/nikolaj-walujew\" rel=\"nofollow noopener\" target=\"_blank\">Niko\u0142aj Wa\u0142ujew<\/a>\u00a0ostro skomentowa\u0142 zapowied\u017a Kijowa o gotowo\u015bci do rozejmu podczas ZIO 2026. Nazwa\u0142 inicjatyw\u0119 &#8222;czcz\u0105 gadanin\u0105&#8221; i podwa\u017cy\u0142 sens przerwania dzia\u0142a\u0144 zbrojnych na czas igrzysk.<\/p>\n<p class=\"contentpart contentpart--default contentpart--text\" data-position=\"1\">By\u0142y czempion i polityk skrytykowa\u0142 ide\u0119, m\u00f3wi\u0105c o jej nieskuteczno\u015bci w realiach wojennych. Wypowied\u017a przytoczy\u0142 korespondent Sport24.<\/p>\n<p> <img role=\"presentation\" src=\"https:\/\/std.wpcdn.pl\/images\/adv\/placeholder_wp.svg\" loading=\"lazy\" alt=\"\" decoding=\"async\"\/>  <\/p>\n<p class=\"contentpart contentpart--default contentpart--text\" data-position=\"2\">ZOBACZ WIDEO: Robert Kubica wspomina potworny wypadek. &#8222;Nie jestem ju\u017c tym samym cz\u0142owiekiem&#8221;<\/p>\n<p class=\"contentpart contentpart--default contentpart--text\" data-position=\"4\">&#8211; Olimpijskie zawieszenie broni, zaproponowane przez Ukrain\u0119? Bzdura. Olimpiady nie przeszkadza\u0142y w prowadzeniu wojen &#8211; powiedzia\u0142 Wa\u0142ujew w rozmowie z Borisem Korolowem z Sport24.<\/p>\n<p class=\"contentpart contentpart--default contentpart--text\" data-position=\"5\">&#8211; Teraz Ukrai\u0144com potrzebny jest oddech, aby \u015bci\u0105gn\u0105\u0107 cudzoziemc\u00f3w, uzupe\u0142ni\u0107 wojska i kopa\u0107 umocnienia, kt\u00f3rych za Dnieprem jest ma\u0142o &#8211; doda\u0142 Wa\u0142ujew w tym samym wywiadzie.<\/p>\n<p class=\"contentpart contentpart--default contentpart--text\" data-position=\"6\">Zimowe igrzyska olimpijskie odb\u0119d\u0105 si\u0119 w Mediolanie i Cortinie d&#8217;Ampezzo w dniach 6\u201322 lutego 2026 r. Wa\u0142ujew, by\u0142y mistrz \u015bwiata wagi ci\u0119\u017ckiej, obecnie zasiada w rosyjskiej Dumie Pa\u0144stwowej.<\/p>\n","protected":false},"excerpt":{"rendered":"By\u0142y mistrz \u015bwiata w boksie i deputowany rosyjskiej Dumy Niko\u0142aj Wa\u0142ujew\u00a0ostro skomentowa\u0142 zapowied\u017a Kijowa o gotowo\u015bci do rozejmu&hellip;\n","protected":false},"author":2,"featured_media":50554,"comment_status":"","ping_status":"","sticky":false,"template":"","format":"standard","meta":{"footnotes":""},"categories":[14],"tags":[2514,2512,32,33,27,2386,34,35,28,31,25,13714,40,41,87,1256,80,29,30,415,26,82,83,84],"class_list":{"0":"post-50553","1":"post","2":"type-post","3":"status-publish","4":"format-standard","5":"has-post-thumbnail","7":"category-swiat","8":"tag-boks","9":"tag-boks-zawodowy","10":"tag-breaking-news","11":"tag-breakingnews","12":"tag-headlines","13":"tag-igrzyska-olimpijskie","14":"tag-latest-news","15":"tag-latestnews","16":"tag-naglowki","17":"tag-najwazniejsze-artykuly","18":"tag-news","19":"tag-nikolaj-walujew","20":"tag-polish","21":"tag-polski","22":"tag-rosja","23":"tag-sporty-walki","24":"tag-swiat","25":"tag-top-stories","26":"tag-topstories","27":"tag-ukraina","28":"tag-wiadomosci","29":"tag-world","30":"tag-world-news","31":"tag-worldnews"},"share_on_mastodon":{"url":"","error":""},"_links":{"self":[{"href":"https:\/\/www.europesays.com\/pl\/wp-json\/wp\/v2\/posts\/50553","targetHints":{"allow":["GET"]}}],"collection":[{"href":"https:\/\/www.europesays.com\/pl\/wp-json\/wp\/v2\/posts"}],"about":[{"href":"https:\/\/www.europesays.com\/pl\/wp-json\/wp\/v2\/types\/post"}],"author":[{"embeddable":true,"href":"https:\/\/www.europesays.com\/pl\/wp-json\/wp\/v2\/users\/2"}],"replies":[{"embeddable":true,"href":"https:\/\/www.europesays.com\/pl\/wp-json\/wp\/v2\/comments?post=50553"}],"version-history":[{"count":0,"href":"https:\/\/www.europesays.com\/pl\/wp-json\/wp\/v2\/posts\/50553\/revisions"}],"wp:featuredmedia":[{"embeddable":true,"href":"https:\/\/www.europesays.com\/pl\/wp-json\/wp\/v2\/media\/50554"}],"wp:attachment":[{"href":"https:\/\/www.europesays.com\/pl\/wp-json\/wp\/v2\/media?parent=50553"}],"wp:term":[{"taxonomy":"category","embeddable":true,"href":"https:\/\/www.europesays.com\/pl\/wp-json\/wp\/v2\/categories?post=50553"},{"taxonomy":"post_tag","embeddable":true,"href":"https:\/\/www.europesays.com\/pl\/wp-json\/wp\/v2\/tags?post=50553"}],"curies":[{"name":"wp","href":"https:\/\/api.w.org\/{rel}","templated":true}]}}