{"id":505615,"date":"2026-06-20T06:50:15","date_gmt":"2026-06-20T06:50:15","guid":{"rendered":"https:\/\/www.europesays.com\/pl\/505615\/"},"modified":"2026-06-20T06:50:15","modified_gmt":"2026-06-20T06:50:15","slug":"zuzlowa-grand-prix-we-wroclawiu-turniej-wraca-do-domu-2","status":"publish","type":"post","link":"https:\/\/www.europesays.com\/pl\/505615\/","title":{"rendered":"\u017bu\u017clowa Grand Prix we Wroc\u0142awiu. Turniej wraca do domu"},"content":{"rendered":"<p>Przed nami wielkie \u015bwi\u0119to \u017cu\u017cla we Wroc\u0142awiu.<\/p>\n<p>zdj\u0119cie ilustracyjne, archiwum RW<\/p>\n<p>W pi\u0105tej eliminacji cyklu Grand Prix \u017cu\u017clowcy zawitaj\u0105 w sobot\u0119 na Stadion Olimpijski we Wroc\u0142awiu, gdzie w 1995 rozegrano pierwsze w historii zawody wed\u0142ug nowych zasad wy\u0142aniania mistrza \u015bwiata. Po czterech turniejach liderem jest Australijczyk Kurtz, a Bartosz Zmarzlik zajmuje drugie miejsce.<\/p>\n<p style=\"text-align: justify;\">Kiedy cykl Grand Prix przyje\u017cd\u017ca na Stadion Olimpijski, kibice we Wroc\u0142awiu lubi\u0105 mawia\u0107, \u017ce speedway zawita\u0142 do domu. To w\u0142a\u015bnie w stolicy Dolnego \u015al\u0105ska w 1995 roku rozegrano pierwszy turniej nowej formu\u0142y walki o indywidualnego mistrza \u015bwiata. Zawody historyczne i pami\u0119tne. Zwyci\u0119\u017cy\u0142 w\u00f3wczas Tomasz Gollob, a poza nim z Polak\u00f3w startowa\u0142 jeszcze Dariusz \u015aled\u017a.<\/p>\n<p style=\"text-align: justify;\">W sobot\u0119 o punkty powalczy a\u017c pi\u0119ciu \u017cu\u017clowc\u00f3w w bia\u0142o-czerwonych barwach: Zmarzlik, Kacper Woryna, Patryk Dudek, wracaj\u0105cy do zdrowia Dominik Kubera oraz Maciej Janowski, kt\u00f3ry pojedzie dzi\u0119ki tzw. dzikiej karcie.<\/p>\n<p style=\"text-align: justify;\">Oczy kibic\u00f3w b\u0119d\u0105 zwr\u00f3cone przede wszystkim na tego pierwszego, kt\u00f3ry po podw\u00f3jnym GP w Manchesterze straci\u0142 pozycj\u0119 lidera w klasyfikacji generalnej na rzecz Kurtza. Zmarzlik w tym sezonie jecha\u0142 w finale ka\u017cdego turnieju, ale ani razu nie stan\u0105\u0142 na najwy\u017cszym stopniu podium. Ostatni raz sze\u015bciokrotny indywidualny mistrz \u015bwiata wygra\u0142 turniej GP niemal r\u00f3wno rok temu &#8211; 14 czerwca 2025 roku w Manchesterze.<\/p>\n<p style=\"text-align: justify;\">W poprzednim sezonie we Wroc\u0142awiu Zmarzlik by\u0142 drugi, a wygra\u0142 Kurtz. Australijczyk, kt\u00f3ry na co dzie\u0144 broni barw miejscowej Betard Sparty, po s\u0142abszym pierwszym turnieju w Niemczech, gdzie zdoby\u0142 tylko osiem punkt\u00f3w, w kolejnych trzech jecha\u0142 w finale, a ostatni wygra\u0142, co pozwoli\u0142o mu obj\u0105\u0107 prowadzenie w klasyfikacji generalnej. Mo\u017cna \u015bmia\u0142o powiedzie\u0107, \u017ce Kurtz pojedzie w sobot\u0119 u siebie i na pewno b\u0119dzie jednym z kandydat\u00f3w do zwyci\u0119stwa.<\/p>\n<p style=\"text-align: justify;\">Trzeci w klasyfikacji generalnej jest Jack Holder, kt\u00f3ry z bardzo dobrej strony pokaza\u0142 si\u0119 podczas ostatniego \u015bcigania w Manchesterze, gdzie by\u0142 trzeci i czwarty, a do tego dorzuci\u0142 zwyci\u0119stwo w sprincie. Rok temu Australijczyk na Olimpijskim znalaz\u0142 si\u0119 tu\u017c za podium i teraz te\u017c powinien bi\u0107 si\u0119 o czo\u0142owe lokaty.<\/p>\n<p style=\"text-align: justify;\">Wroc\u0142awscy kibice na pewno kciuki b\u0119d\u0105 trzyma\u0107 za Janowskiego. Kapitan Betart Sparty po s\u0142abym poprzednim sezonie w tym wyra\u017anie od\u017cy\u0142 i na pewno b\u0119dzie chcia\u0142 pokaza\u0107, \u017ce chocia\u017c nie ma sta\u0142ego miejsca w cyklu GP, nadal nale\u017cy do \u015bwiatowej czo\u0142\u00f3wki. W 2020 roku Janowski by\u0142 na Olimpijskim najlepszy, a w finale wygra\u0142 m.in. ze Zmarzlikiem.<\/p>\n<p style=\"text-align: justify;\">Po przymusowej pauzie spowodowanej urazem obojczyka do \u015bcigania wraca Kubera, ale nadal na li\u015bcie startowej z zawodnik\u00f3w, kt\u00f3rzy maj\u0105 sta\u0142e miejsce, nie b\u0119dzie Brytyjczyka Dana Bewley\u2019a i Szweda Fredrika Lindgrena. W ich miejsce pojad\u0105 Du\u0144czyk Anders Thomsen i Czech Jan Kvech.<\/p>\n<p style=\"text-align: justify;\">Pocz\u0105tek \u015bcigania we Wroc\u0142awiu zaplanowano na 19:00.<\/p>\n<p style=\"text-align: justify;\">Klasyfikacja generalna:<\/p>\n<p style=\"text-align: justify;\">1. Brady Kurtz (Australia) 65 pkt<br \/>2. Bartosz Zmarzlik (Polska) 62 <br \/>3. Jack Holder (Australia) 55<br \/>4. Michael Jepsen Jensen (Dania) 45<br \/>5. Kacper Woryna (Polska) 44<br \/>6. Max Fricke (Australia) 42 <br \/>7. Robert Lambert (W. Brytania) 42<br \/>8. Jason Doyle (Australia) 37 <br \/>9. Leon Madsen (Dania) 35<br \/>10. Patryk Dudek (Polska) 29<br \/>&#8230;<br \/>15. Dominik Kubera (Polska) 17<\/p>\n<p style=\"text-align: justify;\">Kalendarz turniej\u00f3w<\/p>\n<p style=\"text-align: justify;\">11 lipca &#8211; Malilla (Szwecja)<br \/>1 sierpnia &#8211; \u0141\u00f3d\u017a (Polska)<br \/>8 sierpnia &#8211; Ryga (\u0141otwa)<br \/>12 wrze\u015bnia &#8211; Vojens (Dania)<br \/>26 wrze\u015bnia &#8211; Toru\u0144 (Polska)<\/p>\n","protected":false},"excerpt":{"rendered":"Przed nami wielkie \u015bwi\u0119to \u017cu\u017cla we Wroc\u0142awiu. zdj\u0119cie ilustracyjne, archiwum RW W pi\u0105tej eliminacji cyklu Grand Prix \u017cu\u017clowcy&hellip;\n","protected":false},"author":2,"featured_media":505579,"comment_status":"","ping_status":"","sticky":false,"template":"","format":"standard","meta":{"footnotes":"","_share_on_mastodon":"0"},"categories":[51607],"tags":[55261,93117,91333,42,38,40,39,41,53283,10872,55110,77853,1853,55111,98319],"class_list":["post-505615","post","type-post","status-publish","format-standard","has-post-thumbnail","category-wroclaw","tag-do","tag-domu","tag-grand","tag-pl","tag-poland","tag-polish","tag-polska","tag-polski","tag-prix","tag-turniej","tag-we","tag-wraca","tag-wroclaw","tag-wroclawiu","tag-zuzlowa"],"share_on_mastodon":{"url":"https:\/\/pubeurope.com\/@pl\/116781109987610955","error":""},"_links":{"self":[{"href":"https:\/\/www.europesays.com\/pl\/wp-json\/wp\/v2\/posts\/505615","targetHints":{"allow":["GET"]}}],"collection":[{"href":"https:\/\/www.europesays.com\/pl\/wp-json\/wp\/v2\/posts"}],"about":[{"href":"https:\/\/www.europesays.com\/pl\/wp-json\/wp\/v2\/types\/post"}],"author":[{"embeddable":true,"href":"https:\/\/www.europesays.com\/pl\/wp-json\/wp\/v2\/users\/2"}],"replies":[{"embeddable":true,"href":"https:\/\/www.europesays.com\/pl\/wp-json\/wp\/v2\/comments?post=505615"}],"version-history":[{"count":0,"href":"https:\/\/www.europesays.com\/pl\/wp-json\/wp\/v2\/posts\/505615\/revisions"}],"wp:featuredmedia":[{"embeddable":true,"href":"https:\/\/www.europesays.com\/pl\/wp-json\/wp\/v2\/media\/505579"}],"wp:attachment":[{"href":"https:\/\/www.europesays.com\/pl\/wp-json\/wp\/v2\/media?parent=505615"}],"wp:term":[{"taxonomy":"category","embeddable":true,"href":"https:\/\/www.europesays.com\/pl\/wp-json\/wp\/v2\/categories?post=505615"},{"taxonomy":"post_tag","embeddable":true,"href":"https:\/\/www.europesays.com\/pl\/wp-json\/wp\/v2\/tags?post=505615"}],"curies":[{"name":"wp","href":"https:\/\/api.w.org\/{rel}","templated":true}]}}