{"id":505701,"date":"2026-06-20T07:47:17","date_gmt":"2026-06-20T07:47:17","guid":{"rendered":"https:\/\/www.europesays.com\/pl\/505701\/"},"modified":"2026-06-20T07:47:17","modified_gmt":"2026-06-20T07:47:17","slug":"zuzlowa-sobota-wroclaw-arena-grand-prix-polski-dla-kogo-final-ime-u19","status":"publish","type":"post","link":"https:\/\/www.europesays.com\/pl\/505701\/","title":{"rendered":"\u017bu\u017clowa sobota. Wroc\u0142aw aren\u0105 Grand Prix Polski. Dla kogo fina\u0142 IME U19?"},"content":{"rendered":"\n<p class=\"contentpart contentpart--default contentpart--text\" data-position=\"0\">Sprawd\u017a, jakie wydarzenia czekaj\u0105 na kibic\u00f3w w \u017cu\u017clow\u0105 sobot\u0119 20 czerwca.<\/p>\n<p class=\"contentpart contentpart--default contentpart--text\" data-position=\"1\">***<\/p>\n<p>  <img decoding=\"async\" src=\"https:\/\/v.wpimg.pl\/X3dwLnN2d1IFFTpdYUl6R0ZNbgcnEHQREVV2TGEGbUtRT2MdOlZ2RBQUKABgQjQcDRotCStBd1IAAWMeIlM7VgwYIAorQAdEFFk_GCkQJQ\" alt=\"\" width=\"45\" height=\"58\" loading=\"lazy\"\/>  <\/p>\n<p class=\"contentpart contentpart--default contentpart--text\" data-position=\"2\">Indywidualne Mistrzostwa \u015awiata<\/p>\n<p class=\"contentpart contentpart--default contentpart--text\" data-position=\"3\"><a href=\"https:\/\/sportowefakty.wp.pl\/zuzel\/gp-polski\" rel=\"nofollow noopener\" target=\"_blank\">Grand Prix Polski<\/a>\u00a0we Wroc\u0142awiu<\/p>\n<p class=\"contentpart contentpart--default contentpart--text\" data-position=\"4\">Po turnieju w stolicy Dolnego \u015al\u0105ska tegoroczna edycja <a href=\"https:\/\/sportowefakty.wp.pl\/zuzel\/sgpims\" rel=\"nofollow noopener\" target=\"_blank\">Grand Prix<\/a>\u00a0osi\u0105gnie p\u00f3\u0142metek. Po czterech w klasyfikacji generalnej prowadzi <a href=\"https:\/\/sportowefakty.wp.pl\/zuzel\/brady-kurtz\" rel=\"nofollow noopener\" target=\"_blank\">Brady Kurtz<\/a>, na co dzie\u0144 zawodnik wroc\u0142awskiej Betard Sparty. O trzy punkty wyprzedza on broni\u0105cego tytu\u0142u <a href=\"https:\/\/sportowefakty.wp.pl\/zuzel\/bartosz-zmarzlik\" rel=\"nofollow noopener\" target=\"_blank\">Bartosza Zmarzlika<\/a>. Przed rokiem we Wroc\u0142awiu triumfowa\u0142 Australijczyk przed Polakiem. To oczywiste, \u017ce to w\u0142a\u015bnie akcje tej dw\u00f3jki stoj\u0105 najwy\u017cej przed zbli\u017caj\u0105c\u0105 si\u0119 imprez\u0105.<\/p>\n<p class=\"contentpart contentpart--default contentpart--text\" data-position=\"5\">Na Stadionie Olimpijskim, na kt\u00f3rym pierwsze punkty zostan\u0105 rozdan\u0105 po po\u0142udniu podczas sprintu wie\u0144cz\u0105cego tzw. kwalifikacje (ich start o godz. 14:00), na pewno zaprezentuj\u0105 si\u0119 r\u00f3wnie\u017c inni znamienici Polacy. <a href=\"https:\/\/sportowefakty.wp.pl\/zuzel\/kacper-woryna\" rel=\"nofollow noopener\" target=\"_blank\">Kacper Woryna<\/a>, <a href=\"https:\/\/sportowefakty.wp.pl\/zuzel\/patryk-dudek\" rel=\"nofollow noopener\" target=\"_blank\">Patryk Dudek<\/a>\u00a0oraz wracaj\u0105cy do \u015bcigania po kontuzji obojczyka\u00a0<a href=\"https:\/\/sportowefakty.wp.pl\/zuzel\/dominik-kubera\" rel=\"nofollow noopener\" target=\"_blank\">Dominik Kubera<\/a>\u00a0to stali uczestnicy cyklu 2026, z kolei <a href=\"https:\/\/sportowefakty.wp.pl\/zuzel\/maciej-janowski\" rel=\"nofollow noopener\" target=\"_blank\">Maciej Janowski<\/a>\u00a0ponownie otrzyma\u0142 na rund\u0119 w swoim rodzinnym mie\u015bcie &#8222;dzik\u0105 kart\u0119&#8221;.<\/p>\n<p>  <img decoding=\"async\" src=\"https:\/\/v.wpimg.pl\/X3dwLnN2d1IFFTpdYUl6R0ZNbgcnEHQREVV2TGEGbUtRT2MdOlZ2RBQUKABgQjQcDRotCStBd1IAAWMeIlM7VgwYIAorQAdEFFk_GCkQJQ\" alt=\"\" width=\"45\" height=\"58\" loading=\"lazy\"\/>   <\/p>\n<p>Nasza relacja:<\/p>\n<p> <a href=\"https:\/\/sportowefakty.wp.pl\/zuzel\/relacja-na-zywo\/176167\/grand-prix-polski-we-wroclawiu-live\" class=\"box\" rel=\"nofollow noopener\" target=\"_blank\">  <\/p>\n<p>20.06.2026 19:00<\/p>\n<p>SGP\/IM\u015a<\/p>\n<p>Grand Prix Polski we Wroc\u0142awiu<\/p>\n<p>   <\/a>  <\/p>\n<p class=\"contentpart contentpart--default contentpart--text\" data-position=\"7\">ZOBACZ WIDEO: Kanclerz ju\u017c us\u0142ysza\u0142 &#8222;nie&#8221;. Polonia po awansie nie zmieni sk\u0142adu?<\/p>\n<p class=\"contentpart contentpart--default contentpart--text\" data-position=\"9\"><a href=\"https:\/\/sportowefakty.wp.pl\/zuzel\/ime-u19\" rel=\"nofollow noopener\" target=\"_blank\">Indywidualne Mistrzostwa Europy U19<\/a><\/p>\n<p class=\"contentpart contentpart--default contentpart--text\" data-position=\"10\">P\u00f3\u0142fina\u0142y w Pilznie i Debreczynie<\/p>\n<p class=\"contentpart contentpart--default contentpart--text\" data-position=\"11\">Jako pierwsi na tor m\u0142odzie\u017c wyjedzie w Czechach, dok\u0105d z reprezentant\u00f3w Polski udadz\u0105 si\u0119\u00a0<a href=\"https:\/\/sportowefakty.wp.pl\/zuzel\/kevin-malkiewicz\" rel=\"nofollow noopener\" target=\"_blank\">Kevin Ma\u0142kiewicz<\/a>, <a href=\"https:\/\/sportowefakty.wp.pl\/zuzel\/maksymilian-pawelczak\" rel=\"nofollow noopener\" target=\"_blank\">Maksymilian Pawe\u0142czak<\/a>\u00a0i <a href=\"https:\/\/sportowefakty.wp.pl\/zuzel\/jakub-zurek\" rel=\"nofollow noopener\" target=\"_blank\">Jakub \u017burek<\/a>. Naturalnie s\u0105 oni w\u015br\u00f3d faworyt\u00f3w do awansu do fina\u0142u, kt\u00f3ry zaplanowano na\u00a05 wrze\u015bnia w Krsko. Za tych bardziej znanych rywali naszych rodak\u00f3w uzna\u0107 nale\u017cy <a href=\"https:\/\/sportowefakty.wp.pl\/zuzel\/adam-bednar\" rel=\"nofollow noopener\" target=\"_blank\">Adama Bednara<\/a>, <a href=\"https:\/\/sportowefakty.wp.pl\/zuzel\/rasmus-karlsson\" rel=\"nofollow noopener\" target=\"_blank\">Rasmusa Karlssona<\/a>\u00a0czy <a href=\"https:\/\/sportowefakty.wp.pl\/zuzel\/cooper-rushen\" rel=\"nofollow noopener\" target=\"_blank\">Coopera Rushena<\/a>.<\/p>\n<p>  <img decoding=\"async\" src=\"https:\/\/v.wpimg.pl\/X3dwLnN2d1IFFTpdYUl6R0ZNbgcnEHQREVV2TGEGbUtRT2MdOlZ2RBQUKABgQjQcDRotCStBd1IAAWMeIlM7VgwYIAorQAdEFFk_GCkQJQ\" alt=\"\" width=\"45\" height=\"58\" loading=\"lazy\"\/>  <\/p>\n<p class=\"contentpart contentpart--default contentpart--text\" data-position=\"12\">Na W\u0119gry wybior\u0105 si\u0119 z kolei <a href=\"https:\/\/sportowefakty.wp.pl\/zuzel\/igor-kordun\" rel=\"nofollow noopener\" target=\"_blank\">Igor Kordun<\/a>\u00a0i <a href=\"https:\/\/sportowefakty.wp.pl\/zuzel\/kacper-mania\" rel=\"nofollow noopener\" target=\"_blank\">Kacper Mania<\/a>. Ich akcje tak\u017ce stoj\u0105 wysoko w kontek\u015bcie znalezienia si\u0119 w \u00f3semce premiowanej awansem do fina\u0142u w S\u0142owenii (z Pilzna awansuje siedmiu, je\u015bli w szesnastce finalist\u00f3w nie b\u0119dzie \u017cadnego S\u0142owe\u0144ca &#8211; przyp. red.). Najgro\u017aniejsi oponenci? Zapewne <a href=\"https:\/\/sportowefakty.wp.pl\/zuzel\/william-cairns\" rel=\"nofollow noopener\" target=\"_blank\">William Cairns<\/a>, <a href=\"https:\/\/sportowefakty.wp.pl\/zuzel\/sven-cerjak\" rel=\"nofollow noopener\" target=\"_blank\">Sven Cerjak<\/a>,\u00a0<a href=\"https:\/\/sportowefakty.wp.pl\/zuzel\/jacob-jensen\" rel=\"nofollow noopener\" target=\"_blank\">Jacob Jensen<\/a>\u00a0czy <a href=\"https:\/\/sportowefakty.wp.pl\/zuzel\/janek-konzack\" rel=\"nofollow noopener\" target=\"_blank\">Janek Konzack<\/a>.<\/p>\n<p>Nasza relacja:<\/p>\n<p> <a href=\"https:\/\/sportowefakty.wp.pl\/zuzel\/relacja-na-zywo\/176194\/2-polfinal-ime-u19-w-pilznie-live\" class=\"box\" rel=\"nofollow noopener\" target=\"_blank\">     <\/p>\n<p>2. p\u00f3\u0142fina\u0142 IME U19 w Pil\u017anie<\/p>\n<p>   <\/a>   <\/p>\n<p>Nasza relacja:<\/p>\n<p> <a href=\"https:\/\/sportowefakty.wp.pl\/zuzel\/relacja-na-zywo\/176193\/1-polfinal-ime-u19-w-debreczynie-live\" class=\"box\" rel=\"nofollow noopener\" target=\"_blank\">     <\/p>\n<p>1. p\u00f3\u0142fina\u0142 IME U19 w Debreczynie<\/p>\n<p>   <\/a>  <\/p>\n<p class=\"contentpart contentpart--default contentpart--text\" data-position=\"15\">Klasyfikacja generalna Speedway Grand Prix 2026:<\/p>\n","protected":false},"excerpt":{"rendered":"Sprawd\u017a, jakie wydarzenia czekaj\u0105 na kibic\u00f3w w \u017cu\u017clow\u0105 sobot\u0119 20 czerwca. *** Indywidualne Mistrzostwa \u015awiata Grand Prix Polski\u00a0we&hellip;\n","protected":false},"author":2,"featured_media":505702,"comment_status":"","ping_status":"","sticky":false,"template":"","format":"standard","meta":{"footnotes":"","_share_on_mastodon":"0"},"categories":[51607],"tags":[11783,780,2163,98342,3416,98339,98343,98338,98340,65293,98341,14192,10444,33973,3495,7991,2620,2518,42,38,40,39,41,9168,748,95033,70636,1853,174],"class_list":["post-505701","post","type-post","status-publish","format-standard","has-post-thumbnail","category-wroclaw","tag-adam-bednar","tag-bartosz-zmarzlik","tag-brady-kurtz","tag-cooper-rushen","tag-dominik-kubera","tag-gp-polski","tag-igor-kordun","tag-ime-u19","tag-jacob-jensen","tag-jakub-zurek","tag-janek-konzack","tag-kacper-mania","tag-kacper-woryna","tag-kevin-malkiewicz","tag-maciej-janowski","tag-maksymilian-pawelczak","tag-ms-me","tag-patryk-dudek","tag-pl","tag-poland","tag-polish","tag-polska","tag-polski","tag-rasmus-karlsson","tag-sgp-ims","tag-sven-cerjak","tag-william-cairns","tag-wroclaw","tag-zuzel"],"share_on_mastodon":{"url":"https:\/\/pubeurope.com\/@pl\/116781334206732649","error":""},"_links":{"self":[{"href":"https:\/\/www.europesays.com\/pl\/wp-json\/wp\/v2\/posts\/505701","targetHints":{"allow":["GET"]}}],"collection":[{"href":"https:\/\/www.europesays.com\/pl\/wp-json\/wp\/v2\/posts"}],"about":[{"href":"https:\/\/www.europesays.com\/pl\/wp-json\/wp\/v2\/types\/post"}],"author":[{"embeddable":true,"href":"https:\/\/www.europesays.com\/pl\/wp-json\/wp\/v2\/users\/2"}],"replies":[{"embeddable":true,"href":"https:\/\/www.europesays.com\/pl\/wp-json\/wp\/v2\/comments?post=505701"}],"version-history":[{"count":0,"href":"https:\/\/www.europesays.com\/pl\/wp-json\/wp\/v2\/posts\/505701\/revisions"}],"wp:featuredmedia":[{"embeddable":true,"href":"https:\/\/www.europesays.com\/pl\/wp-json\/wp\/v2\/media\/505702"}],"wp:attachment":[{"href":"https:\/\/www.europesays.com\/pl\/wp-json\/wp\/v2\/media?parent=505701"}],"wp:term":[{"taxonomy":"category","embeddable":true,"href":"https:\/\/www.europesays.com\/pl\/wp-json\/wp\/v2\/categories?post=505701"},{"taxonomy":"post_tag","embeddable":true,"href":"https:\/\/www.europesays.com\/pl\/wp-json\/wp\/v2\/tags?post=505701"}],"curies":[{"name":"wp","href":"https:\/\/api.w.org\/{rel}","templated":true}]}}