{"id":505723,"date":"2026-06-20T07:58:10","date_gmt":"2026-06-20T07:58:10","guid":{"rendered":"https:\/\/www.europesays.com\/pl\/505723\/"},"modified":"2026-06-20T07:58:10","modified_gmt":"2026-06-20T07:58:10","slug":"sondaz-polacy-nie-wierza-kaczynskiemu-w-sprawie-brauna","status":"publish","type":"post","link":"https:\/\/www.europesays.com\/pl\/505723\/","title":{"rendered":"Sonda\u017c. Polacy nie wierz\u0105 Kaczy\u0144skiemu w sprawie Brauna"},"content":{"rendered":"\n<p>&#13;<br \/>\nPrezes Prawa i\u00a0Sprawiedliwo\u015bci wykluczy\u0142 mo\u017cliwo\u015b\u0107 stworzenia koalicji z\u00a0Konfederacj\u0105 Korony Polskiej po\u00a0wyborach parlamentarnych, kt\u00f3re odb\u0119d\u0105 si\u0119 w\u00a02027\u00a0r. \u2013\u00a0Uwa\u017cam go\u00a0[Grzegorza Brauna \u2013\u00a0przyp. red.] za\u00a0polityka, kt\u00f3ry dalece przekroczy\u0142 te\u00a0granice, kt\u00f3re s\u0105 nieprzekraczalne dla\u00a0polityk\u00f3w w\u00a0naszej sferze cywilizacyjnej. Nie\u00a0m\u00f3wi\u0119 o\u00a0dzisiejszej Unii, tylko o\u00a0tej sferze, kt\u00f3r\u0105 mo\u017cna okre\u015bli\u0107 jako sfer\u0119 naszej cywilizacji. Po\u00a0prostu on si\u0119 w\u00a0tym nie\u00a0mie\u015bci \u2013\u00a0m\u00f3wi\u0142 w\u00a0styczniu Jaros\u0142aw Kaczy\u0144ski. &#13;\n<\/p>\n<p>&#13;<br \/>\nLider PiS przekonywa\u0142, \u017ce\u00a0g\u0142osowanie na\u00a0Konfederacj\u0119 Korony Polskiej jest &#8222;ca\u0142kowicie nieefektywnym g\u0142osowaniem&#8221;, poniewa\u017c &#8222;je\u017celi Polska chce utrzyma\u0107 cho\u0107by elementarne podstawy swojego bezpiecze\u0144stwa, to\u00a0nowy rz\u0105d nie\u00a0mo\u017ce by\u0107 rz\u0105dem z\u00a0udzia\u0142em czy\u00a0nawet poparciem zwolennik\u00f3w Brauna&#8221;. \u2013\u00a0Uwa\u017cam po\u00a0prostu, \u017ce\u00a0ta formacja powinna pozosta\u0107 na\u00a0marginesie \u2013\u00a0podkre\u015bli\u0142. &#13;\n<\/p>\n<p>&#13;<br \/>\n\u0179r\u00f3d\u0142a TVN24 w\u00a0PiS wskaza\u0142y, \u017ce\u00a0<a href=\"https:\/\/dorzeczy.pl\/kraj\/837233\/to-dlatego-pis-zmienil-ton-ws-brauna-w-tle-wazne-spotkanie.html\" rel=\"nofollow noopener\" target=\"_blank\">zmiana tonu wypowiedzi<\/a> wobec Brauna i\u00a0jego partii zacz\u0119\u0142a by\u0107 widoczna po\u00a0spotkaniu Jaros\u0142awa Kaczy\u0144skiego z\u00a0ambasadorem USA w\u00a0Polsce. Prezes PiS i\u00a0Tom Rose spotkali si\u0119 w\u00a0po\u0142owie grudnia ubieg\u0142ego roku, o\u00a0czym ameryka\u0144ski dyplomata poinformowa\u0142 za\u00a0po\u015brednictwem medi\u00f3w spo\u0142eczno\u015bciowych. &#13;\n<\/p>\n<p>&#13;<br \/>\n\u2013 Na\u00a0Nowogrodzk\u0105 trafi\u0142y jasne sygna\u0142y, \u017ce\u00a0rz\u0105d, w\u00a0kt\u00f3rym jakikolwiek udzia\u0142 mia\u0142by Grzegorz Braun, nie\u00a0b\u0119dzie m\u00f3g\u0142 liczy\u0107 na\u00a0wsparcie Stan\u00f3w Zjednoczonych \u2013\u00a0powiedzia\u0142 jeden z\u00a0informator\u00f3w stacji. &#13;\n<\/p>\n<p>Koalicja z\u00a0Braunem? Polacy nie\u00a0wierz\u0105 w\u00a0zapewnienia Kaczy\u0144skiego<\/p>\n<p>&#13;<br \/>\nW najnowszym sonda\u017cu SW Research na\u00a0zlecenie Onetu Polak\u00f3w zapytano: &#8222;Czy wierzysz w\u00a0zapewnienia Jaros\u0142awa Kaczy\u0144skiego, \u017ce\u00a0nie stworzy rz\u0105du z\u00a0Grzegorzem Braunem?&#8221;. &#13;\n<\/p>\n<p>&#13;<br \/>\nWi\u0119kszo\u015b\u0107 respondent\u00f3w (51,5 proc.) nie\u00a0wierzy w\u00a0deklaracje prezesa PiS, \u017ce\u00a0nie stworzy rz\u0105du z\u00a0parti\u0105 Brauna po\u00a0najbli\u017cszych wyborach parlamentarnych. Kaczy\u0144skiemu ufa w\u00a0tej sprawie tylko 21,9 proc. badanych. Zdania na\u00a0ten temat nie\u00a0ma\u00a026,6 proc. ankietowanych. &#13;\n<\/p>\n<p>&#13;<br \/>\nSonda\u017c SW Research na\u00a0zlecenie Onetu zosta\u0142 zrealizowany w\u00a0dniu 17 czerwca 2026\u00a0r. metod\u0105 wywiad\u00f3w internetowych (CAWI) w\u00a0SW Panel. W\u00a0ramach badania przeprowadzono 800 ankiet z\u00a0og\u00f3lnopolsk\u0105 pr\u00f3b\u0105 doros\u0142ych. Zastosowano dob\u00f3r kwotowy \u2013\u00a0pr\u00f3ba by\u0142a reprezentatywna ze\u00a0wzgl\u0119du na\u00a0\u0142\u0105czny rozk\u0142ad p\u0142ci, wieku i\u00a0klasy wielko\u015bci miejscowo\u015bci zamieszkania. &#13;\n<\/p>\n<p>&#13;<br \/>\nCzytaj te\u017c:<br \/><a href=\"https:\/\/dorzeczy.pl\/sondaz\/902662\/sondaz-ko-wygrywa-wybory-psl-poza-sejmem.html\" rel=\"follow nofollow noopener\" data-schema=\"DORZECZY\" data-image=\"https:\/\/img.dorzeczy.pl\/_thumb\/d5\/e0\/9f795bd80bbf2dbbe9798c112ab9.jpeg\" target=\"_blank\">Na kogo chc\u0105 g\u0142osowa\u0107 Polacy? Oto nowy sonda\u017c<\/a>Czytaj te\u017c:<br \/><a href=\"https:\/\/dorzeczy.pl\/opinie\/901963\/polakom-przedstawiono-dwa-warianty-w-jednym-braun-zyskuje.html\" rel=\"follow nofollow noopener\" data-schema=\"DORZECZY\" data-image=\"https:\/\/img.dorzeczy.pl\/_thumb\/af\/97\/0e5d57cc58e4c681b513dee5df4c.jpeg\" target=\"_blank\">Sonda\u017c: Polakom przedstawiono dwa warianty. W\u00a0jednym Braun sporo zyskuje<\/a>&#13;<\/p>\n","protected":false},"excerpt":{"rendered":"&#13; Prezes Prawa i\u00a0Sprawiedliwo\u015bci wykluczy\u0142 mo\u017cliwo\u015b\u0107 stworzenia koalicji z\u00a0Konfederacj\u0105 Korony Polskiej po\u00a0wyborach parlamentarnych, kt\u00f3re odb\u0119d\u0105 si\u0119 w\u00a02027\u00a0r. \u2013\u00a0Uwa\u017cam&hellip;\n","protected":false},"author":2,"featured_media":505724,"comment_status":"","ping_status":"","sticky":false,"template":"","format":"standard","meta":{"footnotes":"","_share_on_mastodon":"0"},"categories":[12],"tags":[18048,32,33,662,98,36,37,27,4110,22086,49,34,35,28,31,25,529,42,38,40,39,41,366,29,30,26],"class_list":["post-505723","post","type-post","status-publish","format-standard","has-post-thumbnail","category-polska","tag-braun","tag-breaking-news","tag-breakingnews","tag-dawid-sienkowski","tag-dorzeczy","tag-featured-news","tag-featurednews","tag-headlines","tag-kaczynski","tag-konfederacja-korony-polskiej","tag-kraj","tag-latest-news","tag-latestnews","tag-naglowki","tag-najwazniejsze-artykuly","tag-news","tag-pis","tag-pl","tag-poland","tag-polish","tag-polska","tag-polski","tag-sondaz","tag-top-stories","tag-topstories","tag-wiadomosci"],"share_on_mastodon":{"url":"","error":""},"_links":{"self":[{"href":"https:\/\/www.europesays.com\/pl\/wp-json\/wp\/v2\/posts\/505723","targetHints":{"allow":["GET"]}}],"collection":[{"href":"https:\/\/www.europesays.com\/pl\/wp-json\/wp\/v2\/posts"}],"about":[{"href":"https:\/\/www.europesays.com\/pl\/wp-json\/wp\/v2\/types\/post"}],"author":[{"embeddable":true,"href":"https:\/\/www.europesays.com\/pl\/wp-json\/wp\/v2\/users\/2"}],"replies":[{"embeddable":true,"href":"https:\/\/www.europesays.com\/pl\/wp-json\/wp\/v2\/comments?post=505723"}],"version-history":[{"count":0,"href":"https:\/\/www.europesays.com\/pl\/wp-json\/wp\/v2\/posts\/505723\/revisions"}],"wp:featuredmedia":[{"embeddable":true,"href":"https:\/\/www.europesays.com\/pl\/wp-json\/wp\/v2\/media\/505724"}],"wp:attachment":[{"href":"https:\/\/www.europesays.com\/pl\/wp-json\/wp\/v2\/media?parent=505723"}],"wp:term":[{"taxonomy":"category","embeddable":true,"href":"https:\/\/www.europesays.com\/pl\/wp-json\/wp\/v2\/categories?post=505723"},{"taxonomy":"post_tag","embeddable":true,"href":"https:\/\/www.europesays.com\/pl\/wp-json\/wp\/v2\/tags?post=505723"}],"curies":[{"name":"wp","href":"https:\/\/api.w.org\/{rel}","templated":true}]}}