{"id":505739,"date":"2026-06-20T08:12:10","date_gmt":"2026-06-20T08:12:10","guid":{"rendered":"https:\/\/www.europesays.com\/pl\/505739\/"},"modified":"2026-06-20T08:12:10","modified_gmt":"2026-06-20T08:12:10","slug":"rusza-akcja-rolnikow-karny-ogoras","status":"publish","type":"post","link":"https:\/\/www.europesays.com\/pl\/505739\/","title":{"rendered":"Rusza akcja rolnik\u00f3w &#8222;Karny Og\u00f3ras&#8221;"},"content":{"rendered":"<p>            <a href=\"https:\/\/s-trojmiasto.pl\/zdj\/c\/n\/9\/4351\/940x0\/4351156.webp\" target=\"_blank\" data-slide-name=\"845712\" data-lightbox-target=\"photo full\" data-sub-html=\"&lt;h4&gt;&lt;\/h4&gt;&lt;p&gt;fot. materia\u0142y prasowe&lt;\/p&gt;&#010;\" class=\"photoMarker__link\" data-filter-brightness=\"brightness--100\" rel=\"nofollow noopener\"><\/p>\n<p>    <img decoding=\"async\" style=\"height:499px; aspect-ratio: 1.5016\/1; filter:brightness(1);\" alt=\"\" src=\"https:\/\/www.europesays.com\/pl\/wp-content\/uploads\/2026\/06\/4351156.webp\" class=\"photoMarker__img \" data-slider=\"img\" fetchpriority=\"high\"\/><\/p>\n<p>            <\/a><\/p>\n<p class=\"lead\">\u015arodowiska rolnicze rozpoczynaj\u0105 akcj\u0119, kt\u00f3ra ma zwraca\u0107 uwag\u0119 na przypadki nieprawid\u0142owego oznaczania kraju pochodzenia \u017cywno\u015bci w\u00a0handlu detalicznym. Grupa spo\u0142ecznik\u00f3w b\u0119dzie odwiedza\u0107 markety i\u00a0sprawdza\u0107 oznaczenia warzyw i\u00a0owoc\u00f3w. Je\u015bli co\u015b b\u0119dzie nie tak, to&#8230; pojawi si\u0119 naklejka &#8222;Karny Og\u00f3ras&#8221;.<\/p>\n<p>                                tak, ma to dla mnie znaczenie<br \/>\n                                88%<\/p>\n<p>                                nie, nie zwracam na to uwagi<br \/>\n                                12%<\/p>\n<p>Rolnicy rozpocz\u0119li akcj\u0119 &#8222;Karny Og\u00f3ras&#8221;, kt\u00f3ra ma wy\u0142apywa\u0107 b\u0142\u0119dnie oznaczone warzywa i\u00a0owoce. Akcj\u0119 prowadzi Zwi\u0105zek Zawodowy Rolnictwa Samoobrona. Pierwsza naklejka pojawi\u0142a si\u0119 na skrzynce z\u00a0marchwi\u0105 w\u00a0markecie Carrefour. <\/p>\n<p>&#8211; Marchew jest oznaczona jako polska, ale wcale nie jest polska. Klient nie widzi, sk\u0105d jest ten produkt, bo <a href=\"https:\/\/katalog.trojmiasto.pl\/kartony\" class=\"parse-link\" title=\"Kartony to niezb\u0119dne opakowania w wielu bran\u017cach, idealne do przechowywania i transportu r\u00f3\u017cnorodnych produkt\u00f3w. Wykonane z wytrzyma\u0142ych materia\u0142\u00f3w, zapewniaj\u0105 bezpiecze\u0144stwo i ochron\u0119 zawarto\u015bci. Dost\u0119pne w r\u00f3\u017cnych rozmiarach i kszta\u0142tach, kartony s\u0105 ekologicznym wyborem, wspieraj\u0105cym zr\u00f3wnowa\u017cony rozw\u00f3j\" rel=\"nofollow noopener\" target=\"_blank\">kartony<\/a> s\u0105 ustawione bardzo ciasno. Dopiero po ich odsuni\u0119ciu mo\u017cna zobaczy\u0107 oznaczenie wskazuj\u0105ce na Grecj\u0119  &#8211; twierdzi Marcin Wro\u0144ski, pomys\u0142odawca akcji.<br \/>Rolnicy zapowiadaj\u0105 kolejne kontrole market\u00f3w w\u00a0ca\u0142ej Polsce, a\u00a0znakiem rozpoznawczym akcji zosta\u0142a naklejka &#8222;Karny Og\u00f3ras&#8221;, kt\u00f3ra ma zwraca\u0107 uwag\u0119 klient\u00f3w.<\/p>\n<p>\n            <a href=\"https:\/\/ogloszenia.trojmiasto.pl\/nieruchomosci\/dzialka-ogrodnicza\/\" rel=\"nofollow noopener\" target=\"_blank\">Og\u0142oszenia.trojmiasto.pl\u00a0\u2013\u00a0dzia\u0142ki ROD w Tr\u00f3jmie\u015bcie i okolicy<\/a><\/p>\n<p>    <a class=\"property__img\" href=\"https:\/\/ogloszenia.trojmiasto.pl\/nieruchomosci-sprzedam-rynek-wtorny\/dwie-sasiadujace-dzialki-rod-z-domkami-i-mediami-ogl66453656.html\" data-action=\"click-&gt;ga--dom#propertyItem\" data-tklik=\"784344\" rel=\"nofollow noopener\" target=\"_blank\"><br \/>\n        <img decoding=\"async\" class=\"lazy\" src=\"https:\/\/www.europesays.com\/pl\/wp-content\/uploads\/2026\/06\/98853988_6_Dwie-sasiadujace-dzialki-ROD-z-domkami-i-mediami.jpg\" alt=\"\"\/><\/p>\n<p>    <\/a><\/p>\n<p>                <a href=\"https:\/\/ogloszenia.trojmiasto.pl\/nieruchomosci\/dzialka-ogrodnicza\/\" data-tklik=\"784344\" rel=\"nofollow noopener\" target=\"_blank\"><br \/>\n                    Wi\u0119cej w serwisie Og\u0142oszenia<br \/>\n                    (112)<\/p>\n<p>                <\/a><\/p>\n<p>&#8211; W\u00a0ostatnich dw\u00f3ch latach sytuacja pogorszy\u0142a si\u0119 na tyle, \u017ce rolnicy zostaj\u0105 z\u00a0warzywami na polu, bo handel nie chce kupi\u0107 polskich produkt\u00f3w albo oferuje ceny ni\u017csze ni\u017c koszt samego zbioru. Jednocze\u015bnie mamy do czynienia z\u00a0du\u017cym nap\u0142ywem warzyw z\u00a0importu &#8211; m\u00f3wi Wro\u0144ski.<br \/>Uczestnicy akcji b\u0119d\u0105 odwiedza\u0107 sklepy, analizowa\u0107 informacje znajduj\u0105ce si\u0119 przy stoiskach z\u00a0warzywami i\u00a0owocami, sprawdza\u0107 etykiety oraz dokumentowa\u0107 przypadki, kt\u00f3re ich zdaniem mog\u0105 wprowadza\u0107 konsument\u00f3w w\u00a0b\u0142\u0105d. Organizatorzy podkre\u015blaj\u0105, \u017ce nie prowadz\u0105 kampanii przeciwko zagranicznej \u017cywno\u015bci. Ich celem jest zapewnienie klientom pe\u0142nej i\u00a0rzetelnej informacji o\u00a0kraju pochodzenia kupowanych produkt\u00f3w. Wed\u0142ug nich konsumenci maj\u0105 prawo wiedzie\u0107, czy wybieraj\u0105 warzywa i\u00a0owoce wyprodukowane w\u00a0Polsce, czy sprowadzone z\u00a0innych pa\u0144stw.<\/p>\n<p>\n            <a href=\"https:\/\/ogloszenia.trojmiasto.pl\/nieruchomosci\/dom-wolnostojacy\/gdansk\/ikl,101_106,o2,1.html\" rel=\"nofollow noopener\" target=\"_blank\">Og\u0142oszenia.trojmiasto.pl\u00a0\u2013\u00a0najdro\u017csze domy wolnostoj\u0105ce na sprzeda\u017c w Gda\u0144sku<\/a><\/p>\n<p>                <a href=\"https:\/\/ogloszenia.trojmiasto.pl\/nieruchomosci\/dom-wolnostojacy\/gdansk\/ikl,101_106,o2,1.html\" data-tklik=\"500471\" rel=\"nofollow noopener\" target=\"_blank\"><br \/>\n                    Wi\u0119cej w serwisie Og\u0142oszenia<br \/>\n                    (224)<\/p>\n<p>                <\/a><\/p>\n<p>Wielu rolnik\u00f3w zwraca uwag\u0119, \u017ce coraz wi\u0119cej klient\u00f3w \u015bwiadomie poszukuje polskich warzyw i\u00a0owoc\u00f3w. Dlatego wszelkie niejasno\u015bci w\u00a0oznakowaniu mog\u0105 mie\u0107 wp\u0142yw nie tylko na decyzje zakupowe konsument\u00f3w, ale tak\u017ce na sytuacj\u0119 ekonomiczn\u0105 krajowych gospodarstw.<\/p>\n<p>Tw\u00f3rcy akcji licz\u0105, \u017ce dzi\u0119ki nag\u0142o\u015bnieniu problemu konsumenci zaczn\u0105 dok\u0142adniej sprawdza\u0107 etykiety, a\u00a0sieci handlowe b\u0119d\u0105 jeszcze wi\u0119ksz\u0105 wag\u0119 przywi\u0105zywa\u0107 do prawid\u0142owego informowania o\u00a0pochodzeniu sprzedawanej \u017cywno\u015bci. W\u00a0ich ocenie przejrzysto\u015b\u0107 oznacze\u0144 jest kluczowa zar\u00f3wno dla klient\u00f3w, jak i\u00a0dla krajowych producent\u00f3w.<\/p>\n<p>\n            <a href=\"https:\/\/ogloszenia.trojmiasto.pl\/nieruchomosci-sprzedam-rynek-wtorny\/\" rel=\"nofollow noopener\" target=\"_blank\">Og\u0142oszenia.trojmiasto.pl\u00a0\u2013\u00a0Tanie mieszkania z rynku wt\u00f3rnego w Tr\u00f3jmie\u015bcie<\/a><\/p>\n<p>                <a href=\"https:\/\/ogloszenia.trojmiasto.pl\/nieruchomosci-sprzedam-rynek-wtorny\/\" data-tklik=\"622849\" rel=\"nofollow noopener\" target=\"_blank\"><br \/>\n                    Wi\u0119cej w serwisie Og\u0142oszenia<br \/>\n                    (16244)<\/p>\n<p>                <\/a><\/p>\n<p>Przypomnijmy, \u017ce zgodnie z\u00a0rozporz\u0105dzeniem Ministra Rolnictwa i\u00a0Rozwoju Wsi z\u00a04 listopada 2025 r. , od 17 lutego 2026 r. \u015bwie\u017ce owoce i\u00a0warzywa oraz banany sprzedawane bez opakowa\u0144 (luzem) musz\u0105 mie\u0107 wyra\u017ane oznaczenie graficzne kraju pochodzenia. Do tej pory, w\u00a0przypadku sprzeda\u017cy owoc\u00f3w i\u00a0warzyw bez opakowa\u0144 &#8211; zgodnie z\u00a0unijnymi przepisami &#8211; informacja nt. kraju pochodzenia wymagana by\u0142a tylko w\u00a0formie pisemnej. Teraz, obok dotychczasowej informacji s\u0142ownej, sprzedawcy s\u0105 zobowi\u0105zani do umieszczenia wizualnego symbolu flagi kraju pochodzenia. Informacja musi znajdowa\u0107 si\u0119 w\u00a0widocznym miejscu w\u00a0pobli\u017cu produktu i\u00a0by\u0107 czytelna.<\/p>\n<p>Nowy obowi\u0105zek jest uzupe\u0142nieniem ju\u017c istniej\u0105cych regulacji unijnych, zgodnie z\u00a0kt\u00f3rymi informacja o\u00a0kraju pochodzenia musi by\u0107 udost\u0119pniana w\u00a0widocznym miejscu. Celem jest zwi\u0119kszenie transparentno\u015bci rynku oraz umo\u017cliwienie konsumentom podejmowania \u015bwiadomych wybor\u00f3w zakupowych.\n                <\/p>\n","protected":false},"excerpt":{"rendered":"\u015arodowiska rolnicze rozpoczynaj\u0105 akcj\u0119, kt\u00f3ra ma zwraca\u0107 uwag\u0119 na przypadki nieprawid\u0142owego oznaczania kraju pochodzenia \u017cywno\u015bci w\u00a0handlu detalicznym. Grupa&hellip;\n","protected":false},"author":2,"featured_media":505740,"comment_status":"","ping_status":"","sticky":false,"template":"","format":"standard","meta":{"footnotes":"","_share_on_mastodon":"0"},"categories":[51610],"tags":[5686,210,113,11564,388,4041,1048,1064,4043,11083,6229,98349,49,4040,54845,4067,4039,54588,98350,45484,42,45485,38,40,39,41,1756,383,47362,140,1063,67263,4042,591,4038,57682,26,13890],"class_list":["post-505739","post","type-post","status-publish","format-standard","has-post-thumbnail","category-gdansk","tag-akcja","tag-aktualnosci","tag-biznes","tag-detal","tag-finanse","tag-firmy","tag-gdansk","tag-gdynia","tag-gospodarka-morska","tag-grupa","tag-handel","tag-karny-ogoras","tag-kraj","tag-ludzie-sukcesu","tag-market","tag-naklejka","tag-osoby-biznesu","tag-owoc","tag-oznaczanie","tag-oznaczenie","tag-pl","tag-pochodzenie","tag-poland","tag-polish","tag-polska","tag-polski","tag-praca","tag-prawo","tag-przypadek","tag-rolnik","tag-sopot","tag-spolecznik","tag-spolki-gieldowe","tag-srodowisko","tag-sylwetki","tag-warzywo","tag-wiadomosci","tag-zywnosc"],"share_on_mastodon":{"url":"https:\/\/pubeurope.com\/@pl\/116781433182062209","error":""},"_links":{"self":[{"href":"https:\/\/www.europesays.com\/pl\/wp-json\/wp\/v2\/posts\/505739","targetHints":{"allow":["GET"]}}],"collection":[{"href":"https:\/\/www.europesays.com\/pl\/wp-json\/wp\/v2\/posts"}],"about":[{"href":"https:\/\/www.europesays.com\/pl\/wp-json\/wp\/v2\/types\/post"}],"author":[{"embeddable":true,"href":"https:\/\/www.europesays.com\/pl\/wp-json\/wp\/v2\/users\/2"}],"replies":[{"embeddable":true,"href":"https:\/\/www.europesays.com\/pl\/wp-json\/wp\/v2\/comments?post=505739"}],"version-history":[{"count":0,"href":"https:\/\/www.europesays.com\/pl\/wp-json\/wp\/v2\/posts\/505739\/revisions"}],"wp:featuredmedia":[{"embeddable":true,"href":"https:\/\/www.europesays.com\/pl\/wp-json\/wp\/v2\/media\/505740"}],"wp:attachment":[{"href":"https:\/\/www.europesays.com\/pl\/wp-json\/wp\/v2\/media?parent=505739"}],"wp:term":[{"taxonomy":"category","embeddable":true,"href":"https:\/\/www.europesays.com\/pl\/wp-json\/wp\/v2\/categories?post=505739"},{"taxonomy":"post_tag","embeddable":true,"href":"https:\/\/www.europesays.com\/pl\/wp-json\/wp\/v2\/tags?post=505739"}],"curies":[{"name":"wp","href":"https:\/\/api.w.org\/{rel}","templated":true}]}}