{"id":50576,"date":"2025-10-15T14:59:14","date_gmt":"2025-10-15T14:59:14","guid":{"rendered":"https:\/\/www.europesays.com\/pl\/50576\/"},"modified":"2025-10-15T14:59:14","modified_gmt":"2025-10-15T14:59:14","slug":"scena-z-katarzyna-cichopek-w-m-jak-milosc-wywolala-burze-troche-bez-sensu","status":"publish","type":"post","link":"https:\/\/www.europesays.com\/pl\/50576\/","title":{"rendered":"Scena z Katarzyn\u0105 Cichopek w &#8222;M jak mi\u0142o\u015b\u0107&#8221; wywo\u0142a\u0142a burz\u0119. &#8222;Troch\u0119 bez sensu&#8221;"},"content":{"rendered":"<p class=\"ods-c-paragraph \">W wyemitowanym 14 pa\u017adziernika 1883. odcinku <a href=\"https:\/\/plejada.pl\/m-jak-milosc-serial\" id=\"7bc1df3e-0614-4329-b65a-9284335f715a\" rel=\"nofollow noopener\" target=\"_blank\">&#8222;M jak mi\u0142o\u015b\u0107&#8221;<\/a> Kinga Zdu\u0144ska (<a href=\"https:\/\/plejada.pl\/zdjecia-gwiazd\/katarzyna-cichopek-25-lat-temu-w-m-jak-milosc-zagrala-osobe-niewidoma\/1gy1t8z\" id=\"1f5eaa26-c08f-4aef-a947-91f2d05a7d3f\" rel=\"nofollow noopener\" target=\"_blank\">Katarzyna Cichopek<\/a>) znalaz\u0142a si\u0119 w niezwykle niebezpiecznej sytuacji. Gdy dzieci wyjecha\u0142y, a m\u0105\u017c uda\u0142 si\u0119 na konferencj\u0119, bohaterka zosta\u0142a sama w domu. Wtedy do jej drzwi zapuka\u0142 s\u0105siad, Darek Hoffman (<a href=\"https:\/\/plejada.pl\/newsy\/ksiadz-maciej-z-rancza-wzial-slub-kim-jest-wybranka-mateusza-rusina\/d9b2mlf\" id=\"483f45c9-7cd2-4703-9f20-496858e54156\" rel=\"nofollow noopener\" target=\"_blank\">Mateusz Rusin<\/a>). Nie podejrzewaj\u0105c z\u0142ych intencji, Kinga wpu\u015bci\u0142a go do \u015brodka, co okaza\u0142o si\u0119 pocz\u0105tkiem dramatycznych wydarze\u0144.<\/p>\n<p class=\"ods-c-paragraph \">W pewnym momencie m\u0119\u017cczyzna wrzuci\u0142 do fili\u017canki Kingi tabletk\u0119 gwa\u0142tu. Kiedy kobieta straci\u0142a przytomno\u015b\u0107, napastnik zacz\u0105\u0142 j\u0105 molestowa\u0107. W kulminacyjnym momencie do domu niespodziewanie wr\u00f3ci\u0142 Piotr Zdu\u0144ski (<a href=\"https:\/\/plejada.pl\/marcin-mroczek\" id=\"fe3c37a1-5dbf-4e19-87f1-692b26b466da\" rel=\"nofollow noopener\" target=\"_blank\">Marcin Mroczek<\/a>), kt\u00f3ry natychmiast rzuci\u0142 si\u0119 na napastnika. Chwil\u0119 p\u00f3\u017aniej na miejsce przyjecha\u0142a policja.<\/p>\n<p>Dalszy ci\u0105g artyku\u0142u pod materia\u0142em wideo<\/p>\n<p> Jaka by\u0142a scena z Katarzyn\u0105 Cichopek w 'M jak mi\u0142o\u015b\u0107&#8217;? <\/p>\n<p> Kto zaatakowa\u0142 King\u0119 Zdu\u0144sk\u0105? <\/p>\n<p> Jakie by\u0142y reakcje widz\u00f3w na nowy odcinek 'M jak mi\u0142o\u015b\u0107&#8217;? <\/p>\n<p> Dlaczego widzowie krytykowali fabu\u0142\u0119 odcinka? <\/p>\n<p>  Najnowszy odcinek &#8222;M jak mi\u0142o\u015b\u0107&#8221; wywo\u0142a\u0142 fal\u0119 krytyki. &#8222;Troch\u0119 bez sensu&#8221;<\/p>\n<p class=\"ods-c-paragraph \">Cho\u0107 scena wywo\u0142a\u0142a ogromne emocje w\u015br\u00f3d widz\u00f3w, wielu z nich nie kry\u0142o rozczarowania. Pod oficjalnymi postami &#8222;M jak mi\u0142o\u015b\u0107&#8221; pojawi\u0142y si\u0119 liczne komentarze zarzucaj\u0105ce scenarzystom brak logiki i konsekwencji w fabule.<\/p>\n<blockquote class=\"ods-o-quota\">\n<p class=\"ods-o-quota__paragraph\">Scena jak najbardziej dobra, tego nie mog\u0119 zabra\u0107, ale pytanie za sto punkt\u00f3w \u2014 dlaczego Marysia, wiedz\u0105c, \u017ce Piotrek jest w delegacji, a Artur na spotkaniu, nie zadzwoni\u0142a do Paw\u0142a, tylko akurat do Artura?<\/p>\n<\/blockquote>\n<p class=\"ods-c-paragraph \">\u2014 zastanawia si\u0119 jedna z fanek.<\/p>\n<blockquote class=\"ods-o-quota\">\n<p class=\"ods-o-quota__paragraph\">My\u015bla\u0142am, \u017ce ta karetka by\u0142a po s\u0105siada, bo tak Piotrek go ok\u0142ada\u0142 pi\u0119\u015bciami\u2026 A ten wyszed\u0142 bez szwanku! Po takich ciosach powinien mie\u0107 twarz zakrwawion\u0105<\/p>\n<\/blockquote>\n<p class=\"ods-c-paragraph \">\u2014 komentuje inna.<\/p>\n<blockquote class=\"ods-o-quota\">\n<p class=\"ods-o-quota__paragraph\">Troch\u0119 bez sensu, \u017ce akurat Piotrek przyjecha\u0142. Przecie\u017c nie odbiera\u0142 telefonu, a Marysia dodzwoni\u0142a si\u0119 do Artura i kaza\u0142a mu zawr\u00f3ci\u0107. Na logik\u0119 to on powinien tam si\u0119 zjawi\u0107<\/p>\n<\/blockquote>\n<p class=\"ods-c-paragraph \">\u2014 dodaje kolejna.<\/p>\n<blockquote class=\"ods-o-quota\">\n<p class=\"ods-o-quota__paragraph\">Artur w ko\u0144cu nie zd\u0105\u017cy\u0142&#8230; Szybki ten Piotrek \u2013 dojecha\u0142 z Poznania szybciej ni\u017c Artur z Grabiny<\/p>\n<\/blockquote>\n<p class=\"ods-c-paragraph \">\u2014 ironizuje u\u017cytkowniczka Facebooka.<\/p>\n<p><img decoding=\"async\" src=\"https:\/\/www.europesays.com\/pl\/wp-content\/uploads\/2025\/10\/J_0k9lBaHR0cHM6Ly9vY2RuLmV1L3B1bHNjbXMvTURBXy80YWU4MzYxYWI1ZWViZDJlZGJiMDE5YWI4YzQyNjI5NS5qcGeRlQLNB.jpeg\" height=\"626\" width=\"940\" alt=\"Kadr z 1883. odcinka &quot;M jak mi\u0142o\u015b\u0107&quot;\" loading=\"lazy\" class=\"ods-c-image__img ods-c-image__img--viewport-width\"\/><\/p>\n<p>Kadr z 1883. odcinka &#8222;M jak mi\u0142o\u015b\u0107&#8221;MTL Maxfilm \/ TVP<\/p>\n<p> <img decoding=\"async\" src=\"https:\/\/www.europesays.com\/pl\/wp-content\/uploads\/2025\/10\/ISvk9lBaHR0cHM6Ly9vY2RuLmV1L3B1bHNjbXMvTURBXy83NjdhZjMxYzhkNDMwMDQwOWRjYTA1OWUwZmE3Y2IzZi5qcGeRlQLNB.jpeg\" height=\"529\" width=\"940\" alt=\"Kadr z 1883. odcinka &quot;M jak mi\u0142o\u015b\u0107&quot;\" loading=\"lazy\" class=\"ods-c-image__img ods-c-image__img--viewport-width\"\/><\/p>\n<p>Kadr z 1883. odcinka &#8222;M jak mi\u0142o\u015b\u0107&#8221;MTL Maxfilm \/ TVP<\/p>\n<p class=\"ods-c-paragraph \">Dzi\u0119kujemy, \u017ce przeczyta\u0142a\u015b\/e\u015b nasz artyku\u0142 do ko\u0144ca. W serwisie Plejada.pl ka\u017cdego dnia piszemy o najwa\u017cniejszych wydarzeniach show-biznesowych. B\u0105d\u017a na bie\u017c\u0105co! <a rel=\"nofollow noopener\" href=\"https:\/\/news.google.com\/publications\/CAAiEF0PeAlb7W1llpV_mwV2rL4qFAgKIhBdD3gJW-1tZZaVf5sFdqy-?hl=pl&amp;gl=PL&amp;ceid=PL%3Apl\" id=\"e9dffe39-4be8-4998-8878-7915b27d926c\" target=\"_blank\">Obserwuj<\/a> Plejad\u0119 w Wiadomo\u015bciach Google. Odwied\u017a nas tak\u017ce na <a rel=\"nofollow noopener\" href=\"https:\/\/www.facebook.com\/plejadapl\" id=\"79a70572-54e7-4087-950f-c591aa720a9c\" target=\"_blank\">Facebooku<\/a>, <a rel=\"nofollow noopener\" href=\"https:\/\/www.instagram.com\/plejadapl\/\" id=\"6c322da7-523b-49ca-80bf-2ece0c0df4c3\" target=\"_blank\">Instagramie<\/a>, <a rel=\"nofollow noopener\" href=\"https:\/\/www.youtube.com\/c\/plejada\" id=\"f9b01e8b-85df-4ddb-80d4-125a19546206\" target=\"_blank\">YouTubie<\/a> oraz <a rel=\"nofollow noopener\" href=\"https:\/\/www.tiktok.com\/@plejada_pl\" id=\"442d6460-eabc-4d9d-8fec-fa6373221d5a\" target=\"_blank\">TikToku<\/a>.<\/p>\n<p class=\"ods-c-paragraph \">Chcesz podzieli\u0107 si\u0119 ciekawym newsem lub zaproponowa\u0107 temat? Skontaktuj si\u0119 z nami, pisz\u0105c maila na adres: <a rel=\"nofollow noopener\" href=\"https:\/\/plejada.pl\/newsy\/scena-z-katarzyna-cichopek-w-m-jak-milosc-wywolala-burze-troche-bez-sensu\/mailto:plejada@redakcjaonet.pl\" id=\"f0dbc70f-175f-4876-8f54-3ed2cfede97f\" target=\"_blank\">plejada@redakcjaonet.pl<\/a>.<\/p>\n<p><script async src=\"\/\/www.instagram.com\/embed.js\"><\/script><script async src=\"\/\/www.tiktok.com\/embed.js\"><\/script><\/p>\n","protected":false},"excerpt":{"rendered":"W wyemitowanym 14 pa\u017adziernika 1883. odcinku &#8222;M jak mi\u0142o\u015b\u0107&#8221; Kinga Zdu\u0144ska (Katarzyna Cichopek) znalaz\u0142a si\u0119 w niezwykle niebezpiecznej&hellip;\n","protected":false},"author":2,"featured_media":50577,"comment_status":"","ping_status":"","sticky":false,"template":"","format":"standard","meta":{"footnotes":""},"categories":[5],"tags":[32,33,36,37,27,5649,34,35,7992,9139,28,31,48,25,125,46,42,38,40,39,41,47,29,30,26],"class_list":{"0":"post-50576","1":"post","2":"type-post","3":"status-publish","4":"format-standard","5":"has-post-thumbnail","7":"category-naglowki","8":"tag-breaking-news","9":"tag-breakingnews","10":"tag-featured-news","11":"tag-featurednews","12":"tag-headlines","13":"tag-katarzyna_cichopek","14":"tag-latest-news","15":"tag-latestnews","16":"tag-m_jak_milosc","17":"tag-marcin_mroczek","18":"tag-naglowki","19":"tag-najwazniejsze-artykuly","20":"tag-nat_styl","21":"tag-news","22":"tag-newsy","23":"tag-omp","24":"tag-pl","25":"tag-poland","26":"tag-polish","27":"tag-polska","28":"tag-polski","29":"tag-screening_general","30":"tag-top-stories","31":"tag-topstories","32":"tag-wiadomosci"},"share_on_mastodon":{"url":"","error":""},"_links":{"self":[{"href":"https:\/\/www.europesays.com\/pl\/wp-json\/wp\/v2\/posts\/50576","targetHints":{"allow":["GET"]}}],"collection":[{"href":"https:\/\/www.europesays.com\/pl\/wp-json\/wp\/v2\/posts"}],"about":[{"href":"https:\/\/www.europesays.com\/pl\/wp-json\/wp\/v2\/types\/post"}],"author":[{"embeddable":true,"href":"https:\/\/www.europesays.com\/pl\/wp-json\/wp\/v2\/users\/2"}],"replies":[{"embeddable":true,"href":"https:\/\/www.europesays.com\/pl\/wp-json\/wp\/v2\/comments?post=50576"}],"version-history":[{"count":0,"href":"https:\/\/www.europesays.com\/pl\/wp-json\/wp\/v2\/posts\/50576\/revisions"}],"wp:featuredmedia":[{"embeddable":true,"href":"https:\/\/www.europesays.com\/pl\/wp-json\/wp\/v2\/media\/50577"}],"wp:attachment":[{"href":"https:\/\/www.europesays.com\/pl\/wp-json\/wp\/v2\/media?parent=50576"}],"wp:term":[{"taxonomy":"category","embeddable":true,"href":"https:\/\/www.europesays.com\/pl\/wp-json\/wp\/v2\/categories?post=50576"},{"taxonomy":"post_tag","embeddable":true,"href":"https:\/\/www.europesays.com\/pl\/wp-json\/wp\/v2\/tags?post=50576"}],"curies":[{"name":"wp","href":"https:\/\/api.w.org\/{rel}","templated":true}]}}