{"id":505937,"date":"2026-06-20T10:43:11","date_gmt":"2026-06-20T10:43:11","guid":{"rendered":"https:\/\/www.europesays.com\/pl\/505937\/"},"modified":"2026-06-20T10:43:11","modified_gmt":"2026-06-20T10:43:11","slug":"alert-rcb-przed-burzami-konwekcyjnymi-dzis-do-30-st-c","status":"publish","type":"post","link":"https:\/\/www.europesays.com\/pl\/505937\/","title":{"rendered":"Alert RCB przed burzami konwekcyjnymi. Dzi\u015b do 30 st. C"},"content":{"rendered":"<p>            <a href=\"https:\/\/s-trojmiasto.pl\/zdj\/c\/n\/9\/4351\/1299x0\/4351476-Cale-Pomorze-zostalo-objete-ostrzezeniem-pierwszego-stopnia.webp\" target=\"_blank\" data-slide-name=\"845749\" data-lightbox-target=\"photo full\" data-sub-html=\"&lt;h4&gt;Ca\u0142e Pomorze zosta\u0142o obj\u0119te ostrze\u017ceniem pierwszego stopnia.&lt;\/h4&gt;&lt;p&gt;mat. IMGW&lt;\/p&gt;&#010;\" class=\"photoMarker__link\" data-filter-brightness=\"brightness--100\" rel=\"nofollow noopener\"><\/p>\n<p>    <img decoding=\"async\" style=\"height:367px; aspect-ratio: 2.03925\/1; filter:brightness(1);\" alt=\"Ca\u0142e Pomorze zosta\u0142o obj\u0119te ostrze\u017ceniem pierwszego stopnia.\" src=\"https:\/\/www.europesays.com\/pl\/wp-content\/uploads\/2026\/06\/4351476-Cale-Pomorze-zostalo-objete-ostrzezeniem-pierwszego-stopnia.webp\" class=\"photoMarker__img \" data-slider=\"img\" fetchpriority=\"high\"\/><\/p>\n<p>            <\/a><\/p>\n<p class=\"lead\">Instytut Meteorologii i\u00a0Gospodarki Wodnej wyda\u0142 ostrze\u017cenie pierwszego stopnia przed silnymi burzami konwekcyjnymi dla ca\u0142ego wojew\u00f3dztwa pomorskiego. Mieszka\u0144cy Tr\u00f3jmiasta zacz\u0119li otrzymywa\u0107 wiadomo\u015bci SMS z\u00a0alertem RCB przypominaj\u0105cym o\u00a0zasadach bezpiecze\u0144stwa w\u00a0trakcie za\u0142amania pogody. Najsilniejszych zjawisk synoptycy spodziewaj\u0105 si\u0119 mi\u0119dzy godz. 16 a\u00a0p\u00f3\u017anymi godzinami nocnymi z\u00a0soboty na niedziel\u0119.<\/p>\n<p><a data-tklik=\"727710\" target=\"_self\" href=\"https:\/\/www.trojmiasto.pl\/pogoda\/gdansk\" class=\"link-info-box\" rel=\"nofollow noopener\"><\/p>\n<p>Sprawd\u017a prognoz\u0119 pogody dla Tr\u00f3jmiasta<\/p>\n<p><\/a><\/p>\n<p>Burze po upalnym dniu<\/p>\n<p>                                do\u015b\u0107 mocno si\u0119 obawiam<br \/>\n                                11%<\/p>\n<p>                                nie czuj\u0119 wi\u0119kszego niepokoju<br \/>\n                                33%<\/p>\n<p>                                w og\u00f3le si\u0119 nie obawiam<br \/>\n                                42%<\/p>\n<p>Sobota b\u0119dzie wyj\u0105tkowo upalna. Termometry w\u00a0Gda\u0144sku, Gdyni i\u00a0Sopocie wska\u017c\u0105 nawet 30 st. C\u00a0w cieniu. Wysoka temperatura oraz du\u017ca wilgotno\u015b\u0107 powietrza to idealne warunki do powstawania gwa\u0142townych zjawisk pogodowych.<\/p>\n<p>Silne nagrzanie pod\u0142o\u017ca przyczynia si\u0119 do rozwoju tzw. burz konwekcyjnych. To dynamiczne i\u00a0cz\u0119sto trudne do precyzyjnego zlokalizowania zjawiska, kt\u00f3rym mog\u0105 towarzyszy\u0107 gwa\u0142towne porywy wiatru, intensywne opady deszczu, a\u00a0lokalnie nawet grad. Z\u00a0tego powodu IMGW og\u0142osi\u0142o ostrze\u017cenie pierwszego stopnia dla ca\u0142ego regionu.<\/p>\n<p>                                    <a href=\"https:\/\/katalog.trojmiasto.pl\/finanse_i_ubezpieczenia\/ubezpieczenia\/\" rel=\"nofollow noopener\" target=\"_blank\"><br \/>\n                                                    Katalog.trojmiasto.pl \u2013<br \/>\n                                                                    Sprawdzone firmy ubezpieczeniowe<br \/>\n                                                                    <\/a><\/p>\n<p>                <a href=\"https:\/\/katalog.trojmiasto.pl\/finanse_i_ubezpieczenia\/ubezpieczenia\/\" rel=\"nofollow noopener\" target=\"_blank\"><br \/>\n                    wi\u0119cej<\/p>\n<p>                <\/a><\/p>\n<p>&#8211; Prognozowane s\u0105 burze, kt\u00f3rym miejscami b\u0119d\u0105 towarzyszy\u0107 bardzo silne opady deszczu od 30 mm do 40 mm oraz porywy wiatru do 90 km\/h, <a href=\"https:\/\/www.trojmiasto.pl\/dom\/Punkt-i1274.html\" class=\"parse-link\" title=\"Punkt\" rel=\"nofollow noopener\" target=\"_blank\">punktowo<\/a> do 100 km\/h. Miejscami grad &#8211; przestrzegaj\u0105 synoptycy Instytutu Meteorologii i\u00a0Gospodarki Wodnej.<\/p>\n<p>Alert RCB na telefonach<\/p>\n<p>Ze wzgl\u0119du na przewidywan\u0105 gwa\u0142towno\u015b\u0107 zjawisk do akcji wkroczy\u0142o Rz\u0105dowe Centrum Bezpiecze\u0144stwa, rozsy\u0142aj\u0105c alert SMS o\u00a0nast\u0119puj\u0105cej tre\u015bci:<\/p>\n<p>Uwaga! Dzi\u015b i\u00a0jutro (20\/21.06) prawdopodobne intensywne opady deszczu, silny wiatr i\u00a0burze. Mo\u017cliwe przerwy w\u00a0dostawie pr\u0105du. Unikaj otwartych przestrzeni.<br \/>Komunikaty te trafiaj\u0105 do wszystkich os\u00f3b przebywaj\u0105cych na terenie wojew\u00f3dztwa pomorskiego i\u00a0stanowi\u0105 bezpo\u015bredni sygna\u0142 do zachowania szczeg\u00f3lnej ostro\u017cno\u015bci.<\/p>\n<p>\n            <a href=\"https:\/\/ogloszenia.trojmiasto.pl\/narzedzia\/k1i,2.html\" rel=\"nofollow noopener\" target=\"_blank\">Og\u0142oszenia.trojmiasto.pl\u00a0\u2013\u00a0Agregaty pr\u0105dotw\u00f3rcze i narz\u0119dzia<\/a><\/p>\n<p>                <a href=\"https:\/\/ogloszenia.trojmiasto.pl\/narzedzia\/k1i,2.html\" rel=\"nofollow noopener\" target=\"_blank\"><br \/>\n                    Wi\u0119cej w serwisie Og\u0142oszenia<br \/>\n                    (54)<\/p>\n<p>                <\/a><\/p>\n<p>Jak zachowa\u0107 si\u0119 w\u00a0czasie burzy?<\/p>\n<p>W zwi\u0105zku z\u00a0nadej\u015bciem \u017cywio\u0142u specjali\u015bci przypominaj\u0105 podstawowe zasady bezpiecze\u0144stwa:<\/p>\n<p>Unikaj przebywania na otwartej przestrzeni, szczeg\u00f3lnie w\u00a0pobli\u017cu wysokich drzew, maszt\u00f3w czy linii energetycznych. Je\u017celi burza zastanie ci\u0119 na zewn\u0105trz, znajd\u017a schronienie w\u00a0solidnym budynku.Podr\u00f3\u017cuj\u0105c samochodem, staraj si\u0119 przeczeka\u0107 najsilniejsz\u0105 ulew\u0119 na poboczu, z\u00a0dala od drzew i\u00a0reklam. Unikaj <a href=\"https:\/\/www.trojmiasto.pl\/dom\/Parkowa-i1368.html\" class=\"parse-link\" title=\"Parkowa\" rel=\"nofollow noopener\" target=\"_blank\">parkowania<\/a> pod drzewami.Zabezpiecz wszystkie przedmioty na balkonach i\u00a0tarasach, takie jak doniczki, meble ogrodowe czy suszarki, kt\u00f3re pod wp\u0142ywem silnego wiatru mog\u0105 stanowi\u0107 zagro\u017cenie.Zamknij okna i\u00a0drzwi w\u00a0mieszkaniu.Je\u015bli przebywasz nad wod\u0105 (na pla\u017cy lub w\u00a0morzu), natychmiast wracaj na l\u0105d. Woda to bardzo dobry przewodnik pr\u0105du.Na\u0142aduj telefon i\u00a0miej pod r\u0119k\u0105 latark\u0119 &#8211; intensywne burze cz\u0119sto powoduj\u0105 lokalne przerwy w\u00a0dostawie energii elektrycznej.<\/p>\n","protected":false},"excerpt":{"rendered":"Instytut Meteorologii i\u00a0Gospodarki Wodnej wyda\u0142 ostrze\u017cenie pierwszego stopnia przed silnymi burzami konwekcyjnymi dla ca\u0142ego wojew\u00f3dztwa pomorskiego. Mieszka\u0144cy Tr\u00f3jmiasta&hellip;\n","protected":false},"author":2,"featured_media":505938,"comment_status":"","ping_status":"","sticky":false,"template":"","format":"standard","meta":{"footnotes":"","_share_on_mastodon":"0"},"categories":[51610],"tags":[37311,425,168,1048,1064,3751,98374,98375,3803,3750,4798,42,78,38,40,39,41,38947,8250,14802,1063,38525,98377,4000,8765,38946,98376,19530],"class_list":["post-505937","post","type-post","status-publish","format-standard","has-post-thumbnail","category-gdansk","tag-alert","tag-bezpieczenstwo","tag-burza","tag-gdansk","tag-gdynia","tag-godzina","tag-instytut-meteorologii-i-gospodarki-wodnej","tag-konwekcja","tag-mieszkaniec","tag-niedziela","tag-ostrzezenie","tag-pl","tag-pogoda","tag-poland","tag-polish","tag-polska","tag-polski","tag-pomorskie","tag-rcb","tag-sobota","tag-sopot","tag-stopien","tag-synoptyk","tag-trojmiasto","tag-wiadomosc","tag-wojewodztwo","tag-zalamanie","tag-zjawisko"],"share_on_mastodon":{"url":"https:\/\/pubeurope.com\/@pl\/116782027110629137","error":""},"_links":{"self":[{"href":"https:\/\/www.europesays.com\/pl\/wp-json\/wp\/v2\/posts\/505937","targetHints":{"allow":["GET"]}}],"collection":[{"href":"https:\/\/www.europesays.com\/pl\/wp-json\/wp\/v2\/posts"}],"about":[{"href":"https:\/\/www.europesays.com\/pl\/wp-json\/wp\/v2\/types\/post"}],"author":[{"embeddable":true,"href":"https:\/\/www.europesays.com\/pl\/wp-json\/wp\/v2\/users\/2"}],"replies":[{"embeddable":true,"href":"https:\/\/www.europesays.com\/pl\/wp-json\/wp\/v2\/comments?post=505937"}],"version-history":[{"count":0,"href":"https:\/\/www.europesays.com\/pl\/wp-json\/wp\/v2\/posts\/505937\/revisions"}],"wp:featuredmedia":[{"embeddable":true,"href":"https:\/\/www.europesays.com\/pl\/wp-json\/wp\/v2\/media\/505938"}],"wp:attachment":[{"href":"https:\/\/www.europesays.com\/pl\/wp-json\/wp\/v2\/media?parent=505937"}],"wp:term":[{"taxonomy":"category","embeddable":true,"href":"https:\/\/www.europesays.com\/pl\/wp-json\/wp\/v2\/categories?post=505937"},{"taxonomy":"post_tag","embeddable":true,"href":"https:\/\/www.europesays.com\/pl\/wp-json\/wp\/v2\/tags?post=505937"}],"curies":[{"name":"wp","href":"https:\/\/api.w.org\/{rel}","templated":true}]}}