{"id":506096,"date":"2026-06-20T12:43:08","date_gmt":"2026-06-20T12:43:08","guid":{"rendered":"https:\/\/www.europesays.com\/pl\/506096\/"},"modified":"2026-06-20T12:43:08","modified_gmt":"2026-06-20T12:43:08","slug":"koncerty-wystawy-warsztaty-trwa-swieto-podworka-ruska-46","status":"publish","type":"post","link":"https:\/\/www.europesays.com\/pl\/506096\/","title":{"rendered":"Koncerty, wystawy, warsztaty. Trwa \u015awi\u0119to Podw\u00f3rka Ruska 46"},"content":{"rendered":"<p>\u015awi\u0119to podw\u00f3rka Ruska 46.<\/p>\n<p>fot. mat. prasowe Wroc\u0142awski Instytut Kultury <\/p>\n<p>Ulica Ruska we Wroc\u0142awiu to jedyna ulica, kt\u00f3ra corocznie obchodzi swoje \u015bwi\u0119to. Obchody trwaj\u0105 przez ca\u0142y weekend.<\/p>\n<p style=\"text-align: justify;\">Koncerty, wystawy, warsztaty i dzia\u0142ania artystyczne wype\u0142ni\u0105 dziedziniec przy ul. Ruskiej 46. Wszystko za spraw\u0105 kolejnej edycji \u015awi\u0119ta Podw\u00f3rka Ruska 46. Sobota to dzie\u0144 koncertowy. Na wydarzenia zaprasza Weronika Fuda\u0142a Wroc\u0142awski Instytut Kultury:<\/p>\n<p style=\"text-align: justify;\">&#8211; Dzi\u015b wieczorem celebrujemy muzyk\u0119. Spotykamy si\u0119 o godzinie 17.00 i zapraszamy na serie koncert\u00f3w. Zagra na przyk\u0142ad Micha\u0142 Macewicz, zespo\u0142y alternatywne z Wroc\u0142awia Ciasnoprzestrze\u0144, Przysiady, Suchy pion. B\u0119dzie mo\u017cna r\u00f3wnie\u017c zwiedzi\u0107 galeri\u0119 Toy Piano, czyli niesamowit\u0105 kolekcj\u0119 mini instrument\u00f3w a dla szperaczy b\u0119dzie targ winyli i kaset.<\/p>\n<p>&#13;<br \/>\n\t\t\t\t\t\t\t\t\t\tAby ods\u0142ucha\u0107 za\u0142\u0105czonego d\u017awi\u0119ku zaktualizuj przegl\u0105dark\u0119 lub\/i wtyczk\u0119 Adobe Flash Player.&#13;\n\t\t\t\t\t\t\t\t\t<\/p>\n<p style=\"text-align: justify;\">Juto w niedziel\u0119 21.06 przy ulicy Ruskiej 46 wybrzmi dzia\u0142alno\u015b\u0107 fundacji, organizacji i spo\u0142eczno\u015bci wsp\u00f3\u0142tworz\u0105cych podw\u00f3rko, w tym \u015brodowisk skupiaj\u0105cych przedstawicieli r\u00f3\u017cnych kultur oraz mniejszo\u015bci narodowych i etnicznych.<\/p>\n<p style=\"text-align: justify;\">&#8211; B\u0119d\u0105 to warsztaty zwi\u0105zane z kultur\u0105 ludow\u0105, poznamy jedzenie, poznamy tradycj\u0119 innych kraj\u00f3w, b\u0119dziemy mogli wzi\u0105\u0107 udzia\u0142 w korowodzie tanecznym, happeningu. B\u0119dziemy mogli pozna\u0107 kultur\u0119 ukrai\u0144sk\u0105, bia\u0142orusk\u0105, bu\u0142garska, poznamy tak\u017ce mniejszo\u015b\u0107 karaimsk\u0105 mieszkaj\u0105ca we Wroc\u0142awiu.<\/p>\n<p>&#13;<br \/>\n\t\t\t\t\t\t\t\t\t\tAby ods\u0142ucha\u0107 za\u0142\u0105czonego d\u017awi\u0119ku zaktualizuj przegl\u0105dark\u0119 lub\/i wtyczk\u0119 Adobe Flash Player.&#13;\n\t\t\t\t\t\t\t\t\t<\/p>\n<p style=\"text-align: justify;\">Ruska 46 to miejsce znane tak\u017ce z zabytkowych neon\u00f3w, kt\u00f3ra od lat pe\u0142ni funkcj\u0119 wa\u017cnego centrum aktywno\u015bci kulturalnej we Wroc\u0142awiu. Coroczne \u015bwi\u0119to jest okazj\u0105, \u017ceby bli\u017cej pozna\u0107 osoby wsp\u00f3\u0142tworz\u0105ce to miejsce i zobaczy\u0107, czym si\u0119 zajmuj\u0105. Wydarzenie jest organizowane w ramach \u015awi\u0119ta Wroc\u0142awia 2026.<\/p>\n","protected":false},"excerpt":{"rendered":"\u015awi\u0119to podw\u00f3rka Ruska 46. fot. mat. prasowe Wroc\u0142awski Instytut Kultury Ulica Ruska we Wroc\u0142awiu to jedyna ulica, kt\u00f3ra&hellip;\n","protected":false},"author":2,"featured_media":506097,"comment_status":"","ping_status":"","sticky":false,"template":"","format":"standard","meta":{"footnotes":"","_share_on_mastodon":"0"},"categories":[51607],"tags":[98397,10723,42,57926,38,40,39,41,62489,5073,57925,54229,1853,8814],"class_list":["post-506096","post","type-post","status-publish","format-standard","has-post-thumbnail","category-wroclaw","tag-98397","tag-koncerty","tag-pl","tag-podworka","tag-poland","tag-polish","tag-polska","tag-polski","tag-ruska","tag-swieto","tag-trwa","tag-warsztaty","tag-wroclaw","tag-wystawy"],"share_on_mastodon":{"url":"https:\/\/pubeurope.com\/@pl\/116782498217959546","error":""},"_links":{"self":[{"href":"https:\/\/www.europesays.com\/pl\/wp-json\/wp\/v2\/posts\/506096","targetHints":{"allow":["GET"]}}],"collection":[{"href":"https:\/\/www.europesays.com\/pl\/wp-json\/wp\/v2\/posts"}],"about":[{"href":"https:\/\/www.europesays.com\/pl\/wp-json\/wp\/v2\/types\/post"}],"author":[{"embeddable":true,"href":"https:\/\/www.europesays.com\/pl\/wp-json\/wp\/v2\/users\/2"}],"replies":[{"embeddable":true,"href":"https:\/\/www.europesays.com\/pl\/wp-json\/wp\/v2\/comments?post=506096"}],"version-history":[{"count":0,"href":"https:\/\/www.europesays.com\/pl\/wp-json\/wp\/v2\/posts\/506096\/revisions"}],"wp:featuredmedia":[{"embeddable":true,"href":"https:\/\/www.europesays.com\/pl\/wp-json\/wp\/v2\/media\/506097"}],"wp:attachment":[{"href":"https:\/\/www.europesays.com\/pl\/wp-json\/wp\/v2\/media?parent=506096"}],"wp:term":[{"taxonomy":"category","embeddable":true,"href":"https:\/\/www.europesays.com\/pl\/wp-json\/wp\/v2\/categories?post=506096"},{"taxonomy":"post_tag","embeddable":true,"href":"https:\/\/www.europesays.com\/pl\/wp-json\/wp\/v2\/tags?post=506096"}],"curies":[{"name":"wp","href":"https:\/\/api.w.org\/{rel}","templated":true}]}}