{"id":50611,"date":"2025-10-15T15:27:14","date_gmt":"2025-10-15T15:27:14","guid":{"rendered":"https:\/\/www.europesays.com\/pl\/50611\/"},"modified":"2025-10-15T15:27:14","modified_gmt":"2025-10-15T15:27:14","slug":"trzy-ciala-w-domu-w-barcicach-trwa-policyjna-oblawa-za-25-latkiem","status":"publish","type":"post","link":"https:\/\/www.europesays.com\/pl\/50611\/","title":{"rendered":"Trzy cia\u0142a w domu w Barcicach. Trwa policyjna ob\u0142awa za 25-latkiem"},"content":{"rendered":"<p>Wed\u0142ug relacji policjantki, zg\u0142oszenie o odnalezieniu cia\u0142 wp\u0142yn\u0119\u0142o na policj\u0119 w \u015brod\u0119 wcze\u015bnie rano. Przybyli na miejsce policjanci w domu jednorodzinnym znale\u017ali zw\u0142oki trzech os\u00f3b, mieszka\u0144c\u00f3w tego domu, kobiety w wieku 52 lat i dw\u00f3ch m\u0119\u017cczyzn w wieku 45 i 66 lat. Ofiary by\u0142y za sob\u0105 spokrewnione.<\/p>\n<p>&#8211; Wst\u0119pne nasze ogl\u0119dziny wykazuj\u0105 obra\u017cenia cia\u0142, kt\u00f3re mog\u0105 wskazywa\u0107 na to, \u017ce by\u0142 udzia\u0142 os\u00f3b trzecich przy ich zgonie &#8211; zaznaczy\u0142a Cis\u0142o.<\/p>\n<p><a name=\"eztoc31317101_0_2\" id=\"eztoc31317101_0_2\"\/>Ma\u0142opolska policja poszukuje 25-latka. &#8222;Musimy ustali\u0107, co wie&#8221;<\/p>\n<p>Policja rozpocz\u0119\u0142a poszukiwania 25-lata, syna jednej z ofiar, kt\u00f3ry jest jednym z lokator\u00f3w mieszkania.\u00a0 &#8211; B\u0119dziemy szuka\u0107 tego cz\u0142owieka &#8211; nie twierdzimy, \u017ce to jest sprawca, natomiast musimy ustali\u0107, co wie na ten temat &#8211; m\u00f3wi\u0142a we \u015brod\u0119 rano rzecznik.<\/p>\n<p>\n<a href=\"https:\/\/tvn24.pl\/krakow\/barcice-gorne-ciala-trzech-osob-w-domu-poszukiwania-25-letniego-mezczyzny-st8700189\" target=\"_self\" rel=\"dofollow noopener\">Jak poda\u0142 TVN24, policyjna ob\u0142awa dobieg\u0142a ko\u0144ca &#8211; 25-latek zosta\u0142 ju\u017c zatrzymany.<\/a><\/p>\n<p>Pos\u0142uchaj:<\/p>\n<p>\u00a0\u0179r\u00f3d\u0142o: PAP\/TVN24<\/p>\n","protected":false},"excerpt":{"rendered":"Wed\u0142ug relacji policjantki, zg\u0142oszenie o odnalezieniu cia\u0142 wp\u0142yn\u0119\u0142o na policj\u0119 w \u015brod\u0119 wcze\u015bnie rano. Przybyli na miejsce policjanci&hellip;\n","protected":false},"author":2,"featured_media":50612,"comment_status":"","ping_status":"","sticky":false,"template":"","format":"standard","meta":{"footnotes":""},"categories":[5],"tags":[32,33,36,37,27,1304,34,35,13720,9715,28,31,25,42,38,414,40,39,41,29,30,26],"class_list":{"0":"post-50611","1":"post","2":"type-post","3":"status-publish","4":"format-standard","5":"has-post-thumbnail","7":"category-naglowki","8":"tag-breaking-news","9":"tag-breakingnews","10":"tag-featured-news","11":"tag-featurednews","12":"tag-headlines","13":"tag-krakow","14":"tag-latest-news","15":"tag-latestnews","16":"tag-malopolskie","17":"tag-morderstwo","18":"tag-naglowki","19":"tag-najwazniejsze-artykuly","20":"tag-news","21":"tag-pl","22":"tag-poland","23":"tag-policja","24":"tag-polish","25":"tag-polska","26":"tag-polski","27":"tag-top-stories","28":"tag-topstories","29":"tag-wiadomosci"},"share_on_mastodon":{"url":"","error":""},"_links":{"self":[{"href":"https:\/\/www.europesays.com\/pl\/wp-json\/wp\/v2\/posts\/50611","targetHints":{"allow":["GET"]}}],"collection":[{"href":"https:\/\/www.europesays.com\/pl\/wp-json\/wp\/v2\/posts"}],"about":[{"href":"https:\/\/www.europesays.com\/pl\/wp-json\/wp\/v2\/types\/post"}],"author":[{"embeddable":true,"href":"https:\/\/www.europesays.com\/pl\/wp-json\/wp\/v2\/users\/2"}],"replies":[{"embeddable":true,"href":"https:\/\/www.europesays.com\/pl\/wp-json\/wp\/v2\/comments?post=50611"}],"version-history":[{"count":0,"href":"https:\/\/www.europesays.com\/pl\/wp-json\/wp\/v2\/posts\/50611\/revisions"}],"wp:featuredmedia":[{"embeddable":true,"href":"https:\/\/www.europesays.com\/pl\/wp-json\/wp\/v2\/media\/50612"}],"wp:attachment":[{"href":"https:\/\/www.europesays.com\/pl\/wp-json\/wp\/v2\/media?parent=50611"}],"wp:term":[{"taxonomy":"category","embeddable":true,"href":"https:\/\/www.europesays.com\/pl\/wp-json\/wp\/v2\/categories?post=50611"},{"taxonomy":"post_tag","embeddable":true,"href":"https:\/\/www.europesays.com\/pl\/wp-json\/wp\/v2\/tags?post=50611"}],"curies":[{"name":"wp","href":"https:\/\/api.w.org\/{rel}","templated":true}]}}