{"id":50619,"date":"2025-10-15T15:36:14","date_gmt":"2025-10-15T15:36:14","guid":{"rendered":"https:\/\/www.europesays.com\/pl\/50619\/"},"modified":"2025-10-15T15:36:14","modified_gmt":"2025-10-15T15:36:14","slug":"anita-sokolowska-olsnila-na-gali-wszechmocne-wlozyla-suknie-z-odkrytymi-placami-onet","status":"publish","type":"post","link":"https:\/\/www.europesays.com\/pl\/50619\/","title":{"rendered":"Anita Soko\u0142owska ol\u015bni\u0142a na gali #Wszechmocne. W\u0142o\u017cy\u0142a sukni\u0119 z odkrytymi placami &#8211; Onet"},"content":{"rendered":"<ol>\n<li><a href=\"https:\/\/news.google.com\/rss\/articles\/CBMiygFBVV95cUxNc1VwRVhTOHk3anJLYTdEOWRxaEFwN1VkOEE3dnRsR3JNSWtuQ0xoOTU2SWhUS1ctM3Q0RE55M3pDTk4wS0t1OXpoQTZXV3F6MVl6VC1oV0p6dGowTWxBMi1wck9hZFpOZ3VsWTduNUphbmRCdVh4WG5jeDBxZlphM00zdmdnT3F1M2FBa1RyR2hBRngzd1k4alVDRGc0ZW9XX1M3N045TXllTndhUnBiN2lrWEo5QnFuRGVobnRGTEc0ZWNPbVJlM0FB?oc=5\" target=\"_blank\" rel=\"nofollow noopener\">Anita Soko\u0142owska ol\u015bni\u0142a na gali #Wszechmocne. W\u0142o\u017cy\u0142a sukni\u0119 z odkrytymi placami<\/a>&nbsp;&nbsp;Onet<\/li>\n<li><a href=\"https:\/\/news.google.com\/rss\/articles\/CBMiygFBVV95cUxQLVA0TzJ3ZXIxa2ZoUnFaN19XZTJJdEJGQ3JIRGFza0xoTnA0SjdZZkdBRnloNVRxbk40alRWUWhpaWtFZjNKOVJ3TTNtUmZGM1N4bTMycFl4MHo4NkRHakdiOFp4bkRZbUMxbk9ZbkxnQmZtQm5LenpuZF9QNFBiT2cwMUZmN2tEOTFyMzNtMmtCOElpMUNiakF4WFFLQlNkTFVKdDdrMklaazhIUENHTUc5YUxzck9QLUJKaUZqSVJtOUR1cTd1M21B?oc=5\" target=\"_blank\" rel=\"nofollow noopener\">Mery Spolsky zakryta jedynie serduszkami, obok niej groszkowa Anna Kalczy\u0144ska<\/a>&nbsp;&nbsp;Onet<\/li>\n<li><a href=\"https:\/\/news.google.com\/rss\/articles\/CBMiiAFBVV95cUxPdV9vQk84UVQ4UDRleXlkeW9Db2p0SnlzSmpnbkpUaUFHQTdtZV9CTl8tSjA4cjE5WWhYSTk2cjJ4bWY0aTNzbG1xdHNjcHNnOVJPTnlRMGFXOEQyNUtfSkkxUlQwUlVoV1c0bmZmTGswR2U5SFhzN2xDUExYLUliMzd0c2FUVGx2?oc=5\" target=\"_blank\" rel=\"nofollow noopener\">Poznali\u015bmy laureatki plebiscytu #Wszechmocne 2025<\/a>&nbsp;&nbsp;WP<\/li>\n<li><a href=\"https:\/\/news.google.com\/rss\/articles\/CBMiwgFBVV95cUxOTFF3TVdlei1yOXdLNlk0QUpCQm5waTlOcDVlU1ZBVE9neHkxb01SMm5pMW1WODFBQkUyUTZIMXF2cVdtSXRuWXRNWTROUm1mZXBSYlZhNEhBMUxZMG5HWTNCVFAxekMteGhmb09WNGZQNXBiMHpwV05zQXZucXdXRmo2Mk5NaDFTRWNFUVhhdHhjQ3FUaExVZGdCNzZZUTJKZzNZVzlCUGdodlBBdVhxQnBYNXc2NXRiWS1ZMU1aaGFDdw?oc=5\" target=\"_blank\" rel=\"nofollow noopener\">&#8222;Wszechmocne&#8221; reporterki &#8222;Fakt\u00f3w&#8221; TVN. Dosta\u0142y nagrod\u0119<\/a>&nbsp;&nbsp;TVN24<\/li>\n<li><a href=\"https:\/\/news.google.com\/rss\/articles\/CBMisgFBVV95cUxNZlVhUHpWcktjYWNOTGZxblBpRzVUNnBkQS1aSW1QajFuN21NVDJHczl0N3JUUEs1QjJUbTJiZVZmcmZiT3FNTDVCVnNIbnVzWkxzRTgwcV94d2VBSUFZSm1palVnMEM0NUlEX1R3NHN4aktzdFZDeHc4WUg1SjBqUzJyRXBLeWl1ZlVpcHhWaUIzRGhsc0c1c3diTkR6dGJmVGE4UE94Z2NONjVySHhDeFl3?oc=5\" target=\"_blank\" rel=\"nofollow noopener\">Dziennikarka TVN o bezsilno\u015bci po nieudanej operacji. &#8222;Le\u017ca\u0142am w \u0142\u00f3\u017cku i p\u0142aka\u0142am&#8221;<\/a>&nbsp;&nbsp;Plejada<\/li>\n<\/ol>\n","protected":false},"excerpt":{"rendered":"Anita Soko\u0142owska ol\u015bni\u0142a na gali #Wszechmocne. W\u0142o\u017cy\u0142a sukni\u0119 z odkrytymi placami&nbsp;&nbsp;Onet Mery Spolsky zakryta jedynie serduszkami, obok niej&hellip;\n","protected":false},"author":2,"featured_media":50620,"comment_status":"","ping_status":"","sticky":false,"template":"","format":"standard","meta":{"footnotes":""},"categories":[22],"tags":[13721,122,53,52,68,51,55,42,38,40,39,41,123,47,196,1283,65,50],"class_list":{"0":"post-50619","1":"post","2":"type-post","3":"status-publish","4":"format-standard","5":"has-post-thumbnail","7":"category-rozrywka","8":"tag-anita_sokolowska","9":"tag-entertainment","10":"tag-new_header","11":"tag-onet3","12":"tag-onet3d","13":"tag-onet3d_2i","14":"tag-phx","15":"tag-pl","16":"tag-poland","17":"tag-polish","18":"tag-polska","19":"tag-polski","20":"tag-rozrywka","21":"tag-screening_general","22":"tag-styl_zycia","23":"tag-stylizacje","24":"tag-update_me","25":"tag-v2021"},"share_on_mastodon":{"url":"","error":""},"_links":{"self":[{"href":"https:\/\/www.europesays.com\/pl\/wp-json\/wp\/v2\/posts\/50619","targetHints":{"allow":["GET"]}}],"collection":[{"href":"https:\/\/www.europesays.com\/pl\/wp-json\/wp\/v2\/posts"}],"about":[{"href":"https:\/\/www.europesays.com\/pl\/wp-json\/wp\/v2\/types\/post"}],"author":[{"embeddable":true,"href":"https:\/\/www.europesays.com\/pl\/wp-json\/wp\/v2\/users\/2"}],"replies":[{"embeddable":true,"href":"https:\/\/www.europesays.com\/pl\/wp-json\/wp\/v2\/comments?post=50619"}],"version-history":[{"count":0,"href":"https:\/\/www.europesays.com\/pl\/wp-json\/wp\/v2\/posts\/50619\/revisions"}],"wp:featuredmedia":[{"embeddable":true,"href":"https:\/\/www.europesays.com\/pl\/wp-json\/wp\/v2\/media\/50620"}],"wp:attachment":[{"href":"https:\/\/www.europesays.com\/pl\/wp-json\/wp\/v2\/media?parent=50619"}],"wp:term":[{"taxonomy":"category","embeddable":true,"href":"https:\/\/www.europesays.com\/pl\/wp-json\/wp\/v2\/categories?post=50619"},{"taxonomy":"post_tag","embeddable":true,"href":"https:\/\/www.europesays.com\/pl\/wp-json\/wp\/v2\/tags?post=50619"}],"curies":[{"name":"wp","href":"https:\/\/api.w.org\/{rel}","templated":true}]}}