{"id":506306,"date":"2026-06-20T15:12:34","date_gmt":"2026-06-20T15:12:34","guid":{"rendered":"https:\/\/www.europesays.com\/pl\/506306\/"},"modified":"2026-06-20T15:12:34","modified_gmt":"2026-06-20T15:12:34","slug":"zuzel-swieto-speedwaya-na-grand-prix-we-wroclawiu-odwrocily-sie-role-kurtza-i-zmarzlika","status":"publish","type":"post","link":"https:\/\/www.europesays.com\/pl\/506306\/","title":{"rendered":"\u017bu\u017cel. \u015awi\u0119to speedwaya na Grand Prix we Wroc\u0142awiu. Odwr\u00f3ci\u0142y si\u0119 role Kurtza i Zmarzlika"},"content":{"rendered":"\n<p class=\"contentpart contentpart--default contentpart--text\" data-position=\"0\">Sytuacja w klasyfikacji generalnej <a href=\"https:\/\/sportowefakty.wp.pl\/zuzel\/sgpims\" rel=\"nofollow noopener\" target=\"_blank\">Grand Prix<\/a>\u00a02026 uleg\u0142a tej zasadniczej zmianie przed dwoma tygodniami w Manchesterze. Tam po pierwszym dniu \u015bcigania\u00a0<a href=\"https:\/\/sportowefakty.wp.pl\/zuzel\/bartosz-zmarzlik\" rel=\"nofollow noopener\" target=\"_blank\">Bartosz Zmarzlik<\/a>, pomimo wykluczenia w finale i drugiej pozycji <a href=\"https:\/\/sportowefakty.wp.pl\/zuzel\/brady-kurtz\" rel=\"nofollow noopener\" target=\"_blank\">Brady&#8217;ego Kurtza<\/a>\u00a0jeszcze zdo\u0142a\u0142 obroni\u0107 fotel lidera, ale ju\u017c po spektakularnym zwyci\u0119stwie g\u0142\u00f3wnego rywala w sobot\u0119 musia\u0142 odda\u0107 mu \u017c\u00f3\u0142to-z\u0142oty plastron, kt\u00f3ry od tego sezonu zn\u00f3w w cyklu zak\u0142ada zawodnik z najwy\u017csz\u0105 punktacj\u0105.<\/p>\n<p>Role delikatnie si\u0119 odwr\u00f3ci\u0142y<\/p>\n<p>  <img decoding=\"async\" src=\"https:\/\/v.wpimg.pl\/X3dwLnN2d1IFFTpdYUl6R0ZNbgcnEHQREVV2TGEGbUtRT2MdOlZ2RBQUKABgQjQcDRotCStBd1IAAWMeIlM7VgwYIAorQAdEFFk_GCkQJQ\" alt=\"\" width=\"45\" height=\"58\" loading=\"lazy\"\/>  <\/p>\n<p class=\"contentpart contentpart--default contentpart--text\" data-position=\"2\">Wzgl\u0119dem ubieg\u0142ego roku sytuacja si\u0119 wi\u0119c zmieni\u0142a. Wprawdzie Kurtz szybki i skuteczny by\u0142 wtedy od pocz\u0105tku, to jeszcze spogl\u0105dano na niego z ma\u0142ym przymru\u017ceniem oka, czy aby na pewno utrzyma wysoki pu\u0142ap, do jakiego si\u0119ga\u0142. Dopiero kiedy od czerwca zacz\u0105\u0142 wygrywa\u0107 turniej za turniejem, sta\u0142o si\u0119 jasne, \u017ce rzuci\u0142 on wyzwanie urz\u0119duj\u0105cemu mistrzowi. Co wi\u0119cej, nie kry\u0142 si\u0119 z zamiarami odebrania tytu\u0142u Zmarzlikowi.<\/p>\n<p class=\"contentpart contentpart--default contentpart--text\" data-position=\"3\">ZOBACZ WIDEO: Baron wskaza\u0142 jednoznacznie. To wp\u0142ywa na problemy Torunian<\/p>\n<p class=\"contentpart contentpart--default contentpart--text\" data-position=\"5\">Aktualnie bardzo dobre wyniki Australijczyka nikogo ju\u017c nie dziwi\u0105. O ile GP 2026 zacz\u0105\u0142 do\u015b\u0107 niemrawo w Landshut, o tyle od Pragi jest ju\u017c na podobnym poziomie do zesz\u0142orocznego. Pokaza\u0142 to Manchester, gdzie nie tylko odrobi\u0142 do Polaka sze\u015b\u0107 punkt\u00f3w, ale od razu zyska\u0142 nad nim trzy. Dla przyk\u0142adu w 2025 po czterech rundach rudow\u0142osy zawodnik by\u0142 wiceliderem ze strat\u0105 dziewi\u0119ciu &#8222;oczek&#8221;, a po pi\u0119ciu traci\u0142 ich a\u017c jedena\u015bcie. P\u00f3\u017aniej, cho\u0107 wygra\u0142 wszystkie pi\u0119\u0107 imprez, z\u0142oty medal przegra\u0142 o zaledwie punkt.<\/p>\n<p>  <img decoding=\"async\" src=\"https:\/\/v.wpimg.pl\/X3dwLnN2d1IFFTpdYUl6R0ZNbgcnEHQREVV2TGEGbUtRT2MdOlZ2RBQUKABgQjQcDRotCStBd1IAAWMeIlM7VgwYIAorQAdEFFk_GCkQJQ\" alt=\"\" width=\"45\" height=\"58\" loading=\"lazy\"\/>  <\/p>\n<p>Obro\u0144ca tytu\u0142u ponad rok bez wygranej<\/p>\n<p class=\"contentpart contentpart--default contentpart--text\" data-position=\"7\">W ostatnich latach Zmarzlik przywyk\u0142 do tego, \u017ce to on ucieka\u0142 konkurencji. Cz\u0119\u015bciej te\u017c wygrywa\u0142 pojedyncze turnieje w \u015bwiatowym cyklu. Tymczasem w sobot\u0119 minie 371 dni od ostatniego 29. triumfu w karierze. Od tamtej pory zawsze jest w fina\u0142owym biegu, ale ju\u017c ani razu nie wskoczy\u0142 na najwy\u017cszy stopie\u0144 podium. Za to Kurtz w tym czasie wygra\u0142 sze\u015bciokrotnie. To na pewno musi dzia\u0142a\u0107 na ambicj\u0119 polskiego mistrza \u015bwiata.<\/p>\n<p class=\"contentpart contentpart--default contentpart--text\" data-position=\"8\">Tak by\u0142o m.in. we Wroc\u0142awiu w sierpniu ubieg\u0142ego roku &#8211; w przedostatniej w\u00f3wczas rundzie. Reprezentant Polski piorunuj\u0105co zaprezentowa\u0142 si\u0119 w cz\u0119\u015bci zasadniczej, kt\u00f3r\u0105 zako\u0144czy\u0142 z kompletem punkt\u00f3w. Tyle \u017ce w finale po znakomitej walce musia\u0142 uzna\u0107 wy\u017cszo\u015b\u0107 Australijczyka, kt\u00f3ry i tak niczego nie nadrobi\u0142, gdy\u017c Zmarzlik kilka godzin wcze\u015bniej zdoby\u0142 dwa punkty w sprincie. Wobec tego Kurtz ca\u0142y czas by\u0142 za jego plecami w &#8222;generalce&#8221;, co &#8211; jak ju\u017c wspomnieli\u015bmy wcze\u015bniej &#8211; nie zmieni\u0142o si\u0119 r\u00f3wnie\u017c po ostatnich zawodach.<\/p>\n<p>  <img decoding=\"async\" src=\"https:\/\/v.wpimg.pl\/X3dwLnN2d1IFFTpdYUl6R0ZNbgcnEHQREVV2TGEGbUtRT2MdOlZ2RBQUKABgQjQcDRotCStBd1IAAWMeIlM7VgwYIAorQAdEFFk_GCkQJQ\" alt=\"\" width=\"45\" height=\"58\" loading=\"lazy\"\/>  <\/p>\n<p>Wroc\u0142aw nieodzownym miejscem w elicie<\/p>\n<p class=\"contentpart contentpart--default contentpart--text\" data-position=\"10\">Bieg sprinterski, drugi w tym roku, b\u0119dzie mie\u0107 miejsce w stolicy Dolnego \u015al\u0105ska tak\u017ce przy okazji zbli\u017caj\u0105cego si\u0119\u00a0<a href=\"https:\/\/sportowefakty.wp.pl\/zuzel\/gp-polski\" rel=\"nofollow noopener\" target=\"_blank\">GP Polski<\/a>\u00a0&#8211; pierwszego z trzech, jakie s\u0105 w kalendarzu mistrzostw. Co oczywiste, kibice nastawiaj\u0105 si\u0119 nie na pr\u00f3b\u0119 czasow\u0105, tylko na wiecz\u00f3r. Jak wiadomo, po przebudowie Stadionie Olimpijskiego odby\u0142o si\u0119 na nim ju\u017c osiem rund elitarnego cyklu i wi\u0119kszo\u015b\u0107 by\u0142a bardzo dobrym widowiskiem, co sprawia, \u017ce za ka\u017cdym razem wszyscy \u015bledz\u0105cy rywalizacj\u0119 \u017cu\u017clowc\u00f3w na tym 352-metrowym torze czekaj\u0105 na takie same emocje.<\/p>\n<p class=\"contentpart contentpart--default contentpart--text\" data-position=\"11\">Jako \u017ce w trwaj\u0105cej edycji na interesuj\u0105ce \u015bciganie nie mo\u017cna by\u0142o narzeka\u0107, istnieje du\u017ce prawdopodobie\u0144stwo, \u017ce na wroc\u0142awskim obiekcie te\u017c b\u0119dziemy takiego \u015bwiadkami. Co oczywiste, zadba\u0107 o to postara\u0107 si\u0119 jednak nie tylko lider i wicelider klasyfikacji punktowej, lecz r\u00f3wnie\u017c pozostali uczestnicy zawod\u00f3w. W\u015br\u00f3d nich zabraknie ca\u0142y czas kontuzjowanych <a href=\"https:\/\/sportowefakty.wp.pl\/zuzel\/daniel-bewley\" rel=\"nofollow noopener\" target=\"_blank\">Daniela Bewleya<\/a>\u00a0i <a href=\"https:\/\/sportowefakty.wp.pl\/zuzel\/fredrik-lindgren\" rel=\"nofollow noopener\" target=\"_blank\">Fredrika Lindgrena<\/a>.<\/p>\n<p>  <img decoding=\"async\" src=\"https:\/\/v.wpimg.pl\/X3dwLnN2d1IFFTpdYUl6R0ZNbgcnEHQREVV2TGEGbUtRT2MdOlZ2RBQUKABgQjQcDRotCStBd1IAAWMeIlM7VgwYIAorQAdEFFk_GCkQJQ\" alt=\"\" width=\"45\" height=\"58\" loading=\"lazy\"\/>  <\/p>\n<p class=\"contentpart contentpart--default contentpart--text\" data-position=\"12\">Do jazdy po urazie obojczyka wraca za to <a href=\"https:\/\/sportowefakty.wp.pl\/zuzel\/dominik-kubera\" rel=\"nofollow noopener\" target=\"_blank\">Dominik Kubera<\/a>, czyli jeden z nieobecnych przed kilkunastoma dniami w Wielkiej Brytanii. Jego dyspozycja pozostaje zagadk\u0105, podobnie jak nier\u00f3wnego i maj\u0105cego problemy z ustabilizowaniem swojej\u00a0<a href=\"https:\/\/sportowefakty.wp.pl\/zuzel\/patryk-dudek\" rel=\"nofollow noopener\" target=\"_blank\">Patryka Dudka<\/a>. Zapewne wy\u017cej ni\u017c tej dw\u00f3jki stoj\u0105 akcje <a href=\"https:\/\/sportowefakty.wp.pl\/zuzel\/kacper-woryna\" rel=\"nofollow noopener\" target=\"_blank\">Kacpra Woryny<\/a>, czyli &#8222;czarnego konia&#8221; GP 2026. Z kolei fani wroc\u0142awscy najmocniej kciuki b\u0119d\u0105 trzyma\u0107 za swojego idola i legend\u0119 Sparty. <a href=\"https:\/\/sportowefakty.wp.pl\/zuzel\/maciej-janowski\" rel=\"nofollow noopener\" target=\"_blank\">Maciej Janowski<\/a>\u00a0ponownie wyst\u0105pi na domowym owalu z &#8222;dzik\u0105 kart\u0105&#8221; i niew\u0105tpliwie postara si\u0119 zaprezentowa\u0107 na nim lepiej ani\u017celi w ubieg\u0142ym roku, kiedy zako\u0144czy\u0142 zmagania na dziewi\u0105tej pozycji.<\/p>\n<p class=\"contentpart contentpart--default contentpart--text\" data-position=\"13\">Uczestnicy Grand Prix Polski:<\/p>\n<p class=\"contentpart contentpart--default contentpart--text\" data-position=\"14\">Bartosz Zmarzlik (Polska) #95<br \/>Brady Kurtz (Australia) #101<br \/>Jack Holder (Australia) #25<br \/>Andrzej Lebiediew (\u0141otwa) #29<br \/>Robert Lambert (Wielka Brytania) #505<br \/>Max Fricke (Australia) #46<br \/>Jason Doyle (Australia) #69<br \/>Dominik Kubera (Polska) #415<br \/>Leon Madsen (Dania) #30<br \/>Michael Jepsen Jensen (Dania) #52<br \/>Patryk Dudek (Polska) #692<br \/>Kacper Woryna (Polska) #223<br \/>Nazar Parnicki (Ukraina) #785<br \/>Anders Thomsen (Dania) #105<br \/>Jan Kvech (Czechy) #201<br \/>Maciej Janowski (Polska) #16<\/p>\n<p>  <img decoding=\"async\" src=\"https:\/\/v.wpimg.pl\/X3dwLnN2d1IFFTpdYUl6R0ZNbgcnEHQREVV2TGEGbUtRT2MdOlZ2RBQUKABgQjQcDRotCStBd1IAAWMeIlM7VgwYIAorQAdEFFk_GCkQJQ\" alt=\"\" width=\"45\" height=\"58\" loading=\"lazy\"\/>  <\/p>\n<p class=\"contentpart contentpart--default contentpart--text\" data-position=\"15\">Nikodem Miko\u0142ajczyk (Polska) #17<br \/>Marcel Kowolik (Polska) #18<\/p>\n<p class=\"contentpart contentpart--default contentpart--text\" data-position=\"16\">Pocz\u0105tek kwalifikacji: sobota, godz. 14:00<br \/>Pocz\u0105tek turnieju:\u00a0sobota, godz. 19:00<br \/>S\u0119dzia: Craig Ackroyd (Wielka Brytania)<\/p>\n<p class=\"contentpart contentpart--default contentpart--text\" data-position=\"17\">Prognoza na sobot\u0119 (za: pogoda.wp.pl):<br \/>Temperatura: 28\u00b0C<br \/>Deszcz: 0.0 mm<br \/>Wiatr: 9 km\/h<\/p>\n<p class=\"contentpart contentpart--default contentpart--text\" data-position=\"18\">Klasyfikacja generalna Speedway Grand Prix 2026:<\/p>\n<p>Nasza relacja:<\/p>\n<p> <a href=\"https:\/\/sportowefakty.wp.pl\/zuzel\/relacja-na-zywo\/176167\/grand-prix-polski-we-wroclawiu-live\" class=\"box\" rel=\"nofollow noopener\" target=\"_blank\">  <\/p>\n<p>20.06.2026 19:00<\/p>\n<p>SGP\/IM\u015a<\/p>\n<p>Grand Prix Polski we Wroc\u0142awiu<\/p>\n<p>   <\/a>  <\/p>\n","protected":false},"excerpt":{"rendered":"Sytuacja w klasyfikacji generalnej Grand Prix\u00a02026 uleg\u0142a tej zasadniczej zmianie przed dwoma tygodniami w Manchesterze. Tam po pierwszym&hellip;\n","protected":false},"author":2,"featured_media":506307,"comment_status":"","ping_status":"","sticky":false,"template":"","format":"standard","meta":{"footnotes":"","_share_on_mastodon":"0"},"categories":[51607],"tags":[780,2163,3498,3416,3412,98339,10444,3495,2518,42,38,40,39,41,748,1853,174],"class_list":["post-506306","post","type-post","status-publish","format-standard","has-post-thumbnail","category-wroclaw","tag-bartosz-zmarzlik","tag-brady-kurtz","tag-daniel-bewley","tag-dominik-kubera","tag-fredrik-lindgren","tag-gp-polski","tag-kacper-woryna","tag-maciej-janowski","tag-patryk-dudek","tag-pl","tag-poland","tag-polish","tag-polska","tag-polski","tag-sgp-ims","tag-wroclaw","tag-zuzel"],"share_on_mastodon":{"url":"https:\/\/pubeurope.com\/@pl\/116783084403203311","error":""},"_links":{"self":[{"href":"https:\/\/www.europesays.com\/pl\/wp-json\/wp\/v2\/posts\/506306","targetHints":{"allow":["GET"]}}],"collection":[{"href":"https:\/\/www.europesays.com\/pl\/wp-json\/wp\/v2\/posts"}],"about":[{"href":"https:\/\/www.europesays.com\/pl\/wp-json\/wp\/v2\/types\/post"}],"author":[{"embeddable":true,"href":"https:\/\/www.europesays.com\/pl\/wp-json\/wp\/v2\/users\/2"}],"replies":[{"embeddable":true,"href":"https:\/\/www.europesays.com\/pl\/wp-json\/wp\/v2\/comments?post=506306"}],"version-history":[{"count":0,"href":"https:\/\/www.europesays.com\/pl\/wp-json\/wp\/v2\/posts\/506306\/revisions"}],"wp:featuredmedia":[{"embeddable":true,"href":"https:\/\/www.europesays.com\/pl\/wp-json\/wp\/v2\/media\/506307"}],"wp:attachment":[{"href":"https:\/\/www.europesays.com\/pl\/wp-json\/wp\/v2\/media?parent=506306"}],"wp:term":[{"taxonomy":"category","embeddable":true,"href":"https:\/\/www.europesays.com\/pl\/wp-json\/wp\/v2\/categories?post=506306"},{"taxonomy":"post_tag","embeddable":true,"href":"https:\/\/www.europesays.com\/pl\/wp-json\/wp\/v2\/tags?post=506306"}],"curies":[{"name":"wp","href":"https:\/\/api.w.org\/{rel}","templated":true}]}}