{"id":50638,"date":"2025-10-15T16:03:08","date_gmt":"2025-10-15T16:03:08","guid":{"rendered":"https:\/\/www.europesays.com\/pl\/50638\/"},"modified":"2025-10-15T16:03:08","modified_gmt":"2025-10-15T16:03:08","slug":"wladze-polskiego-zuzla-zabraly-glos-po-rezygnacji-dobruckiego-dla-mnie-to-zaskoczenie","status":"publish","type":"post","link":"https:\/\/www.europesays.com\/pl\/50638\/","title":{"rendered":"W\u0142adze polskiego \u017cu\u017cla zabra\u0142y g\u0142os po rezygnacji Dobruckiego. &#8222;Dla mnie to zaskoczenie\u201d"},"content":{"rendered":"\n<p class=\"contentpart contentpart--default contentpart--text\" data-position=\"0\">Mateusz Wr\u00f3blewski, WP SportoweFakty: Jak dosz\u0142o rozstania z <a href=\"https:\/\/sportowefakty.wp.pl\/zuzel\/rafal-dobrucki\" rel=\"nofollow noopener\" target=\"_blank\">Rafa\u0142em Dobruckim<\/a>? Z jakiego powodu trener Dobrucki zdecydowa\u0142 si\u0119 na taki krok?<br \/><a href=\"https:\/\/sportowefakty.wp.pl\/zuzel\/ireneusz-igielski\" rel=\"nofollow noopener\" target=\"_blank\">Ireneusz Igielski<\/a>, przewodnicz\u0105cy <a href=\"https:\/\/sportowefakty.wp.pl\/zuzel\/gksz\" rel=\"nofollow noopener\" target=\"_blank\">GKS\u017b<\/a>: O powody odej\u015bcia z kadry nale\u017cy zapyta\u0107 trenera Rafa\u0142a Dobruckiego. To on z\u0142o\u017cy\u0142 rezygnacj\u0119 na r\u0119ce prezesa <a href=\"https:\/\/sportowefakty.wp.pl\/moto\/michal-sikora\" rel=\"nofollow noopener\" target=\"_blank\">Micha\u0142a Sikory<\/a>, kt\u00f3ra zosta\u0142a przyj\u0119ta.<\/p>\n<p class=\"contentpart contentpart--default contentpart--text\" data-position=\"1\">Trener Dobrucki sygnalizowa\u0142 wcze\u015bniej mo\u017cliwo\u015b\u0107 potencjalnej rezygnacji?<br \/>Dla mnie osobi\u015bcie rezygnacja Rafa\u0142a to zaskoczenie, bo nie sygnalizowa\u0142 tego, jakoby chcia\u0142 opu\u015bci\u0107 reprezentacj\u0119. Pojawia\u0142y si\u0119 doniesienia medialne, kt\u00f3re \u0142\u0105czy\u0142y trenera Dobruckiego z innymi klubami, ale w naszym kierunku z jego strony nie by\u0142o \u017cadnych sygna\u0142\u00f3w. By\u0107 mo\u017ce wynik w <a href=\"https:\/\/sportowefakty.wp.pl\/zuzel\/speedway-nations\" rel=\"nofollow noopener\" target=\"_blank\">Speedway of Nations<\/a>\u00a0i <a href=\"https:\/\/sportowefakty.wp.pl\/zuzel\/dmsj\" rel=\"nofollow noopener\" target=\"_blank\">Speedway of Nations U21<\/a>\u00a0wp\u0142yn\u0105\u0142 na t\u0119 decyzj\u0119, ale nale\u017cy o to zapyta\u0107 trenera Dobruckiego. Wiem, \u017ce on chcia\u0142 zdoby\u0107 z\u0142oto, zreszt\u0105 jak my wszyscy.<\/p>\n<p> <img role=\"presentation\" src=\"https:\/\/std.wpcdn.pl\/images\/adv\/placeholder_wp.svg\" loading=\"lazy\" alt=\"\" decoding=\"async\"\/>  <\/p>\n<p class=\"contentpart contentpart--default contentpart--text\" data-position=\"2\">ZOBACZ WIDEO:\u00a0To b\u0119dzie trudna zima dla Ratajczaka. Zawodnika czeka d\u0142uga rehabilitacja<\/p>\n<p class=\"contentpart contentpart--default contentpart--text\" data-position=\"4\">Czy pojawi\u0142 si\u0119 ju\u017c kandydat na nast\u0119pc\u0119 Rafa\u0142a Dobruckiego?<br \/>Na ten moment nie mamy kandydata do zast\u0105pienia trenera Dobruckiego. To zbyt \u015bwie\u017cy temat. Dzia\u0142amy na spokojnie. Przed nami rozmowy, po kt\u00f3rych wy\u0142onimy kandydat\u00f3w do przej\u0119cia funkcji.<\/p>\n<p class=\"contentpart contentpart--default contentpart--text\" data-position=\"5\">Kiedy mo\u017cna spodziewa\u0107 si\u0119 decyzji co do nast\u0119pcy?<br \/>Mamy troch\u0119 czasu, bo sezon dobieg\u0142 ko\u0144ca. Nie mamy zatem na\u0142o\u017conej na siebie presji. Ca\u0142e szcz\u0119\u015bcie, \u017ce taka sytuacja przydarzy\u0142a si\u0119 teraz, a nie na kr\u00f3tko przed SoN i SoN 2. W\u00f3wczas by\u0142oby nerwowo.<\/p>\n<p class=\"contentpart contentpart--default contentpart--text\" data-position=\"6\">Trener Dobrucki czynnie uczestniczy\u0142 w planowaniu obozu, kt\u00f3ry corocznie odbywa si\u0119 w przerwie zimowej. Ob\u00f3z jest w jakim\u015b stopniu zagro\u017cony, czy kadrowicze b\u0119d\u0105 mieli czas na wsp\u00f3lny trening i integracj\u0119?<br \/>Ob\u00f3z jest niezagro\u017cony. Je\u015bli chodzi o przygotowania, to prosz\u0119 pami\u0119ta\u0107, \u017ce pozostaj\u0105 z nami <a href=\"https:\/\/sportowefakty.wp.pl\/mma\/mariusz-cieslinski\" rel=\"nofollow noopener\" target=\"_blank\">Mariusz Cie\u015bli\u0144ski<\/a>\u00a0i <a href=\"https:\/\/sportowefakty.wp.pl\/zuzel\/piotr-lutowski\" rel=\"nofollow noopener\" target=\"_blank\">Piotr Lutowski<\/a>, kt\u00f3rzy doskonale poradz\u0105 sobie z rozplanowaniem aktywno\u015bci podczas obozu, o ile konieczno\u015b\u0107 rozplanowania takowych zajdzie ju\u017c teraz. Obecnie czekamy na potwierdzenie terminu wyjazdu. W tej kwestii nic si\u0119 nie zmieni\u0142o. Mamy te\u017c <a href=\"https:\/\/sportowefakty.wp.pl\/zuzel\/dariusz-cieslak\" rel=\"nofollow noopener\" target=\"_blank\">Dariusza Cie\u015blaka<\/a>, kt\u00f3ry jest na \u0142\u0105czach z Mariuszem Cie\u015bli\u0144skim i Piotrem Lutowskim. Wszystko dzieje si\u0119 p\u0142ynnie, nic w tej kwestii nie jest zagro\u017cone.<\/p>\n<p> <img role=\"presentation\" src=\"https:\/\/std.wpcdn.pl\/images\/adv\/placeholder_wp.svg\" loading=\"lazy\" alt=\"\" decoding=\"async\"\/>  <\/p>\n<p class=\"contentpart contentpart--default contentpart--text\" data-position=\"7\">Czy rezygnacja Rafa\u0142a Dobruckiego wstrz\u0105sn\u0119\u0142a w\u0142adzami polskiego sportu \u017cu\u017clowego?<br \/>Nie. Nie ma w naszych szeregach paniki. Podkre\u015blam, \u017ce mamy czas na wyb\u00f3r trenera. Przerwa zimowa przed nami, wi\u0119c na spokojnie b\u0119dziemy szuka\u0107 nowego kandydata.<\/p>\n","protected":false},"excerpt":{"rendered":"Mateusz Wr\u00f3blewski, WP SportoweFakty: Jak dosz\u0142o rozstania z Rafa\u0142em Dobruckim? Z jakiego powodu trener Dobrucki zdecydowa\u0142 si\u0119 na&hellip;\n","protected":false},"author":2,"featured_media":50639,"comment_status":"","ping_status":"","sticky":false,"template":"","format":"standard","meta":{"footnotes":""},"categories":[24],"tags":[13727,13723,13722,13725,13724,2620,13726,42,38,40,39,41,7989,4816,7990,127,126,174],"class_list":{"0":"post-50638","1":"post","2":"type-post","3":"status-publish","4":"format-standard","5":"has-post-thumbnail","7":"category-sport","8":"tag-dariusz-cieslak","9":"tag-gksz","10":"tag-ireneusz-igielski","11":"tag-mariusz-cieslinski","12":"tag-michal-sikora","13":"tag-ms-me","14":"tag-piotr-lutowski","15":"tag-pl","16":"tag-poland","17":"tag-polish","18":"tag-polska","19":"tag-polski","20":"tag-rafal-dobrucki","21":"tag-speedway-of-nations","22":"tag-speedway-of-nations-u21","23":"tag-sport","24":"tag-sports","25":"tag-zuzel"},"share_on_mastodon":{"url":"","error":""},"_links":{"self":[{"href":"https:\/\/www.europesays.com\/pl\/wp-json\/wp\/v2\/posts\/50638","targetHints":{"allow":["GET"]}}],"collection":[{"href":"https:\/\/www.europesays.com\/pl\/wp-json\/wp\/v2\/posts"}],"about":[{"href":"https:\/\/www.europesays.com\/pl\/wp-json\/wp\/v2\/types\/post"}],"author":[{"embeddable":true,"href":"https:\/\/www.europesays.com\/pl\/wp-json\/wp\/v2\/users\/2"}],"replies":[{"embeddable":true,"href":"https:\/\/www.europesays.com\/pl\/wp-json\/wp\/v2\/comments?post=50638"}],"version-history":[{"count":0,"href":"https:\/\/www.europesays.com\/pl\/wp-json\/wp\/v2\/posts\/50638\/revisions"}],"wp:featuredmedia":[{"embeddable":true,"href":"https:\/\/www.europesays.com\/pl\/wp-json\/wp\/v2\/media\/50639"}],"wp:attachment":[{"href":"https:\/\/www.europesays.com\/pl\/wp-json\/wp\/v2\/media?parent=50638"}],"wp:term":[{"taxonomy":"category","embeddable":true,"href":"https:\/\/www.europesays.com\/pl\/wp-json\/wp\/v2\/categories?post=50638"},{"taxonomy":"post_tag","embeddable":true,"href":"https:\/\/www.europesays.com\/pl\/wp-json\/wp\/v2\/tags?post=50638"}],"curies":[{"name":"wp","href":"https:\/\/api.w.org\/{rel}","templated":true}]}}