{"id":50661,"date":"2025-10-15T16:29:11","date_gmt":"2025-10-15T16:29:11","guid":{"rendered":"https:\/\/www.europesays.com\/pl\/50661\/"},"modified":"2025-10-15T16:29:11","modified_gmt":"2025-10-15T16:29:11","slug":"znana-dziennikarka-tvn-u-ocenila-rzad-donalda-tuska-kolenda-zaleska-wyglada-na-latwizne","status":"publish","type":"post","link":"https:\/\/www.europesays.com\/pl\/50661\/","title":{"rendered":"Znana dziennikarka TVN-u oceni\u0142a rz\u0105d Donalda Tuska. Kolenda-Zaleska: wygl\u0105da na \u0142atwizn\u0119"},"content":{"rendered":"<p class=\"Paragraph_desktopParagraph__U31Gm\">Od wybor\u00f3w parlamentarnych mijaj\u0105 w\u0142a\u015bnie dwa lata, a powiedzie\u0107, \u017ce nastroje spo\u0142eczne s\u0105 po tym czasie niezwykle gor\u0105ce, to jak nie powiedzie\u0107 nic. Zaledwie dzie\u0144 przed rocznic\u0105 na fasadzie Kancelarii Prezesa Rady Ministr\u00f3w zosta\u0142y wy\u015bwietlone <a href=\"https:\/\/wiadomosci.onet.pl\/kraj\/pojawily-sie-hasla-na-budynku-kancelarii-premiera-tuska-rozczarowanie\/9dm59ky\" id=\"01d0b402-17ac-40eb-9304-180a3afaeeea\" rel=\"nofollow noopener\" target=\"_blank\">has\u0142a uderzaj\u0105ce w rz\u0105d Donalda Tuska<\/a>. Na to, \u017ce w\u0142adza ma pewien wizerunkowy problem wynikaj\u0105cy m.in. z powodu braku sprawczo\u015bci, zwr\u00f3ci\u0142a uwag\u0119 r\u00f3wnie\u017c <a href=\"https:\/\/plejada.pl\/newsy\/katarzyna-kolenda-zaleska-kim-jest-biografia-kariera-zycie-rodzinne-konflikt\/jfp855h\" id=\"e88aad4d-1d6c-4e3a-a15e-b3707b197fdd\" rel=\"nofollow noopener\" target=\"_blank\">Katarzyna Kolenda-Zaleska<\/a>.<\/p>\n<p class=\"Paragraph_desktopParagraph__U31Gm\">Popularna prezenterka telewizyjna jednoznacznie kojarzona z programami TVN-u za po\u015brednictwem Instagrama pokusi\u0142a si\u0119 o ocen\u0119 niejednoznacznego dziedzictwa rz\u0105du <a href=\"https:\/\/plejada.pl\/donald-tusk-polityk\" id=\"c8f86143-7e9e-4481-a68e-952d55f5083e\" rel=\"nofollow noopener\" target=\"_blank\">Donalda Tuska<\/a> po dw\u00f3ch latach od wybor\u00f3w. &#8222;P\u00f3\u0142metek kadencji. Opinie skrajne nawet w samej koalicji. Czy po odsuni\u0119ciu PiS od w\u0142adzy koalicja daje rad\u0119? W przywracaniu praworz\u0105dno\u015bci, standard\u00f3w demokratycznych, spe\u0142nianiu obietnic wyborczych.&#8221; \u2014 retorycznie zapyta\u0142a na wst\u0119pie Kolenda-Zaleska, po czym przesz\u0142a do w\u0142asnej analizy.<\/p>\n<ul class=\"OchatFollowUps_wrapper__1ry7X\">\n<li class=\"OchatFollowUps_item__Dhyly OchatFollowUps_itemDesktop__R6aBv\">Co powiedzia\u0142a Katarzyna Kolenda-Zaleska o rz\u0105dzie Donalda Tuska?<\/li>\n<li class=\"OchatFollowUps_item__Dhyly OchatFollowUps_itemDesktop__R6aBv\">Jakie by\u0142y g\u0142\u00f3wne krytyki rz\u0105du Tuska wed\u0142ug Kolendy-Zaleskiej?<\/li>\n<li class=\"OchatFollowUps_item__Dhyly OchatFollowUps_itemDesktop__R6aBv\">Jakie s\u0105 nastroje spo\u0142eczne po dw\u00f3ch latach rz\u0105d\u00f3w Tuska?<\/li>\n<li class=\"OchatFollowUps_item__Dhyly OchatFollowUps_itemDesktop__R6aBv\">Kiedy przypadaj\u0105 kolejne wybory po powrocie Tuska do w\u0142adzy?<\/li>\n<\/ul>\n<blockquote>\n<p class=\"Paragraph_desktopParagraph__U31Gm\">Chcia\u0142oby si\u0119 powiedzie\u0107 \u2014 i tak i nie, ale to banalnie brzmi i wygl\u0105da na \u0142atwizn\u0119. Trzeba doceni\u0107 zmian\u0119 politycznego klimatu, odrzucenie represyjnych dzia\u0142a\u0144 poprzedniej w\u0142adzy<\/p>\n<\/blockquote>\n<p class=\"Paragraph_desktopParagraph__U31Gm\">\u2014 zacz\u0119\u0142a dziennikarka TVN-u, po czym przesz\u0142a do rzeczy, kt\u00f3re w jej opinii si\u0119 nie uda\u0142y:<\/p>\n<blockquote>\n<p class=\"Paragraph_desktopParagraph__U31Gm\">[Trzeba] skrytykowa\u0107 niezrozumienie spo\u0142ecznych nastroj\u00f3w, brak skutecznej komunikacji, kontaktu z wyborcami.<\/p>\n<\/blockquote>\n<p class=\"Paragraph_desktopParagraph__U31Gm\">Katarzyna Kolenda-Zaleska na koniec dorzuci\u0142a jeszcze fakt, \u017ce do kolejnych wybor\u00f3w pozosta\u0142y mniej wi\u0119cej dwa lata. Co daje szans\u0119 tak na popraw\u0119, jak i dalszy spadek notowa\u0144 w\u0142adzy.<\/p>\n<p class=\"Paragraph_desktopParagraph__U31Gm\">Dzi\u0119kujemy, \u017ce przeczyta\u0142a\u015b\/e\u015b nasz artyku\u0142 do ko\u0144ca. W serwisie Plejada.pl ka\u017cdego dnia piszemy o najwa\u017cniejszych wydarzeniach show-biznesowych. B\u0105d\u017a na bie\u017c\u0105co! <a rel=\"nofollow noopener\" href=\"https:\/\/news.google.com\/publications\/CAAiEF0PeAlb7W1llpV_mwV2rL4qFAgKIhBdD3gJW-1tZZaVf5sFdqy-?hl=pl&amp;gl=PL&amp;ceid=PL%3Apl\" id=\"af45209d-f08d-404d-8346-d3b66ff10e6c\" target=\"_blank\">Obserwuj<\/a> Plejad\u0119 w Wiadomo\u015bciach Google. Odwied\u017a nas tak\u017ce na <a rel=\"nofollow noopener\" href=\"https:\/\/www.facebook.com\/plejadapl\" id=\"260e07e1-adac-493c-99c4-a711197841ca\" target=\"_blank\">Facebooku<\/a>, <a rel=\"nofollow noopener\" href=\"https:\/\/www.instagram.com\/plejadapl\/\" id=\"a9678d0d-36d9-4f3f-85a1-4eca1aecfc0e\" target=\"_blank\">Instagramie<\/a>, <a rel=\"nofollow noopener\" href=\"https:\/\/www.youtube.com\/c\/plejada\" id=\"0efaef09-bf3e-4195-87d8-ccdecf78ffdb\" target=\"_blank\">YouTubie<\/a> oraz <a rel=\"nofollow noopener\" href=\"https:\/\/www.tiktok.com\/@plejada_pl\" id=\"e8bed052-0d47-4643-857b-21341ade6a56\" target=\"_blank\">TikToku<\/a>.<\/p>\n<p class=\"Paragraph_desktopParagraph__U31Gm\">Chcesz podzieli\u0107 si\u0119 ciekawym newsem lub zaproponowa\u0107 temat? Skontaktuj si\u0119 z nami, pisz\u0105c e-maila na adres: <a href=\"https:\/\/www.onet.pl\/styl-zycia\/plejada\/katarzyna-kolenda-zaleska-ocenila-rzad-tuska-oto-co-skrytykowala\/mailto:plejada@redakcjaonet.pl\" id=\"fbddab74-e746-4812-9344-6105998d1ffc\" rel=\"nofollow noopener\" target=\"_blank\">plejada@redakcjaonet.pl<\/a>.<\/p>\n<p><script async src=\"\/\/www.instagram.com\/embed.js\"><\/script><script async src=\"\/\/www.tiktok.com\/embed.js\"><\/script><\/p>\n","protected":false},"excerpt":{"rendered":"Od wybor\u00f3w parlamentarnych mijaj\u0105 w\u0142a\u015bnie dwa lata, a powiedzie\u0107, \u017ce nastroje spo\u0142eczne s\u0105 po tym czasie niezwykle gor\u0105ce,&hellip;\n","protected":false},"author":2,"featured_media":50662,"comment_status":"","ping_status":"","sticky":false,"template":"","format":"standard","meta":{"footnotes":""},"categories":[12],"tags":[32,33,244,200,36,37,27,67,13729,34,35,28,31,53,25,52,68,51,55,42,38,40,39,41,47,29,30,1113,65,50,26],"class_list":{"0":"post-50661","1":"post","2":"type-post","3":"status-publish","4":"format-standard","5":"has-post-thumbnail","7":"category-polska","8":"tag-breaking-news","9":"tag-breakingnews","10":"tag-ctr_tst","11":"tag-donald_tusk_polityk","12":"tag-featured-news","13":"tag-featurednews","14":"tag-headlines","15":"tag-intextvideo_splayer","16":"tag-katarzyna_kolenda_zaleska","17":"tag-latest-news","18":"tag-latestnews","19":"tag-naglowki","20":"tag-najwazniejsze-artykuly","21":"tag-new_header","22":"tag-news","23":"tag-onet3","24":"tag-onet3d","25":"tag-onet3d_2i","26":"tag-phx","27":"tag-pl","28":"tag-poland","29":"tag-polish","30":"tag-polska","31":"tag-polski","32":"tag-screening_general","33":"tag-top-stories","34":"tag-topstories","35":"tag-tvn_tvn24_tvn7_telewizja","36":"tag-update_me","37":"tag-v2021","38":"tag-wiadomosci"},"share_on_mastodon":{"url":"","error":""},"_links":{"self":[{"href":"https:\/\/www.europesays.com\/pl\/wp-json\/wp\/v2\/posts\/50661","targetHints":{"allow":["GET"]}}],"collection":[{"href":"https:\/\/www.europesays.com\/pl\/wp-json\/wp\/v2\/posts"}],"about":[{"href":"https:\/\/www.europesays.com\/pl\/wp-json\/wp\/v2\/types\/post"}],"author":[{"embeddable":true,"href":"https:\/\/www.europesays.com\/pl\/wp-json\/wp\/v2\/users\/2"}],"replies":[{"embeddable":true,"href":"https:\/\/www.europesays.com\/pl\/wp-json\/wp\/v2\/comments?post=50661"}],"version-history":[{"count":0,"href":"https:\/\/www.europesays.com\/pl\/wp-json\/wp\/v2\/posts\/50661\/revisions"}],"wp:featuredmedia":[{"embeddable":true,"href":"https:\/\/www.europesays.com\/pl\/wp-json\/wp\/v2\/media\/50662"}],"wp:attachment":[{"href":"https:\/\/www.europesays.com\/pl\/wp-json\/wp\/v2\/media?parent=50661"}],"wp:term":[{"taxonomy":"category","embeddable":true,"href":"https:\/\/www.europesays.com\/pl\/wp-json\/wp\/v2\/categories?post=50661"},{"taxonomy":"post_tag","embeddable":true,"href":"https:\/\/www.europesays.com\/pl\/wp-json\/wp\/v2\/tags?post=50661"}],"curies":[{"name":"wp","href":"https:\/\/api.w.org\/{rel}","templated":true}]}}