{"id":50687,"date":"2025-10-15T16:51:15","date_gmt":"2025-10-15T16:51:15","guid":{"rendered":"https:\/\/www.europesays.com\/pl\/50687\/"},"modified":"2025-10-15T16:51:15","modified_gmt":"2025-10-15T16:51:15","slug":"donald-trump-o-28-letniej-sekretarz-prasowej-ta-twarz-te-usta-w-sieci-oburzenie","status":"publish","type":"post","link":"https:\/\/www.europesays.com\/pl\/50687\/","title":{"rendered":"Donald Trump o 28-letniej sekretarz prasowej. &#8222;Ta twarz&#8230; te usta&#8221;. W sieci oburzenie"},"content":{"rendered":"<p class=\"ods-c-paragraph \"><a href=\"https:\/\/plejada.pl\/donald-trump\" id=\"a9ba23d1-a798-43ed-b2a3-8aaca394f3b1\" rel=\"nofollow noopener\" target=\"_blank\">Donald Trump<\/a>, kt\u00f3ry wraca\u0142 z Bliskiego Wschodu po zako\u0144czeniu pierwszej fazy planu zawieszenia broni, wykorzysta\u0142 okazj\u0119, aby porozmawia\u0107 z dziennikarzami. Podczas rozmowy, kt\u00f3ra trwa\u0142a 15 min, Trump poruszy\u0142 temat swojej wsp\u00f3\u0142pracowniczki. &#8222;Czy Karoline powinna zosta\u0107 zast\u0105piona?&#8221;. Gdy jeden z reporter\u00f3w zauwa\u017cy\u0142, \u017ce decyzja nale\u017cy do niego, prezydent odpowiedzia\u0142: &#8222;To si\u0119 nigdy nie stanie. Ta twarz&#8230; i te usta, poruszaj\u0105 si\u0119 jak karabin maszynowy, prawda?&#8221;. Serwis OK! nazwa\u0142 s\u0142owa prezydenta &#8222;obrzydliwymi&#8221;.<\/p>\n<p>Dalszy ci\u0105g artyku\u0142u pod materia\u0142em wideo<\/p>\n<p> Jakie komentarze Trump skierowa\u0142 do Karoline Leavitt? <\/p>\n<p> Co s\u0105dz\u0105 internauci o s\u0142owach Trumpa? <\/p>\n<p> Kiedy odby\u0142 si\u0119 briefing prasowy z Trumpem? <\/p>\n<p> Jakie stanowisko zajmuje Karoline Leavitt? <\/p>\n<p class=\"ods-c-paragraph \">28-letnia sekretarz prasowa, kt\u00f3ra r\u00f3wnie\u017c by\u0142a obecna na pok\u0142adzie Air Force One, wyrazi\u0142a swoje uznanie dla prezydenta za po\u015brednictwem medi\u00f3w spo\u0142eczno\u015bciowych. &#8222;12.45 czasu lokalnego w Air Force One. Zbli\u017ca si\u0119 36 godzina tej podr\u00f3\u017cy, a prezydent Trump rozmawia z pras\u0105. Najci\u0119\u017cej pracuj\u0105cy prezydent w historii&#8221; \u2014 napisa\u0142a Leavitt na platformie X.<\/p>\n<p class=\"ods-c-paragraph \">Leavitt, najm\u0142odsza sekretarz prasowa w historii Bia\u0142ego Domu, rozpocz\u0119\u0142a swoj\u0105 wsp\u00f3\u0142prac\u0119 z Trumpem w 2019 r. Po kr\u00f3tkiej przerwie w pracy dla prezydenta powr\u00f3ci\u0142a do jego zespo\u0142u, pe\u0142ni\u0105c funkcj\u0119 krajowego sekretarza prasowego podczas kampanii wyborczej w 2024 r. Po zwyci\u0119stwie Trumpa zosta\u0142a mianowana oficjaln\u0105 sekretarz prasow\u0105 Bia\u0142ego Domu.<\/p>\n<p>   <img decoding=\"async\" src=\"https:\/\/www.europesays.com\/pl\/wp-content\/uploads\/2025\/10\/UG5k9lBaHR0cHM6Ly9vY2RuLmV1L3B1bHNjbXMvTURBXy9jMjg4NjIxYzA0ZDFkYTcyODY4M2Q2YzE5ZmYyYzU5Mi5qcGeRlQLNB.jpeg\" height=\"627\" width=\"940\" alt=\"Karoline Leavitt\" loading=\"lazy\" class=\"ods-c-image__img ods-c-image__img--viewport-width\"\/><\/p>\n<p>Karoline LeavittJoey Sussman \/ Shutterstock<\/p>\n<p class=\"ods-c-paragraph \">Komentarze Trumpa dotycz\u0105ce wygl\u0105du Leavitt wywo\u0142a\u0142y mieszane reakcje w mediach spo\u0142eczno\u015bciowych. W sierpniu, podczas wywiadu z Robem Finnerty z Newsmax, Trump podobnie wypowiada\u0142 si\u0119 na temat swojej wsp\u00f3\u0142pracowniczki, m\u00f3wi\u0105c: &#8222;To ta twarz. To ten m\u00f3zg. To te usta, spos\u00f3b, w jaki si\u0119 poruszaj\u0105. Poruszaj\u0105 si\u0119 jak karabin maszynowy&#8230; Jest gwiazd\u0105 i jest \u015bwietna&#8221;.<\/p>\n<p class=\"ods-c-paragraph \">Cho\u0107 prezydent okre\u015bli\u0142 Leavitt jako &#8222;wspania\u0142\u0105 osob\u0119&#8221; i &#8222;najlepszego sekretarza prasowego&#8221;, jego s\u0142owa spotka\u0142y si\u0119 z krytyk\u0105. U\u017cytkownicy medi\u00f3w spo\u0142eczno\u015bciowych okre\u015blili pochwa\u0142y Trumpa jako &#8222;obrzydliwe&#8221; i &#8222;niew\u0142a\u015bciwe na wiele sposob\u00f3w&#8221;.<\/p>\n<p><img decoding=\"async\" src=\"https:\/\/www.europesays.com\/pl\/wp-content\/uploads\/2025\/10\/N8Vk9lBaHR0cHM6Ly9vY2RuLmV1L3B1bHNjbXMvTURBXy82NTRmMjdmZDljYzk1MDFkZDRjM2ZlYzcwYTg3MjczMC5qcGeRlQLNB.jpeg\" height=\"627\" width=\"940\" alt=\"Karoline Leavitt\" loading=\"lazy\" class=\"ods-c-image__img ods-c-image__img--viewport-width\"\/><\/p>\n<p>Karoline LeavittJoshua Sukoff \/ Shutterstock<\/p>\n<p class=\"ods-c-paragraph \">Dzi\u0119kujemy, \u017ce przeczyta\u0142a\u015b\/e\u015b nasz artyku\u0142 do ko\u0144ca. W serwisie Plejada.pl ka\u017cdego dnia piszemy o najwa\u017cniejszych wydarzeniach show-biznesowych. B\u0105d\u017a na bie\u017c\u0105co! <a rel=\"nofollow noopener\" href=\"https:\/\/news.google.com\/publications\/CAAiEF0PeAlb7W1llpV_mwV2rL4qFAgKIhBdD3gJW-1tZZaVf5sFdqy-?hl=pl&amp;gl=PL&amp;ceid=PL%3Apl\" id=\"7b12061d-f888-42e4-9a34-0a96e80442c4\" target=\"_blank\">Obserwuj<\/a> Plejad\u0119 w Wiadomo\u015bciach Google. Odwied\u017a nas tak\u017ce na <a rel=\"nofollow noopener\" href=\"https:\/\/www.facebook.com\/plejadapl\" id=\"4aacefdb-8eee-45d5-bc0e-1260935c6e21\" target=\"_blank\">Facebooku<\/a>, <a rel=\"nofollow noopener\" href=\"https:\/\/www.instagram.com\/plejadapl\/\" id=\"61277739-a2f9-44cd-83c3-dcdcb7f9a799\" target=\"_blank\">Instagramie<\/a>, <a rel=\"nofollow noopener\" href=\"https:\/\/www.youtube.com\/c\/plejada\" id=\"c6382751-979c-4966-b401-0175c5bc4b31\" target=\"_blank\">YouTubie<\/a> oraz <a rel=\"nofollow noopener\" href=\"https:\/\/www.tiktok.com\/@plejada_pl\" id=\"3741fa18-1e5b-42ab-a389-e4c2d7b0bff2\" target=\"_blank\">TikToku<\/a>.<\/p>\n<p class=\"ods-c-paragraph \">Chcesz podzieli\u0107 si\u0119 ciekawym newsem lub zaproponowa\u0107 temat? Skontaktuj si\u0119 z nami, pisz\u0105c maila na adres: <a rel=\"nofollow noopener\" href=\"https:\/\/plejada.pl\/newsy\/donald-trump-o-28-letniej-sekretarz-prasowej-ta-twarz-te-usta-w-sieci-oburzenie\/mailto:plejada@redakcjaonet.pl\" id=\"895ab930-7d38-41d5-bad0-13d97cfe4682\" target=\"_blank\">plejada@redakcjaonet.pl<\/a>.<\/p>\n<p><script async src=\"\/\/www.instagram.com\/embed.js\"><\/script><script async src=\"\/\/www.tiktok.com\/embed.js\"><\/script><\/p>\n","protected":false},"excerpt":{"rendered":"Donald Trump, kt\u00f3ry wraca\u0142 z Bliskiego Wschodu po zako\u0144czeniu pierwszej fazy planu zawieszenia broni, wykorzysta\u0142 okazj\u0119, aby porozmawia\u0107&hellip;\n","protected":false},"author":2,"featured_media":50688,"comment_status":"","ping_status":"","sticky":false,"template":"","format":"standard","meta":{"footnotes":""},"categories":[5],"tags":[32,33,44,36,37,27,4886,34,35,28,31,48,25,125,46,42,38,40,39,41,47,29,30,26],"class_list":{"0":"post-50687","1":"post","2":"type-post","3":"status-publish","4":"format-standard","5":"has-post-thumbnail","7":"category-naglowki","8":"tag-breaking-news","9":"tag-breakingnews","10":"tag-donald_trump","11":"tag-featured-news","12":"tag-featurednews","13":"tag-headlines","14":"tag-karoline_leavitt","15":"tag-latest-news","16":"tag-latestnews","17":"tag-naglowki","18":"tag-najwazniejsze-artykuly","19":"tag-nat_styl","20":"tag-news","21":"tag-newsy","22":"tag-omp","23":"tag-pl","24":"tag-poland","25":"tag-polish","26":"tag-polska","27":"tag-polski","28":"tag-screening_general","29":"tag-top-stories","30":"tag-topstories","31":"tag-wiadomosci"},"share_on_mastodon":{"url":"","error":""},"_links":{"self":[{"href":"https:\/\/www.europesays.com\/pl\/wp-json\/wp\/v2\/posts\/50687","targetHints":{"allow":["GET"]}}],"collection":[{"href":"https:\/\/www.europesays.com\/pl\/wp-json\/wp\/v2\/posts"}],"about":[{"href":"https:\/\/www.europesays.com\/pl\/wp-json\/wp\/v2\/types\/post"}],"author":[{"embeddable":true,"href":"https:\/\/www.europesays.com\/pl\/wp-json\/wp\/v2\/users\/2"}],"replies":[{"embeddable":true,"href":"https:\/\/www.europesays.com\/pl\/wp-json\/wp\/v2\/comments?post=50687"}],"version-history":[{"count":0,"href":"https:\/\/www.europesays.com\/pl\/wp-json\/wp\/v2\/posts\/50687\/revisions"}],"wp:featuredmedia":[{"embeddable":true,"href":"https:\/\/www.europesays.com\/pl\/wp-json\/wp\/v2\/media\/50688"}],"wp:attachment":[{"href":"https:\/\/www.europesays.com\/pl\/wp-json\/wp\/v2\/media?parent=50687"}],"wp:term":[{"taxonomy":"category","embeddable":true,"href":"https:\/\/www.europesays.com\/pl\/wp-json\/wp\/v2\/categories?post=50687"},{"taxonomy":"post_tag","embeddable":true,"href":"https:\/\/www.europesays.com\/pl\/wp-json\/wp\/v2\/tags?post=50687"}],"curies":[{"name":"wp","href":"https:\/\/api.w.org\/{rel}","templated":true}]}}