{"id":50689,"date":"2025-10-15T16:55:08","date_gmt":"2025-10-15T16:55:08","guid":{"rendered":"https:\/\/www.europesays.com\/pl\/50689\/"},"modified":"2025-10-15T16:55:08","modified_gmt":"2025-10-15T16:55:08","slug":"male-gospodarstwa-moga-wnioskowac-nawet-o-120-tys-zl-premii-agronews-portal-rolniczy-wiadomosci-rolnicze","status":"publish","type":"post","link":"https:\/\/www.europesays.com\/pl\/50689\/","title":{"rendered":"Ma\u0142e gospodarstwa mog\u0105 wnioskowa\u0107 nawet o 120 tys. z\u0142 premii &#8211; AgroNews &#8211; Portal rolniczy &#8211; Wiadomo\u015bci rolnicze"},"content":{"rendered":"<p>Rolnicy prowadz\u0105cy gospodarstwa ekologiczne lub tradycyjne mog\u0105 ubiega\u0107 si\u0119 o znacz\u0105ce wsparcie finansowe. Do 28 listopada 2025 r. trwa nab\u00f3r wniosk\u00f3w w ramach programu \u201eRozw\u00f3j ma\u0142ych gospodarstw\u201d, finansowanego z bud\u017cetu Planu Strategicznego dla Wsp\u00f3lnej Polityki Rolnej 2023\u20132027. W puli \u015brodk\u00f3w znajduje si\u0119 blisko 515 mln z\u0142, kt\u00f3re maj\u0105 pom\u00f3c w rozwoju i modernizacji ma\u0142ych gospodarstw w ca\u0142ym kraju.<\/p>\n<p><img data-recalc-dims=\"1\" fetchpriority=\"high\" decoding=\"async\" width=\"696\" height=\"438\" src=\"https:\/\/www.europesays.com\/pl\/wp-content\/uploads\/2025\/10\/pieniadze-1.jpg\" alt=\"\" class=\"wp-image-139294\"  \/>Ma\u0142e gospodarstwa mog\u0105 wnioskowa\u0107 nawet o 120 tys. z\u0142 premii<\/p>\n<p>Premia nawet do 120 tys. z\u0142<\/p>\n<p>Program skierowany jest do rolnik\u00f3w, kt\u00f3rzy zajmuj\u0105 si\u0119 produkcj\u0105 ekologiczn\u0105 lub konwencjonaln\u0105, a tak\u017ce do tych, kt\u00f3rzy planuj\u0105 sprzeda\u017c swoich produkt\u00f3w bezpo\u015brednio konsumentom \u2014 w ramach tzw. kr\u00f3tkiego \u0142a\u0144cucha dostaw.<\/p>\n<p>Wysoko\u015b\u0107 wsparcia uzale\u017cniona jest od rodzaju dzia\u0142alno\u015bci.<\/p>\n<ul class=\"wp-block-list\">\n<li>120 tys. z\u0142 mog\u0105 otrzyma\u0107 gospodarstwa rozwijaj\u0105ce produkcj\u0119 ekologiczn\u0105 lub podejmuj\u0105ce dzia\u0142alno\u015b\u0107 w ramach K\u0141D,<\/li>\n<li>100 tys. z\u0142 przys\u0142uguje w pozosta\u0142ych przypadkach.<\/li>\n<\/ul>\n<p>Pomoc ma form\u0119 rycza\u0142tu, co oznacza, \u017ce rozliczenie odbywa si\u0119 na podstawie realizacji za\u0142o\u017ce\u0144 biznesplanu, a nie poniesionych koszt\u00f3w.<\/p>\n<p>Kto mo\u017ce skorzysta\u0107 z programu?<\/p>\n<p>O \u015brodki mog\u0105 ubiega\u0107 si\u0119 rolnicy, kt\u00f3rzy:<\/p>\n<ul class=\"wp-block-list\">\n<li>prowadz\u0105 gospodarstwo o powierzchni nieprzekraczaj\u0105cej 300 ha,<\/li>\n<li>maj\u0105 wielko\u015b\u0107 ekonomiczn\u0105 nie wy\u017csz\u0105 ni\u017c 25 tys. euro,<\/li>\n<li>uzyskuj\u0105 przychody ze sprzeda\u017cy produkt\u00f3w wytworzonych w gospodarstwie na poziomie co najmniej 5 tys. z\u0142,<\/li>\n<li>nie prowadz\u0105 dzia\u0142alno\u015bci wy\u0142\u0105cznie o charakterze naukowo-badawczym.<\/li>\n<\/ul>\n<p>Wsparcie skierowane jest tak\u017ce do os\u00f3b dopiero rozpoczynaj\u0105cych dzia\u0142alno\u015b\u0107 w ramach kr\u00f3tkiego \u0142a\u0144cucha dostaw, co ma zach\u0119ca\u0107 do lokalnej produkcji i sprzeda\u017cy bezpo\u015bredniej.<\/p>\n<p>Na co mo\u017cna przeznaczy\u0107 \u015brodki?<\/p>\n<p>Dofinansowanie mo\u017cna wykorzysta\u0107 m.in. na:<\/p>\n<ul class=\"wp-block-list\">\n<li>inwestycje budowlane,<\/li>\n<li>zakup sprz\u0119tu, maszyn i urz\u0105dze\u0144,<\/li>\n<li>wyposa\u017cenie niezb\u0119dne do produkcji i sprzeda\u017cy,<\/li>\n<li>rozw\u00f3j przetw\u00f3rstwa w gospodarstwie.<\/li>\n<\/ul>\n<p>Warunkiem uzyskania pe\u0142nej pomocy jest wykazanie, \u017ce dzi\u0119ki realizacji inwestycji warto\u015b\u0107 sprzeda\u017cy produkt\u00f3w rolnych wzro\u015bnie o co najmniej 30%, a przych\u00f3d osi\u0105gnie poziom minimum 43 200 z\u0142.<\/p>\n<p>Wnioski przez internet do ko\u0144ca listopada<\/p>\n<p>Wnioski o przyznanie pomocy mo\u017cna sk\u0142ada\u0107 wy\u0142\u0105cznie za po\u015brednictwem Platformy Us\u0142ug Elektronicznych ARiMR od 1 pa\u017adziernika do 28 listopada 2025 r..<\/p>\n<p>To ju\u017c trzeci nab\u00f3r w ramach tej inicjatywy w obecnej perspektywie finansowej. W poprzednich edycjach z\u0142o\u017cono ponad 12 tys. wniosk\u00f3w, na \u0142\u0105czn\u0105 kwot\u0119 blisko 1,35 mld z\u0142.<\/p>\n<p>Szansa na realny rozw\u00f3j<\/p>\n<p>Program \u201eRozw\u00f3j ma\u0142ych gospodarstw\u201d to nie tylko wsparcie finansowe, ale tak\u017ce impuls do wzmocnienia lokalnych rynk\u00f3w i poprawy konkurencyjno\u015bci polskich gospodarstw. Dzi\u0119ki niemu rolnicy mog\u0105 inwestowa\u0107 w nowoczesne technologie, popraw\u0119 jako\u015bci produkcji i rozw\u00f3j sprzeda\u017cy bezpo\u015bredniej, co w d\u0142u\u017cszej perspektywie wspiera zr\u00f3wnowa\u017cone i ekologiczne rolnictwo w Polsce.<\/p>\n<p>\n\tPowi\u0105zane<\/p>\n","protected":false},"excerpt":{"rendered":"Rolnicy prowadz\u0105cy gospodarstwa ekologiczne lub tradycyjne mog\u0105 ubiega\u0107 si\u0119 o znacz\u0105ce wsparcie finansowe. Do 28 listopada 2025 r.&hellip;\n","protected":false},"author":2,"featured_media":50690,"comment_status":"","ping_status":"","sticky":false,"template":"","format":"standard","meta":{"footnotes":""},"categories":[16],"tags":[2301,113,112,13731,42,38,40,39,41,11543,2790],"class_list":{"0":"post-50689","1":"post","2":"type-post","3":"status-publish","4":"format-standard","5":"has-post-thumbnail","7":"category-biznes","8":"tag-arimr","9":"tag-biznes","10":"tag-business","11":"tag-male-gospodartwo","12":"tag-pl","13":"tag-poland","14":"tag-polish","15":"tag-polska","16":"tag-polski","17":"tag-premia","18":"tag-rolnictwo"},"share_on_mastodon":{"url":"","error":""},"_links":{"self":[{"href":"https:\/\/www.europesays.com\/pl\/wp-json\/wp\/v2\/posts\/50689","targetHints":{"allow":["GET"]}}],"collection":[{"href":"https:\/\/www.europesays.com\/pl\/wp-json\/wp\/v2\/posts"}],"about":[{"href":"https:\/\/www.europesays.com\/pl\/wp-json\/wp\/v2\/types\/post"}],"author":[{"embeddable":true,"href":"https:\/\/www.europesays.com\/pl\/wp-json\/wp\/v2\/users\/2"}],"replies":[{"embeddable":true,"href":"https:\/\/www.europesays.com\/pl\/wp-json\/wp\/v2\/comments?post=50689"}],"version-history":[{"count":0,"href":"https:\/\/www.europesays.com\/pl\/wp-json\/wp\/v2\/posts\/50689\/revisions"}],"wp:featuredmedia":[{"embeddable":true,"href":"https:\/\/www.europesays.com\/pl\/wp-json\/wp\/v2\/media\/50690"}],"wp:attachment":[{"href":"https:\/\/www.europesays.com\/pl\/wp-json\/wp\/v2\/media?parent=50689"}],"wp:term":[{"taxonomy":"category","embeddable":true,"href":"https:\/\/www.europesays.com\/pl\/wp-json\/wp\/v2\/categories?post=50689"},{"taxonomy":"post_tag","embeddable":true,"href":"https:\/\/www.europesays.com\/pl\/wp-json\/wp\/v2\/tags?post=50689"}],"curies":[{"name":"wp","href":"https:\/\/api.w.org\/{rel}","templated":true}]}}