{"id":50691,"date":"2025-10-15T16:56:07","date_gmt":"2025-10-15T16:56:07","guid":{"rendered":"https:\/\/www.europesays.com\/pl\/50691\/"},"modified":"2025-10-15T16:56:07","modified_gmt":"2025-10-15T16:56:07","slug":"ukraincy-spotkali-sie-z-amerykanami-w-sprawie-poteznej-broni-jest-precyzyjna-jak-skalpel-onet-wiadomosci","status":"publish","type":"post","link":"https:\/\/www.europesays.com\/pl\/50691\/","title":{"rendered":"Ukrai\u0144cy spotkali si\u0119 z Amerykanami w sprawie pot\u0119\u017cnej broni. &quot;Jest precyzyjna jak skalpel&quot; &#8211; Onet Wiadomo\u015bci"},"content":{"rendered":"<ol>\n<li><a href=\"https:\/\/news.google.com\/rss\/articles\/CBMitgFBVV95cUxPa3lZd2FETUhncHk1NXh6akxrM3ZINzROaDJFNnA5eXVoaGJrWGNfa2RleDVUNmhWalJIUTVZU1hiZy1WQi0wVGxvVGllaU1ZczhNZ19VNlh6dHYzQmZwUmJIck1rdkJuWkhMLW1oTlcyeEZCRHRaV2N6WFpWTGFIaWh1czN4TTBsUEdxU0UxNlFWY0poRlNVcFFLZHlRTV9yRXhjVFJfS3ZnMU1mWVJCcFI4N2dudw?oc=5\" target=\"_blank\" rel=\"nofollow noopener\">Ukrai\u0144cy spotkali si\u0119 z Amerykanami w sprawie pot\u0119\u017cnej broni. &#8222;Jest precyzyjna jak skalpel&#8221;<\/a>&nbsp;&nbsp;Onet Wiadomo\u015bci<\/li>\n<li><a href=\"https:\/\/news.google.com\/rss\/articles\/CBMixAFBVV95cUxOWWk5YmVYM1UzNWR0MU9pWTFCaXhlU2JoNzF4OGd4dGI2YzE2YTA4LWhzZS1WanpEOXJReXBvWHJLVTJpQW5CUUpTbUxLY1BKTXRrTGQydnlvUzRXNVJxRDNfWEZRWTVFellyb3RKUXpNeFdGOFR5QkhqRk8wMk41TkdJUXhwYlM5VENvWVA0LUZXVG1rODM0ellBV2RxUFZTTUIxVEpKTVM3OFJSR0NJR1hvcGNlTGZ3V2FPZGpVV3M3Ykl3?oc=5\" target=\"_blank\" rel=\"nofollow noopener\">&#8222;Silny impuls do pokoju&#8221;. Ukraina chce wykorzysta\u0107 impet administracji Donalda Trumpa. &#8222;Zupe\u0142nie nowy format wsp\u00f3\u0142pracy&#8221;<\/a>&nbsp;&nbsp;Onet Wiadomo\u015bci<\/li>\n<li><a href=\"https:\/\/news.google.com\/rss\/articles\/CBMitwFBVV95cUxNOVQyX1FnQngxdHliNHk4T3RSb1N3aGVKbjlEa29icWtXSTlxNmRaUWl3SUlmTFJtZE02VWFqN3E0Z0VoX0s5Vl9xaGxjZ0prT1htN3Z6Sm9VZ0NnMEVQV2l5XzVFYUpjREZ1ZlhYRUZuRjhseGFHSThVZ2d6N2V5VFlXcDcxMkRIakI5bExGY0VJWUo1aExMenFLRVpWdEp3Q1gweHVjeDA1UjR3RWViVWpNd0M1c2c?oc=5\" target=\"_blank\" rel=\"nofollow noopener\">Wa\u017cna wizyta ukrai\u0144skich urz\u0119dnik\u00f3w w USA. W tle starania o wa\u017cn\u0105 bro\u0144<\/a>&nbsp;&nbsp;Business Insider Polska<\/li>\n<li><a href=\"https:\/\/news.google.com\/rss\/articles\/CBMivgFBVV95cUxQb2pLTUluVC1IZ1ZFLTQzQ3lfa2l6dS01dS1TOXcxcVRZaHE3ajVOcXJfVl9xeTgyeFBaOFdQTlhWUzE3MFc2dV8yWC1ybTBqX2V5SnFhY2tqcTYwalhtblVOV2lyVnRmUUpKNmFHTE00NHNiR3pKLVBETUJIbll5eEpQaUZ1NEFnQVdjQ1NHeUFTRzdpZFNiWGItTDAtT2F1ZmswdEhIWkpranFQcmExVXpMempsLThqUmtjT1F3?oc=5\" target=\"_blank\" rel=\"nofollow noopener\">Czy polec\u0105 Tomahawki z wiadomo\u015bci\u0105 od Trumpa dla Putina?<\/a>&nbsp;&nbsp;Rzeczpospolita<\/li>\n<li><a href=\"https:\/\/news.google.com\/rss\/articles\/CBMiXkFVX3lxTE5GTjZZb3JUcGgxeWJsVkxNRlRiV2xHUnBhTXdIZ3YycUZ5SjFDSXNOMWQzMnkzbkUtWmU5Mjg0Yjd1a0s5TEhOQWJ5Z0wyVG1FLXNEbjhxNkp4NEl0ZkE?oc=5\" target=\"_blank\" rel=\"nofollow noopener\">Oshkosh prezentuje FMAV<\/a>&nbsp;&nbsp;Altair Agencja Lotnicza<\/li>\n<\/ol>\n","protected":false},"excerpt":{"rendered":"Ukrai\u0144cy spotkali si\u0119 z Amerykanami w sprawie pot\u0119\u017cnej broni. &#8222;Jest precyzyjna jak skalpel&#8221;&nbsp;&nbsp;Onet Wiadomo\u015bci &#8222;Silny impuls do pokoju&#8221;.&hellip;\n","protected":false},"author":2,"featured_media":50692,"comment_status":"","ping_status":"","sticky":false,"template":"","format":"standard","meta":{"footnotes":""},"categories":[14],"tags":[13732,32,33,27,76,34,35,13733,28,31,48,25,46,40,41,13734,87,47,80,6118,29,30,415,71,26,82,83,84],"class_list":{"0":"post-50691","1":"post","2":"type-post","3":"status-publish","4":"format-standard","5":"has-post-thumbnail","7":"category-swiat","8":"tag-andrij_jermak","9":"tag-breaking-news","10":"tag-breakingnews","11":"tag-headlines","12":"tag-inwazja_rosji_na_ukraine","13":"tag-latest-news","14":"tag-latestnews","15":"tag-lockheed_martin","16":"tag-naglowki","17":"tag-najwazniejsze-artykuly","18":"tag-nat_styl","19":"tag-news","20":"tag-omp","21":"tag-polish","22":"tag-polski","23":"tag-raytheon","24":"tag-rosja","25":"tag-screening_general","26":"tag-swiat","27":"tag-tomahawk","28":"tag-top-stories","29":"tag-topstories","30":"tag-ukraina","31":"tag-usa","32":"tag-wiadomosci","33":"tag-world","34":"tag-world-news","35":"tag-worldnews"},"share_on_mastodon":{"url":"","error":""},"_links":{"self":[{"href":"https:\/\/www.europesays.com\/pl\/wp-json\/wp\/v2\/posts\/50691","targetHints":{"allow":["GET"]}}],"collection":[{"href":"https:\/\/www.europesays.com\/pl\/wp-json\/wp\/v2\/posts"}],"about":[{"href":"https:\/\/www.europesays.com\/pl\/wp-json\/wp\/v2\/types\/post"}],"author":[{"embeddable":true,"href":"https:\/\/www.europesays.com\/pl\/wp-json\/wp\/v2\/users\/2"}],"replies":[{"embeddable":true,"href":"https:\/\/www.europesays.com\/pl\/wp-json\/wp\/v2\/comments?post=50691"}],"version-history":[{"count":0,"href":"https:\/\/www.europesays.com\/pl\/wp-json\/wp\/v2\/posts\/50691\/revisions"}],"wp:featuredmedia":[{"embeddable":true,"href":"https:\/\/www.europesays.com\/pl\/wp-json\/wp\/v2\/media\/50692"}],"wp:attachment":[{"href":"https:\/\/www.europesays.com\/pl\/wp-json\/wp\/v2\/media?parent=50691"}],"wp:term":[{"taxonomy":"category","embeddable":true,"href":"https:\/\/www.europesays.com\/pl\/wp-json\/wp\/v2\/categories?post=50691"},{"taxonomy":"post_tag","embeddable":true,"href":"https:\/\/www.europesays.com\/pl\/wp-json\/wp\/v2\/tags?post=50691"}],"curies":[{"name":"wp","href":"https:\/\/api.w.org\/{rel}","templated":true}]}}