{"id":506974,"date":"2026-06-21T00:00:19","date_gmt":"2026-06-21T00:00:19","guid":{"rendered":"https:\/\/www.europesays.com\/pl\/506974\/"},"modified":"2026-06-21T00:00:19","modified_gmt":"2026-06-21T00:00:19","slug":"izrael-atakuje-liban-pomimo-rozejmu-nie-zyje-co-najmniej-16-osob","status":"publish","type":"post","link":"https:\/\/www.europesays.com\/pl\/506974\/","title":{"rendered":"Izrael atakuje Liban pomimo rozejmu. Nie \u017cyje co najmniej 16 os\u00f3b"},"content":{"rendered":"<p>Wed\u0142ug liba\u0144skiej agencji informacyjnej NNA Izrael przeprowadzi\u0142 seri\u0119 uderze\u0144 z powietrza na t\u0119 cz\u0119\u015b\u0107 Libanu, niszcz\u0105c m.in. budynki mieszkalne, a tak\u017ce ostrzeliwuj\u0105c te tereny z artylerii. W ataku zgin\u0119\u0142o co najmniej 16 os\u00f3b \u2014 poinformowa\u0142a w sobot\u0119 liba\u0144ska obrona cywilna. Wcze\u015bniej informowano o pi\u0119ciu ofiarach \u015bmiertelnych.<\/p>\n<p> Dalszy ci\u0105g artyku\u0142u pod materia\u0142em wideo Atak pomimo rozejmuDo ataku dosz\u0142o kilkana\u015bcie godzin po tym, gdy w pi\u0105tkowe popo\u0142udnie dwaj ameryka\u0144scy urz\u0119dnicy przekazali portalowi Axios, \u017ce <a href=\"https:\/\/wiadomosci.onet.pl\/swiat\/przelom-na-bliskim-wschodzie-izrael-i-hezbollah-uzgodnily-rozejm\/vnt12f6\" id=\"0cd4f5d3-750d-446a-8524-d467675692ab\" rel=\"nofollow noopener\" target=\"_blank\">Izrael i Hezbollah zgodzi\u0142y si\u0119 na rozejm<\/a>. Wed\u0142ug agencji Reutera, powo\u0142uj\u0105cej si\u0119 na ameryka\u0144skiego urz\u0119dnika, zawieszenie broni wesz\u0142o w \u017cycie tego samego dnia o godz. 16.00 czasu liba\u0144skiego i izraelskiego (15.00 czasu polskiego). W pi\u0105tek prezydent USA Donald Trump przekaza\u0142 w rozmowie telefonicznej ze stacj\u0105 NBC News, \u017ce rozmawia\u0142 z przedstawicielami Izraela i prosi\u0142 ich o zgod\u0119 na zawieszenie broni z Hezbollahem.     Do wymiany ognia mi\u0119dzy Izraelem a Hezbollahem <a href=\"https:\/\/wiadomosci.onet.pl\/swiat\/nowy-rozejm-jednak-nieskuteczny-izrael-ponownie-uderzyl-w-libanie\/5dj7xbt\" id=\"808cf9d9-e151-46d1-9ccc-8d384231ab9a\" rel=\"nofollow noopener\" target=\"_blank\">dochodzi\u0142o tak\u017ce w czwartek i pi\u0105tek<\/a>, mimo podpisanego w \u015brod\u0119 wst\u0119pnego porozumienia mi\u0119dzy USA a Iranem. Mia\u0142o ono zako\u0144czy\u0107 walki na Bliskim Wschodzie, w tym w Libanie, wywo\u0142ane wojn\u0105 USA i Izraela przeciwko Iranowi, kt\u00f3ra rozpocz\u0119\u0142a si\u0119 28 lutego.Czytaj tak\u017ce: <a href=\"https:\/\/wiadomosci.onet.pl\/swiat\/izrael-zrywa-kontakty-z-szefowa-dyplomacji-unii-europejskiej\/gpg10le\" id=\"93e94b85-f081-45af-ab60-fa5c813b8df9\" rel=\"nofollow noopener\" target=\"_blank\">Izrael zrywa kontakty z szefow\u0105 dyplomacji Unii Europejskiej<\/a>     <\/p>\n<p>Po czwartkowych i pi\u0105tkowych uderzeniach wojsko izraelskie t\u0142umaczy\u0142o, \u017ce ich celem by\u0142y obiekty oraz infrastruktura tej proira\u0144skiej organizacji w Libanie. Z kolei Hezbollah twierdzi\u0142, \u017ce celuje w pozycje armii izraelskiej.<\/p>\n<p>Co dalej z negocjacjami Iranu i USA?<\/p>\n<p>Pi\u0105tek mia\u0142 by\u0107 r\u00f3wnie\u017c dniem pierwszej rundy negocjacji ameryka\u0144sko-ira\u0144skich w g\u00f3rskim kurorcie Buergenstock w Szwajcarii w sprawie zako\u0144czenia programu nuklearnego Teheranu. Rozmowy zosta\u0142y jednak odwo\u0142ane z powodu \u2014 jak twierdzi\u0142 Bia\u0142y Dom \u2014 nierozwi\u0105zanych kwestii logistycznych.<\/p>\n<p>     Czytaj tak\u017ce: <a href=\"https:\/\/wiadomosci.onet.pl\/swiat\/sukces-trumpa-w-konflikcie-z-iranem-nie-ma-prawie-zadnej-wartosci-opinia\/dqy3fg4\" id=\"7b1997e7-09ce-4543-9166-ad54633e1415\" rel=\"nofollow noopener\" target=\"_blank\">Program atomowy Iranu. Trump si\u0119 pomyli\u0142 albo celowo wprowadza w b\u0142\u0105d [OPINIA]<\/a>Mimo to negocjacje ostatecznie s\u0105 planowane. W pi\u0105tek wieczorem portal Axios poinformowa\u0142, \u017ce <a href=\"https:\/\/wiadomosci.onet.pl\/swiat\/negocjacje-usa-iran-steve-witkoff-jest-w-drodze-do-szwajcarii\/gevbyme\" id=\"28326902-c946-43f7-8260-b4e11a9fbdff\" rel=\"nofollow noopener\" target=\"_blank\">specjalny wys\u0142annik Bia\u0142ego Domu Steve Witkoff wyruszy\u0142 ju\u017c do Szwajcarii<\/a>.<\/p>\n<p>Opr\u00f3cz niego na rozmowach ma pojawi\u0107 si\u0119 r\u00f3wnie\u017c zi\u0119\u0107 Donalda Trumpa, Jared Kushner. Jak informowa\u0142 w pi\u0105tek Axios, powo\u0142uj\u0105c si\u0119 na \u017ar\u00f3d\u0142o w ameryka\u0144skich w\u0142adzach, przebywa on ju\u017c w Szwajcarii. Nadal nie jest jasne, czy wiceprezydent J.D. Vance, kt\u00f3ry mia\u0142 pocz\u0105tkowo przewodniczy\u0107 stronie ameryka\u0144skiej, b\u0119dzie obecny na spotkaniu w Szwajcarii. Bia\u0142y Dom zapewni\u0142, \u017ce Waszyngton liczy na rozpocz\u0119cie rozm\u00f3w technicznych tak szybko, jak to b\u0119dzie mo\u017cliwe.<\/p>\n<p>Czytaj tak\u017ce: <a href=\"https:\/\/wiadomosci.onet.pl\/swiat\/inspektorzy-maea-pojada-do-iranu-wyslannik-trumpa-o-szczegolach\/08tjm6e\" id=\"c7969e53-82b6-4bf7-b4ba-46f57dbb9f0e\" rel=\"nofollow noopener\" target=\"_blank\">Wys\u0142annik Trumpa: Teheran zgadza si\u0119 na kontrol\u0119 zapas\u00f3w uranu<\/a><\/p>\n","protected":false},"excerpt":{"rendered":"Wed\u0142ug liba\u0144skiej agencji informacyjnej NNA Izrael przeprowadzi\u0142 seri\u0119 uderze\u0144 z powietrza na t\u0119 cz\u0119\u015b\u0107 Libanu, niszcz\u0105c m.in. budynki&hellip;\n","protected":false},"author":2,"featured_media":506975,"comment_status":"","ping_status":"","sticky":false,"template":"","format":"standard","meta":{"footnotes":"","_share_on_mastodon":"0"},"categories":[14],"tags":[61195,32,33,27,3660,91,34,35,3659,28,31,48,25,46,40,41,47,80,29,30,26,82,83,84,12323],"class_list":["post-506974","post","type-post","status-publish","format-standard","has-post-thumbnail","category-swiat","tag-bottomfeed_styl","tag-breaking-news","tag-breakingnews","tag-headlines","tag-hezbollah","tag-izrael","tag-latest-news","tag-latestnews","tag-liban","tag-naglowki","tag-najwazniejsze-artykuly","tag-nat_styl","tag-news","tag-omp","tag-polish","tag-polski","tag-screening_general","tag-swiat","tag-top-stories","tag-topstories","tag-wiadomosci","tag-world","tag-world-news","tag-worldnews","tag-zawieszenie_broni"],"share_on_mastodon":{"url":"","error":""},"_links":{"self":[{"href":"https:\/\/www.europesays.com\/pl\/wp-json\/wp\/v2\/posts\/506974","targetHints":{"allow":["GET"]}}],"collection":[{"href":"https:\/\/www.europesays.com\/pl\/wp-json\/wp\/v2\/posts"}],"about":[{"href":"https:\/\/www.europesays.com\/pl\/wp-json\/wp\/v2\/types\/post"}],"author":[{"embeddable":true,"href":"https:\/\/www.europesays.com\/pl\/wp-json\/wp\/v2\/users\/2"}],"replies":[{"embeddable":true,"href":"https:\/\/www.europesays.com\/pl\/wp-json\/wp\/v2\/comments?post=506974"}],"version-history":[{"count":0,"href":"https:\/\/www.europesays.com\/pl\/wp-json\/wp\/v2\/posts\/506974\/revisions"}],"wp:featuredmedia":[{"embeddable":true,"href":"https:\/\/www.europesays.com\/pl\/wp-json\/wp\/v2\/media\/506975"}],"wp:attachment":[{"href":"https:\/\/www.europesays.com\/pl\/wp-json\/wp\/v2\/media?parent=506974"}],"wp:term":[{"taxonomy":"category","embeddable":true,"href":"https:\/\/www.europesays.com\/pl\/wp-json\/wp\/v2\/categories?post=506974"},{"taxonomy":"post_tag","embeddable":true,"href":"https:\/\/www.europesays.com\/pl\/wp-json\/wp\/v2\/tags?post=506974"}],"curies":[{"name":"wp","href":"https:\/\/api.w.org\/{rel}","templated":true}]}}