{"id":507269,"date":"2026-06-21T05:11:22","date_gmt":"2026-06-21T05:11:22","guid":{"rendered":"https:\/\/www.europesays.com\/pl\/507269\/"},"modified":"2026-06-21T05:11:22","modified_gmt":"2026-06-21T05:11:22","slug":"nadciaga-do-polski-z-polnocy-wroca-jednocyfrowe-temperatury","status":"publish","type":"post","link":"https:\/\/www.europesays.com\/pl\/507269\/","title":{"rendered":"Nadci\u0105ga do Polski z p\u00f3\u0142nocy. Wr\u00f3c\u0105 jednocyfrowe temperatury"},"content":{"rendered":"<p>Aktualnie w naszym kraju panuje prawdziwie letnia pogoda. Mamy do czynienia z wysokimi temperaturami i s\u0142o\u0144cem, jednak wiele wskazuje na to, \u017ce ju\u017c wkr\u00f3tce dojdzie do ch\u0142odzenia. Termometry wska\u017c\u0105 zacznie ni\u017csze warto\u015bci przede wszystkim nocami i o porankach. Sprawd\u017a najnowsze przewidywania meteorolog\u00f3w.\u00a0<\/p>\n<ul class=\"list-summary__items summary\">\n<li>Jakie temperatury przewidywane s\u0105 w ten weekend.<\/li>\n<li>Dlaczego w ten weekend nale\u017cy zachowa\u0107 szczeg\u00f3ln\u0105 ostro\u017cno\u015b\u0107.<\/li>\n<li>Jakiej zmiany pogody nale\u017cy spodziewa\u0107 si\u0119 w przysz\u0142ym tygodniu.<\/li>\n<li>Kiedy i gdzie temperatury b\u0119d\u0105 najni\u017csze.<\/li>\n<\/ul>\n<p>    <a name=\"eztoc8569960_0_1\" id=\"eztoc8569960_0_1\"\/>Pogoda na weekend<\/p>\n<p>Ten weekend jest w naszym kraju bardzo gor\u0105cy oraz s\u0142oneczny &#8211; w niekt\u00f3rych regionach termometry wska\u017c\u0105 nawet do 35 stopni w cieniu. Zar\u00f3wno w sobot\u0119 (20.06) jak i w niedziel\u0119 (21.06) obecne b\u0119d\u0105 jednak tak\u017ce opady deszczu i <a href=\"https:\/\/www.planeta.pl\/nauka\/grozna-burza-w-europie-loty-odwolane-brak-pradu\" target=\"_self\" rel=\"dofollow noopener\">burze<\/a>, kt\u00f3re miejscami mog\u0105 by\u0107 intensywne i gwa\u0142towne. Z tego wzgl\u0119du w tym czasie b\u0119dzie trzeba zachowa\u0107 szczeg\u00f3ln\u0105 ostro\u017cno\u015b\u0107.<\/p>\n<p>                    <img decoding=\"async\" data-ot-ignore=\"\" class=\" \" src=\"https:\/\/www.europesays.com\/pl\/wp-content\/uploads\/2026\/06\/Anomalia-temperatury-na-poziomie-cisnienia-850-hPa-20.06.png\" alt=\"Anomalia temperatury na poziomie ci\u015bnienia 850 hPa 20.06\" data- data-width=\"1135\" data-height=\"661\"\/><\/p>\n<p>            Anomalia temperatury na poziomie ci\u015bnienia 850 hPa 20.06<br \/>\n                Fot:<br \/>\n            wxcharts.com    <\/p>\n<p>        Quiz: Lektury szkolne. Test wiedzy. Kto napisa\u0142 &#8222;Ferdydurke&#8221;?<\/p>\n<p>                                            <img decoding=\"async\" src=\"https:\/\/www.europesays.com\/pl\/wp-content\/uploads\/2026\/06\/66d5992bc4b7ce6a640e8b28.jpg\" alt=\"Materia\u0142y prasowe\"\/><\/p>\n<p>\t<a name=\"eztoc8569960_0_2\" id=\"eztoc8569960_0_2\"\/>Och\u0142odzenie w Polsce<\/p>\n<p>Jak podaje portal TwojaPogoda.pl, wraz z rozpocz\u0119ciem kolejnego tygodnia przestan\u0105 doskwiera\u0107 nam intensywne upa\u0142y. Szczeg\u00f3lnie och\u0142odzi si\u0119 w nocy i o porankach &#8211; lokalnie na p\u00f3\u0142nocy temperatura spadnie wtedy nawet do 7-9 stopni, pomimo \u017ce za dnia b\u0119dzie znacznie cieplej. Nad Ba\u0142tykiem termometry wska\u017c\u0105 mniej ni\u017c 20 stopni, w p\u00f3\u0142nocnej cz\u0119\u015bci kraju 20-23 stopnie, a w pozosta\u0142ych regionach Polski 23-27 stopni. <a href=\"https:\/\/www.planeta.pl\/klimat\/tropikalne-upaly-ida-do-polski-meteorolodzy-wskazali-date\" target=\"_self\" rel=\"dofollow noopener\">Upa\u0142<\/a> mo\u017ce jednak powr\u00f3ci\u0107 na po\u0142udniu i zachodzie w \u015brod\u0119 (24.06) oraz w czwartek (25.06)<\/p>\n<p>                    <img decoding=\"async\" data-ot-ignore=\"\" class=\" \" src=\"https:\/\/www.europesays.com\/pl\/wp-content\/uploads\/2026\/06\/Anomalia-temperatury-mierzona-na-wysokosci-2-m-nad-powierzchnia-gruntu-25.06.png\" alt=\"Anomalia temperatury mierzona na wysoko\u015bci 2 m nad powierzchni\u0105 gruntu 25.06\" data- data-width=\"1069\" data-height=\"664\"\/><\/p>\n<p>            Anomalia temperatury mierzona na wysoko\u015bci 2 m nad powierzchni\u0105 gruntu 25.06<br \/>\n                Fot:<br \/>\n            wxcharts.com    <\/p>\n<p><a name=\"eztoc8569960_0_3\" id=\"eztoc8569960_0_3\"\/>Ch\u0142odna masa z p\u00f3\u0142nocy<\/p>\n<p>W czwartek (25.06) do p\u00f3\u0142nocnej Polski zacznie nap\u0142ywa\u0107 ch\u0142odna masa z p\u00f3\u0142nocy. Termometry na Suwalszczy\u017anie, Mazurach, Warmii, Pomorzu i nad <a href=\"https:\/\/www.planeta.pl\/przyroda\/baltyk-zagrozony-zielony-wir-to-zwiastun-katastrofy\" target=\"_self\" rel=\"dofollow noopener\">Ba\u0142tykiem<\/a> wska\u017c\u0105 jedynie 17-19 stopni, a w wyniku wiatru odczuwalna temperatura b\u0119dzie jeszcze ni\u017csza. W pi\u0105tek (26.06) temperatura spadnie r\u00f3wnie\u017c na wschodzie, a w sobot\u0119 (27.06) na po\u0142udniu.<\/p>\n<p>                    <img decoding=\"async\" data-ot-ignore=\"\" class=\" \" src=\"https:\/\/www.europesays.com\/pl\/wp-content\/uploads\/2026\/06\/Anomalia-temperatury-mierzona-na-wysokosci-2-m-nad-powierzchnia-gruntu-26.06.png\" alt=\"Anomalia temperatury mierzona na wysoko\u015bci 2 m nad powierzchni\u0105 gruntu 26.06\" data- data-width=\"1081\" data-height=\"663\"\/><\/p>\n<p>            Anomalia temperatury mierzona na wysoko\u015bci 2 m nad powierzchni\u0105 gruntu 26.06<br \/>\n                Fot:<br \/>\n            wxcharts.com    <\/p>\n<p>Od pocz\u0105tku przysz\u0142ego tygodnia Polacy mog\u0105 spodziewa\u0107 si\u0119 och\u0142odzenia, z temperaturami spadaj\u0105cymi nawet do 9 stopni w nocy na p\u00f3\u0142nocy kraju, cho\u0107 upa\u0142y mog\u0105 powr\u00f3ci\u0107 w po\u0142udniowych i zachodnich cz\u0119\u015bciach kraju w \u015brod\u0119 i czwartek.<\/p>\n<p>\u0179r\u00f3d\u0142o: Planeta.pl\/TwojaPogoda.pl<\/p>\n","protected":false},"excerpt":{"rendered":"Aktualnie w naszym kraju panuje prawdziwie letnia pogoda. Mamy do czynienia z wysokimi temperaturami i s\u0142o\u0144cem, jednak wiele&hellip;\n","protected":false},"author":2,"featured_media":507270,"comment_status":"","ping_status":"","sticky":false,"template":"","format":"standard","meta":{"footnotes":"","_share_on_mastodon":"0"},"categories":[16],"tags":[113,112,1601,42,78,38,40,39,41,1600],"class_list":["post-507269","post","type-post","status-publish","format-standard","has-post-thumbnail","category-biznes","tag-biznes","tag-business","tag-klimat","tag-pl","tag-pogoda","tag-poland","tag-polish","tag-polska","tag-polski","tag-prognoza-pogody"],"share_on_mastodon":{"url":"https:\/\/pubeurope.com\/@pl\/116786383731403735","error":""},"_links":{"self":[{"href":"https:\/\/www.europesays.com\/pl\/wp-json\/wp\/v2\/posts\/507269","targetHints":{"allow":["GET"]}}],"collection":[{"href":"https:\/\/www.europesays.com\/pl\/wp-json\/wp\/v2\/posts"}],"about":[{"href":"https:\/\/www.europesays.com\/pl\/wp-json\/wp\/v2\/types\/post"}],"author":[{"embeddable":true,"href":"https:\/\/www.europesays.com\/pl\/wp-json\/wp\/v2\/users\/2"}],"replies":[{"embeddable":true,"href":"https:\/\/www.europesays.com\/pl\/wp-json\/wp\/v2\/comments?post=507269"}],"version-history":[{"count":0,"href":"https:\/\/www.europesays.com\/pl\/wp-json\/wp\/v2\/posts\/507269\/revisions"}],"wp:featuredmedia":[{"embeddable":true,"href":"https:\/\/www.europesays.com\/pl\/wp-json\/wp\/v2\/media\/507270"}],"wp:attachment":[{"href":"https:\/\/www.europesays.com\/pl\/wp-json\/wp\/v2\/media?parent=507269"}],"wp:term":[{"taxonomy":"category","embeddable":true,"href":"https:\/\/www.europesays.com\/pl\/wp-json\/wp\/v2\/categories?post=507269"},{"taxonomy":"post_tag","embeddable":true,"href":"https:\/\/www.europesays.com\/pl\/wp-json\/wp\/v2\/tags?post=507269"}],"curies":[{"name":"wp","href":"https:\/\/api.w.org\/{rel}","templated":true}]}}