{"id":507271,"date":"2026-06-21T05:12:11","date_gmt":"2026-06-21T05:12:11","guid":{"rendered":"https:\/\/www.europesays.com\/pl\/507271\/"},"modified":"2026-06-21T05:12:11","modified_gmt":"2026-06-21T05:12:11","slug":"rozmowy-usa-i-iranu-zastepca-donalda-trumpa-leci-do-szwajcarii","status":"publish","type":"post","link":"https:\/\/www.europesays.com\/pl\/507271\/","title":{"rendered":"Rozmowy USA i Iranu. Zast\u0119pca Donalda Trumpa leci do Szwajcarii"},"content":{"rendered":"<p>Negocjacje w sprawie wst\u0119pnego porozumienia mi\u0119dzy Waszyngtonem a Teheranem ci\u0105gn\u0119\u0142y si\u0119 tygodniami. Spotkanie delegacji USA i Iranu, zaplanowane na pi\u0105tek w kompleksie wypoczynkowym Burgenstock w kantonie Nidwalden, <a href=\"https:\/\/wiadomosci.onet.pl\/swiat\/nagla-zmiana-planow-jd-vance-nie-poleci-do-szwajcarii\/r5x5xxr\" id=\"18b28451-93c4-47b5-be16-490f425055c2\" rel=\"nofollow noopener\" target=\"_blank\">r\u00f3wnie\u017c musia\u0142o zosta\u0107 prze\u0142o\u017cone. <\/a>W sobot\u0119 p\u00f3\u017anym wieczorem wiceprezydent USA J.D. Vance w ko\u0144cu wyruszy\u0142 do Szwajcarii. Na pok\u0142adzie samolotu znalaz\u0142a si\u0119 r\u00f3wnie\u017c jego \u017cona Usha, b\u0119d\u0105ca w zaawansowanej ci\u0105\u017cy. W lipcu spodziewa si\u0119 narodzin czwartego dziecka.<\/p>\n<p>O ile w ostatniej chwili nie dojdzie do eskalacji w Libanie, pewne wydaje si\u0119, \u017ce w niedziel\u0119 centralna Szwajcaria ponownie stanie si\u0119 aren\u0105 rozgrywania \u015bwiatowej polityki. Nad Jeziorem Czterech Kanton\u00f3w rozpoczn\u0105 si\u0119 rozmowy mi\u0119dzy USA a Iranem.<\/p>\n<p>Ira\u0144czycy przybyli ju\u017c w sobot\u0119. &#8222;Z zadowoleniem przyjmujemy przybycie ira\u0144skiej delegacji do Szwajcarii&#8221; \u2014 og\u0142osi\u0142o szwajcarskie Ministerstwo Spraw Zagranicznych na platformie X.<\/p>\n<p> Arcywrogowie przy tym samym stoleW hermetycznie zamkni\u0119tym szwajcarskim kurorcie prawdopodobnie pojawi\u0105 si\u0119 r\u00f3wnie\u017c inni gracze \u2014 przedstawiciele Pakistanu, a by\u0107 mo\u017ce tak\u017ce pa\u0144stw Zatoki Perskiej, kt\u00f3re da\u0142y zielone \u015bwiat\u0142o specjalnemu funduszowi o warto\u015bci<a href=\"https:\/\/businessinsider.com.pl\/gospodarka\/300-mld-dol-dla-iranu-to-nie-reparacje-to-prywatny-mechanizm-inwestycyjny\/xm64wm7\" id=\"9aba0c03-b88f-47a5-8ee3-64a212cf1170\" rel=\"nofollow noopener\" target=\"_blank\"> 300 mld dol. dla Iranu<\/a> \u2014 ma on przekona\u0107 Teheran do rezygnacji z eskalowania konfliktu.     <\/p>\n<p>Rozmowy ju\u017c teraz mo\u017cna uzna\u0107 za sukces, poniewa\u017c Stany Zjednoczone i Iran nie utrzymywa\u0142y stosunk\u00f3w dyplomatycznych od dziesi\u0119cioleci. Teraz zasiadaj\u0105 przy tym samym stole \u2014 w Szwajcarii, kt\u00f3ra oficjalnie pe\u0142ni rol\u0119 mocarstwa ochronnego USA w Iranie od 1980 r.<\/p>\n<p>     Niestabilna sytuacja<\/p>\n<p>Nastroje s\u0105 sceptyczne. Sytuacja na Bliskim Wschodzie pozostaje niezwykle niestabilna. Cie\u015bnina Ormuz pozostaje punktem zapalnym, a zawieszenie broni mi\u0119dzy Izraelem a Libanem \u2014 warunek kluczowy dla Iranu \u2014 jest kruche.<\/p>\n<p>Przed wyjazdem do Szwajcarii J.D Vance wyrazi\u0142 optymizm, licz\u0105c na porozumienie zar\u00f3wno w sporze nuklearnym, jak i w sprawie zawieszenia broni mi\u0119dzy Izraelem a Libanem.<\/p>\n<p>Gro\u017aba TrumpaPrezydent USA Donald Trump odrzuci\u0142 w sobot\u0119 wieczorem ira\u0144skie gro\u017aby zamkni\u0119cia cie\u015bniny Ormuz i uzna\u0142, \u017ce przej\u015bcie pozostanie otwarte. Op\u0142at za tranzyt ma nie by\u0107, cho\u0107 \u2014 jak zaznaczy\u0142 Trump \u2014 <a href=\"https:\/\/wiadomosci.onet.pl\/swiat\/donald-trump-o-oplatach-za-tranzyt-przez-ciesnine-moze-my-bedziemy-je-pobierac\/clnvy7c\" id=\"73cb56df-72ac-4026-9f4a-3e02d966d29a\" rel=\"nofollow noopener\" target=\"_blank\">w gr\u0119 wchodzi op\u0142ata za us\u0142ugi ochrony ameryka\u0144skiego &#8222;anio\u0142a str\u00f3\u017ca&#8221;<\/a>, je\u015bli porozumienie nie zostanie osi\u0105gni\u0119te.<\/p>\n","protected":false},"excerpt":{"rendered":"Negocjacje w sprawie wst\u0119pnego porozumienia mi\u0119dzy Waszyngtonem a Teheranem ci\u0105gn\u0119\u0142y si\u0119 tygodniami. Spotkanie delegacji USA i Iranu, zaplanowane&hellip;\n","protected":false},"author":2,"featured_media":507272,"comment_status":"","ping_status":"","sticky":false,"template":"","format":"standard","meta":{"footnotes":"","_share_on_mastodon":"0"},"categories":[14],"tags":[61195,32,33,44,27,663,6909,34,35,28,31,48,25,46,55,40,41,47,80,29,30,71,26,82,83,84],"class_list":["post-507271","post","type-post","status-publish","format-standard","has-post-thumbnail","category-swiat","tag-bottomfeed_styl","tag-breaking-news","tag-breakingnews","tag-donald_trump","tag-headlines","tag-iran","tag-j_d_vance","tag-latest-news","tag-latestnews","tag-naglowki","tag-najwazniejsze-artykuly","tag-nat_styl","tag-news","tag-omp","tag-phx","tag-polish","tag-polski","tag-screening_general","tag-swiat","tag-top-stories","tag-topstories","tag-usa","tag-wiadomosci","tag-world","tag-world-news","tag-worldnews"],"share_on_mastodon":{"url":"https:\/\/pubeurope.com\/@pl\/116786386988352660","error":""},"_links":{"self":[{"href":"https:\/\/www.europesays.com\/pl\/wp-json\/wp\/v2\/posts\/507271","targetHints":{"allow":["GET"]}}],"collection":[{"href":"https:\/\/www.europesays.com\/pl\/wp-json\/wp\/v2\/posts"}],"about":[{"href":"https:\/\/www.europesays.com\/pl\/wp-json\/wp\/v2\/types\/post"}],"author":[{"embeddable":true,"href":"https:\/\/www.europesays.com\/pl\/wp-json\/wp\/v2\/users\/2"}],"replies":[{"embeddable":true,"href":"https:\/\/www.europesays.com\/pl\/wp-json\/wp\/v2\/comments?post=507271"}],"version-history":[{"count":0,"href":"https:\/\/www.europesays.com\/pl\/wp-json\/wp\/v2\/posts\/507271\/revisions"}],"wp:featuredmedia":[{"embeddable":true,"href":"https:\/\/www.europesays.com\/pl\/wp-json\/wp\/v2\/media\/507272"}],"wp:attachment":[{"href":"https:\/\/www.europesays.com\/pl\/wp-json\/wp\/v2\/media?parent=507271"}],"wp:term":[{"taxonomy":"category","embeddable":true,"href":"https:\/\/www.europesays.com\/pl\/wp-json\/wp\/v2\/categories?post=507271"},{"taxonomy":"post_tag","embeddable":true,"href":"https:\/\/www.europesays.com\/pl\/wp-json\/wp\/v2\/tags?post=507271"}],"curies":[{"name":"wp","href":"https:\/\/api.w.org\/{rel}","templated":true}]}}