{"id":507295,"date":"2026-06-21T05:47:09","date_gmt":"2026-06-21T05:47:09","guid":{"rendered":"https:\/\/www.europesays.com\/pl\/507295\/"},"modified":"2026-06-21T05:47:09","modified_gmt":"2026-06-21T05:47:09","slug":"biuro-premiera-starmera-zaprzecza-media-pisza-o-pewnej-dymisji","status":"publish","type":"post","link":"https:\/\/www.europesays.com\/pl\/507295\/","title":{"rendered":"Biuro premiera Starmera zaprzecza. Media pisz\u0105 o pewnej dymisji"},"content":{"rendered":"<p>Jak podaje tygodnik The Observer, Keir Starmer szykuje si\u0119 do ust\u0105pienia ze stanowiska i przygotowuje plan stopniowego oddania w\u0142adzy swojemu nast\u0119pcy. Politycy z otoczenia premiera, na kt\u00f3rych powo\u0142uje si\u0119 gazeta, twierdz\u0105, \u017ce szef brytyjskiego rz\u0105du uzna\u0142 dalsz\u0105 walk\u0119 o utrzymanie stanowiska za bezcelow\u0105. Bezpo\u015brednim impulsem mia\u0142o by\u0107 przekonuj\u0105ce zwyci\u0119stwo jego g\u0142\u00f3wnego konkurenta, Andy&#8217;ego Burnhama, w wyborach uzupe\u0142niaj\u0105cych do Izby Gmin.<\/p>\n<p> Dalszy ci\u0105g artyku\u0142u pod materia\u0142em wideo <\/p>\n<p>Anonimowy, wysoko postawiony polityk laburzyst\u00f3w oceni\u0142 sytuacj\u0119 w rozmowie z tygodnikiem bez owijania w bawe\u0142n\u0119. \u2014 [Starmer] zderzy\u0142 si\u0119 bole\u015bnie z rzeczywisto\u015bci\u0105: nie ma po prostu poparcia \u2014 przekaza\u0142 The Observer. Inny informator gazety twierdzi, \u017ce premier pracuje ju\u017c nad harmonogramem przekazania w\u0142adzy osobie, kt\u00f3r\u0105 Partia Pracy wska\u017ce jako nowego lidera.<\/p>\n<p>     Downing Street odrzuca spekulacje o dymisji premiera<\/p>\n<p>Oficjalne stanowisko siedziby brytyjskiego premiera jest jednak odmienne. Downing Street okre\u015bla medialne rewelacje mianem spekulacji i odcina si\u0119 od scenariusza odej\u015bcia szefa rz\u0105du. \u0179r\u00f3d\u0142o rz\u0105dowe w rozmowie z agencj\u0105 Reutera zapewni\u0142o, \u017ce Starmer koncentruje si\u0119 na obowi\u0105zkach, a jego nastawienie nie uleg\u0142o zmianie od momentu, gdy zapowiada\u0142 walk\u0119 o utrzymanie urz\u0119du.<\/p>\n<p>     Jeszcze w pi\u0105tek premier deklarowa\u0142 publicznie, \u017ce stanie do rywalizacji o przyw\u00f3dztwo w ugrupowaniu, je\u015bli oficjalna procedura zostanie wszcz\u0119ta. Tego samego dnia jego g\u0142\u00f3wny adwersarz wewn\u0105trz Partii Pracy dosta\u0142 pot\u0119\u017cny zastrzyk politycznej energii. <a href=\"https:\/\/www.onet.pl\/informacje\/onetwiadomosci\/andy-burnham-wraca-do-parlamentu-moze-rzucic-wyzwanie-keirowi-starmerowi\/zzhyj2w,79cfc278\" id=\"ffaca5a3-08c2-4ed8-b5cc-8c9e211b1131\" rel=\"nofollow noopener\" target=\"_blank\">Andy Burnham pewnie zwyci\u0119\u017cy\u0142 w wyborach uzupe\u0142niaj\u0105cych w okr\u0119gu Makerfield na p\u00f3\u0142nocy Anglii i zdoby\u0142 mandat poselski.<\/a>Burnham zyskuje przewag\u0119 w Partii Pracy<\/p>\n<p>Wej\u015bcie do Izby Gmin otwiera Burnhamowi mo\u017cliwo\u015b\u0107 formalnego rzucenia wyzwania Starmerowi w walce o fotel lidera laburzyst\u00f3w, a w konsekwencji o stanowisko premiera. Regulamin Partii Pracy stawia jednak konkretny pr\u00f3g dla ka\u017cdego, kto chce uruchomi\u0107 procedur\u0119 wy\u0142onienia nowego szefa ugrupowania. Potrzebne jest poparcie co najmniej 81 pos\u0142\u00f3w partii.<\/p>\n<p>Rozm\u00f3wcy The Observer twierdz\u0105, \u017ce Burnham m\u00f3g\u0142by ju\u017c teraz liczy\u0107 na ponad 200 takich rekomendacji od parlamentarzyst\u00f3w. Skala tej deklarowanej przewagi znacznie przekracza wymagane minimum i pokazuje, jak g\u0142\u0119boko si\u0119ga niezadowolenie w szeregach partii rz\u0105dz\u0105cej. Pozycja premiera w obr\u0119bie w\u0142asnego klubu poselskiego wyra\u017anie s\u0142abnie z tygodnia na tydzie\u0144.<\/p>\n<p>Kryzys rz\u0105dowy w Wielkiej Brytanii narasta<\/p>\n<p>Zjednoczone Kr\u00f3lestwo pogr\u0105\u017cone jest w kryzysie politycznym, kt\u00f3ry dotyka samego centrum w\u0142adzy. Niskie notowania sonda\u017cowe oraz rozczarowuj\u0105ce wyniki w wyborach lokalnych w Anglii, a tak\u017ce w g\u0142osowaniach do parlament\u00f3w Walii i Szkocji, doprowadzi\u0142y do otwartego buntu cz\u0119\u015bci laburzyst\u00f3w przeciwko premierowi. Starmer od tygodni mierzy si\u0119 z rosn\u0105cym oporem we w\u0142asnym obozie politycznym.<\/p>\n<p>Sytuacj\u0119 dodatkowo skomplikowa\u0142a niespodziewana decyzja jednego z kluczowych cz\u0142onk\u00f3w gabinetu. Do dymisji poda\u0142 si\u0119 John Healey, minister obrony, kt\u00f3rego do tej pory zaliczano do bliskich sojusznik\u00f3w szefa rz\u0105du. Jego odej\u015bcie z resortu pog\u0142\u0119bi\u0142o chaos wok\u00f3\u0142 Starmera i wzmocni\u0142o wra\u017cenie kryzysu na samej g\u00f3rze brytyjskiej w\u0142adzy wykonawczej.<\/p>\n","protected":false},"excerpt":{"rendered":"Jak podaje tygodnik The Observer, Keir Starmer szykuje si\u0119 do ust\u0105pienia ze stanowiska i przygotowuje plan stopniowego oddania&hellip;\n","protected":false},"author":2,"featured_media":507296,"comment_status":"","ping_status":"","sticky":false,"template":"","format":"standard","meta":{"footnotes":"","_share_on_mastodon":"0"},"categories":[14],"tags":[98676,61195,32,33,27,12071,34,35,28,31,48,25,46,55,40,41,47,80,29,30,26,79,82,83,84],"class_list":["post-507295","post","type-post","status-publish","format-standard","has-post-thumbnail","category-swiat","tag-andy_burnham","tag-bottomfeed_styl","tag-breaking-news","tag-breakingnews","tag-headlines","tag-keir_starmer","tag-latest-news","tag-latestnews","tag-naglowki","tag-najwazniejsze-artykuly","tag-nat_styl","tag-news","tag-omp","tag-phx","tag-polish","tag-polski","tag-screening_general","tag-swiat","tag-top-stories","tag-topstories","tag-wiadomosci","tag-wielka_brytania","tag-world","tag-world-news","tag-worldnews"],"share_on_mastodon":{"url":"https:\/\/pubeurope.com\/@pl\/116786524601957990","error":""},"_links":{"self":[{"href":"https:\/\/www.europesays.com\/pl\/wp-json\/wp\/v2\/posts\/507295","targetHints":{"allow":["GET"]}}],"collection":[{"href":"https:\/\/www.europesays.com\/pl\/wp-json\/wp\/v2\/posts"}],"about":[{"href":"https:\/\/www.europesays.com\/pl\/wp-json\/wp\/v2\/types\/post"}],"author":[{"embeddable":true,"href":"https:\/\/www.europesays.com\/pl\/wp-json\/wp\/v2\/users\/2"}],"replies":[{"embeddable":true,"href":"https:\/\/www.europesays.com\/pl\/wp-json\/wp\/v2\/comments?post=507295"}],"version-history":[{"count":0,"href":"https:\/\/www.europesays.com\/pl\/wp-json\/wp\/v2\/posts\/507295\/revisions"}],"wp:featuredmedia":[{"embeddable":true,"href":"https:\/\/www.europesays.com\/pl\/wp-json\/wp\/v2\/media\/507296"}],"wp:attachment":[{"href":"https:\/\/www.europesays.com\/pl\/wp-json\/wp\/v2\/media?parent=507295"}],"wp:term":[{"taxonomy":"category","embeddable":true,"href":"https:\/\/www.europesays.com\/pl\/wp-json\/wp\/v2\/categories?post=507295"},{"taxonomy":"post_tag","embeddable":true,"href":"https:\/\/www.europesays.com\/pl\/wp-json\/wp\/v2\/tags?post=507295"}],"curies":[{"name":"wp","href":"https:\/\/api.w.org\/{rel}","templated":true}]}}