{"id":507373,"date":"2026-06-21T07:07:09","date_gmt":"2026-06-21T07:07:09","guid":{"rendered":"https:\/\/www.europesays.com\/pl\/507373\/"},"modified":"2026-06-21T07:07:09","modified_gmt":"2026-06-21T07:07:09","slug":"niewiarygodny-wieczor-we-wroclawiu-o-tych-zawodach-bedzie-mowilo-sie-latami-opinia","status":"publish","type":"post","link":"https:\/\/www.europesays.com\/pl\/507373\/","title":{"rendered":"Niewiarygodny wiecz\u00f3r we Wroc\u0142awiu. O tych zawodach b\u0119dzie m\u00f3wi\u0142o si\u0119 latami [OPINIA]"},"content":{"rendered":"\n<p class=\"contentpart contentpart--default contentpart--text\" data-position=\"0\">We Wroc\u0142awiu wszystko zacz\u0119\u0142o si\u0119 ponad 30 lat temu, w 1995 roku, kiedy pierwsze, historyczne \u017cu\u017clowe Grand Prix wygrywa\u0142 <a href=\"https:\/\/sportowefakty.wp.pl\/zuzel\/tomasz-gollob\" rel=\"nofollow noopener\" target=\"_blank\">Tomasz Gollob<\/a>. W\u00f3wczas na \u015bwiat przychodzi\u0142 Bartosz Zmarzlik Stadion Olimpijski wcze\u015bniej i p\u00f3\u017aniej by\u0142 aren\u0105 wielkich wydarze\u0144, kt\u00f3re wspominamy latami. 300. jubileuszowy turniej Grand Prix b\u0119dziemy te\u017c pami\u0119ta\u0107 d\u0142ugie lata.<\/p>\n<p class=\"contentpart contentpart--default contentpart--text\" data-position=\"1\">By\u0142o w nim wszystko. Scenariusza tego wieczoru nie wymy\u015bli\u0142by nawet sam mistrz dreszczowc\u00f3w, Alfred Hitchcock. Na koniec widok tak wzruszonego zwyci\u0119zcy, <a href=\"https:\/\/sportowefakty.wp.pl\/zuzel\/bartosz-zmarzlik\" rel=\"nofollow noopener\" target=\"_blank\">Bartosza Zmarzlika<\/a>\u00a0to obrazek, kt\u00f3ry przejdzie do anna\u0142\u00f3w polskiego sportu.\u00a0Mistrz nad mistrzami tak d\u0142ugo czeka\u0142 na triumf, \u017ce podczas odgrywania Mazurka D\u0105browskiego nie kry\u0142 wzruszenia. Emocje by\u0142y tak du\u017ce, \u017ce \u0142ama\u0142 mu si\u0119 g\u0142os.<\/p>\n<p>  <img decoding=\"async\" src=\"https:\/\/v.wpimg.pl\/X3dwLnN2d1IFFTpdYUl6R0ZNbgcnEHQREVV2TGEGbUtRT2MdOlZ2RBQUKABgQjQcDRotCStBd1IAAWMeIlM7VgwYIAorQAdEFFk_GCkQJQ\" alt=\"\" width=\"45\" height=\"58\" loading=\"lazy\"\/>  <\/p>\n<p class=\"contentpart contentpart--default contentpart--text\" data-position=\"2\">ZOBACZ WIDEO:\u00a0Falubaz rzuci\u0142 si\u0119 na ich zawodnik\u00f3w. Jaki by\u0142 efekt?<\/p>\n<p class=\"contentpart contentpart--default contentpart--text\" data-position=\"4\">300. runda Grand Prix powinna mie\u0107 swoj\u0105 niepowtarzaln\u0105 opraw\u0119. Ju\u017c sam fakt, \u017ce odbywa\u0142a si\u0119 we Wroc\u0142awiu zwiastowa\u0142 wyj\u0105tkowo\u015b\u0107.  Stolica Dolnego \u015al\u0105ska by\u0142a w 1997 roku do\u015bwiadczona przez pow\u00f3d\u017a. W sobotnie wiecz\u00f3r wydawa\u0142o si\u0119, \u017ce Wroc\u0142aw nawiedzi\u0142 armageddon.<\/p>\n<p class=\"contentpart contentpart--default contentpart--text\" data-position=\"5\">Wed\u0142ug niekt\u00f3rych danych na terenie Wroc\u0142awia spad\u0142o \u015brednio od 30 do 40 litr\u00f3w wody na metr kwadratowy powierzchni, a lokalnie nawet wi\u0119cej. Pogotowie energetyczne odnotowa\u0142o kilkadziesi\u0105t zg\u0142osze\u0144 dotycz\u0105cych zerwanych przewod\u00f3w oraz zalanych urz\u0105dze\u0144 energetycznych. W pewnym momencie wydawa\u0142o si\u0119, \u017ce wszystkie te nieszcz\u0119\u015bcia skumulowa\u0142y si\u0119 nad Stadionem Olimpijskim.<\/p>\n<p class=\"contentpart contentpart--default contentpart--text\" data-position=\"6\">Zalany park maszyn, zawodnicy i mechanicy brodz\u0105cy po kostki w wodzie. Podobnie reporterzy. W ko\u0144cu decyzja o tym, by jecha\u0107 zawody, kt\u00f3ra spotka\u0142a si\u0119 z protestem \u017cu\u017clowc\u00f3w. Kolejna ulewa. Przek\u0142adane decyzje odno\u015bnie pocz\u0105tku zawod\u00f3w, a kiedy ju\u017c zawodnicy wyjechali pod ta\u015bm\u0119 startow\u0105, okaza\u0142o si\u0119, \u017ce szwankuj\u0105 urz\u0105dzenia elektryczne i nie dzia\u0142a maszyna startowa. Do elektryk\u00f3w pofatygowa\u0142a si\u0119 nawet <a href=\"https:\/\/sportowefakty.wp.pl\/zuzel\/krystyna-kloc\" rel=\"nofollow noopener\" target=\"_blank\">Krystyna Rusko<\/a>. Determinacja w\u0142adz WTS-u Wroc\u0142aw, ca\u0142ego sztabu organizator\u00f3w oraz samego <a href=\"https:\/\/sportowefakty.wp.pl\/zuzel\/phil-morris\" rel=\"nofollow noopener\" target=\"_blank\">Phila Morrisa<\/a>, \u017ceby odjecha\u0107 te zawody w sobotni wiecz\u00f3r by\u0142a gigantyczna.<\/p>\n<p>  <img decoding=\"async\" src=\"https:\/\/v.wpimg.pl\/X3dwLnN2d1IFFTpdYUl6R0ZNbgcnEHQREVV2TGEGbUtRT2MdOlZ2RBQUKABgQjQcDRotCStBd1IAAWMeIlM7VgwYIAorQAdEFFk_GCkQJQ\" alt=\"\" width=\"45\" height=\"58\" loading=\"lazy\"\/>  <\/p>\n<p class=\"contentpart contentpart--default contentpart--text\" data-position=\"7\">Po tym, jak s\u0142u\u017cbom technicznym przypomniano kr\u00f3tki instrukta\u017c startowania zawod\u00f3w za po\u015brednictwem\u2026 chor\u0105giewki, nagle zacz\u0119\u0142a dzia\u0142a\u0107 maszyna startowa i rozpocz\u0119to turniej Grand Prix jak na XXI wiek przysta\u0142o. Na zegarze by\u0142a 21:49. Normalnie o tej porze by\u0142oby ju\u017c po zawodach.<\/p>\n<p>  <img decoding=\"async\" src=\"https:\/\/www.europesays.com\/pl\/wp-content\/uploads\/2026\/06\/NTc2ODcuYTUCUDl3TA5sIEEIbS0KV2J2FhB1ZkxCeWQbHTwiThIvOA9XPT1NAj43B1xhNA9aPjwMRiA3TEMvZ1QBfnFWF38wAQZ8.jpeg\" alt=\"Wroc\u0142awski park maszyn\" width=\"770\" height=\"\" loading=\"lazy\"\/> Wroc\u0142awski park maszyn  <\/p>\n<p class=\"contentpart contentpart--default contentpart--text\" data-position=\"9\">Kiedy pr\u00f3bowano odjecha\u0107 Grand Prix w ekspresowym tempie, by zako\u0144czy\u0107 zmagania przed p\u00f3\u0142noc\u0105, wydarzy\u0142o si\u0119 kilka karamboli. Najgorzej wygl\u0105da\u0142 ten z udzia\u0142em <a href=\"https:\/\/sportowefakty.wp.pl\/zuzel\/jason-doyle\" rel=\"nofollow noopener\" target=\"_blank\">Jasona Doyle&#8217;a<\/a>\u00a0i <a href=\"https:\/\/sportowefakty.wp.pl\/zuzel\/jack-holder\" rel=\"nofollow noopener\" target=\"_blank\">Jacka Holdera<\/a>. Przerwa na naprawd\u0119 bandy pneumatycznej i udzielenie pomocy poszkodowany zawodnikom trwa\u0142a dobre 20 minut.<\/p>\n<p class=\"contentpart contentpart--default contentpart--text\" data-position=\"10\">Sympatia publiczno\u015bci by\u0142a mocno podzielona. Miejscowi fani trzymali kciuki bardziej pod k\u0105tem przynale\u017cno\u015bci klubowej ni\u017c narodowej. Wybuch rado\u015bci podczas kwalifikacji, gdy <a href=\"https:\/\/sportowefakty.wp.pl\/zuzel\/robert-lambert\" rel=\"nofollow noopener\" target=\"_blank\">Robert Lambert<\/a>\u00a0 pokona\u0142 Bartosza Zmarzlika, eliminuj\u0105c Polaka z udzia\u0142u w finale sprintu, by\u0142 znamienny. Podobnie zreszt\u0105, gdy australijski ulubieniec wroc\u0142awskiej publiczno\u015bci, <a href=\"https:\/\/sportowefakty.wp.pl\/zuzel\/brady-kurtz\" rel=\"nofollow noopener\" target=\"_blank\">Brady Kurtz<\/a>\u00a0wyprzedza\u0142 Polaka na dystansie w 16. wy\u015bcigu.<\/p>\n<p>  <img decoding=\"async\" src=\"https:\/\/v.wpimg.pl\/X3dwLnN2d1IFFTpdYUl6R0ZNbgcnEHQREVV2TGEGbUtRT2MdOlZ2RBQUKABgQjQcDRotCStBd1IAAWMeIlM7VgwYIAorQAdEFFk_GCkQJQ\" alt=\"\" width=\"45\" height=\"58\" loading=\"lazy\"\/>  <\/p>\n<p class=\"contentpart contentpart--default contentpart--text\" data-position=\"11\">Koniec ko\u0144c\u00f3w, g\u0142\u00f3wni faworyci pojechali w wielkim finale, a decyduj\u0105cy wy\u015bcig by\u0142 majstersztykiem sze\u015bciokrotnego mistrza \u015bwiata. Bartosz Zmarzlik wygra\u0142 w fantastycznym stylu, a ambitnie walcz\u0105cy o drugie miejsce Kurtz, zamiast na podium, sko\u0144czy\u0142 ostatecznie na czwartym miejscu i musia\u0142 odda\u0107 polskiemu mistrzowi z\u0142oty plastron lidera cyklu mistrzostw \u015bwiata.<\/p>\n<p class=\"contentpart contentpart--default contentpart--text\" data-position=\"12\">Jeszcze tak wzruszonego Bartosza Zmarzlika na podium nie widzieli\u015bmy chyba nigdy, cho\u0107 przecie\u017c Polak dokonywa\u0142 ju\u017c w karierze rzeczy wielkich i historycznych. Na ten triumf czeka\u0142 jednak ponad rok czasu, przegrywaj\u0105c momentami seryjnie ze swoim wielkim rywalem, Brady Kurtzem.<\/p>\n<p class=\"contentpart contentpart--default contentpart--text\" data-position=\"13\">Zmarzlik wzrusza si\u0119, gdy m\u00f3wi o rodzinie. Podkre\u015bla, \u017ce to synowie s\u0105 jego motorem nap\u0119dowym w drodze po bicie kolejnych rekord\u00f3w. I wreszcie, pierwszy raz w karierze Zmarzlik z dw\u00f3jk\u0105 swoich latoro\u015bli stan\u0105\u0142 na najwy\u017cszym stopniu podium. Widok pi\u0119kny i wzruszaj\u0105cy, a Mazurek D\u0105browskiego, w trakcie kt\u00f3rego Polak \u0142ama\u0142 si\u0119 g\u0142os jest dowodem, jak wiele dla Zmarzlika znaczy orze\u0142ek na plastronie czy kasku.<\/p>\n<p>  <img decoding=\"async\" src=\"https:\/\/v.wpimg.pl\/X3dwLnN2d1IFFTpdYUl6R0ZNbgcnEHQREVV2TGEGbUtRT2MdOlZ2RBQUKABgQjQcDRotCStBd1IAAWMeIlM7VgwYIAorQAdEFFk_GCkQJQ\" alt=\"\" width=\"45\" height=\"58\" loading=\"lazy\"\/>  <\/p>\n<p class=\"contentpart contentpart--default contentpart--text\" data-position=\"14\">Je\u015bli 300. turniej Grand Prix na \u017cu\u017clu mia\u0142 przej\u015b\u0107 do historii nie tylko z uwagi na okr\u0105g\u0142\u0105 liczb\u0119, to \u017cycie i aura napisa\u0142a najlepszy z mo\u017cliwych scenariuszy. Tej rundy po prostu nie da si\u0119 zapomnie\u0107. Wroc\u0142aw po raz kolejny udowodni\u0142, \u017ce niemo\u017cliwe nie istnieje, a w tym turnieju by\u0142o wszystko, co pi\u0119kne i jednocze\u015bnie dramatyczne w \u017cu\u017clu.<\/p>\n<p class=\"contentpart contentpart--default contentpart--text\" data-position=\"15\">Krew, pot i \u0142zy. Dramat i nieszcz\u0119\u015bcie tych, kt\u00f3rzy doznali kontuzji, tytaniczna praca organizator\u00f3w i mn\u00f3stwo przeciwno\u015bci losu, a na koniec cudowny i wzruszaj\u0105cy fina\u0142. Zmarzlik na met\u0119 wjecha\u0142 tu\u017c przed p\u00f3\u0142noc\u0105 po swoje 30. zwyci\u0119stwo w karierze. Na podium wchodzi\u0142 ju\u017c w pierwszych minutach niedzieli. Rozpocz\u0119ta p\u00f3\u017ano wieczorem w sobot\u0119, a zako\u0144czona dekoracj\u0105 ju\u017c po p\u00f3\u0142nocy Grand Prix by\u0142a po prostu niewiarygodnym wydarzeniem.<\/p>\n<p class=\"contentpart contentpart--default contentpart--text\" data-position=\"16\">Z Wroc\u0142awia, Maciej Kmiecik, dziennikarz WP SportoweFakty<\/p>\n","protected":false},"excerpt":{"rendered":"We Wroc\u0142awiu wszystko zacz\u0119\u0142o si\u0119 ponad 30 lat temu, w 1995 roku, kiedy pierwsze, historyczne \u017cu\u017clowe Grand Prix&hellip;\n","protected":false},"author":2,"featured_media":507374,"comment_status":"","ping_status":"","sticky":false,"template":"","format":"standard","meta":{"footnotes":"","_share_on_mastodon":"0"},"categories":[51607],"tags":[780,98339,42,38,40,39,41,748,3503,1853,174],"class_list":["post-507373","post","type-post","status-publish","format-standard","has-post-thumbnail","category-wroclaw","tag-bartosz-zmarzlik","tag-gp-polski","tag-pl","tag-poland","tag-polish","tag-polska","tag-polski","tag-sgp-ims","tag-stadion-olimpijski-we-wroclawiu","tag-wroclaw","tag-zuzel"],"share_on_mastodon":{"url":"https:\/\/pubeurope.com\/@pl\/116786840238914606","error":""},"_links":{"self":[{"href":"https:\/\/www.europesays.com\/pl\/wp-json\/wp\/v2\/posts\/507373","targetHints":{"allow":["GET"]}}],"collection":[{"href":"https:\/\/www.europesays.com\/pl\/wp-json\/wp\/v2\/posts"}],"about":[{"href":"https:\/\/www.europesays.com\/pl\/wp-json\/wp\/v2\/types\/post"}],"author":[{"embeddable":true,"href":"https:\/\/www.europesays.com\/pl\/wp-json\/wp\/v2\/users\/2"}],"replies":[{"embeddable":true,"href":"https:\/\/www.europesays.com\/pl\/wp-json\/wp\/v2\/comments?post=507373"}],"version-history":[{"count":0,"href":"https:\/\/www.europesays.com\/pl\/wp-json\/wp\/v2\/posts\/507373\/revisions"}],"wp:featuredmedia":[{"embeddable":true,"href":"https:\/\/www.europesays.com\/pl\/wp-json\/wp\/v2\/media\/507374"}],"wp:attachment":[{"href":"https:\/\/www.europesays.com\/pl\/wp-json\/wp\/v2\/media?parent=507373"}],"wp:term":[{"taxonomy":"category","embeddable":true,"href":"https:\/\/www.europesays.com\/pl\/wp-json\/wp\/v2\/categories?post=507373"},{"taxonomy":"post_tag","embeddable":true,"href":"https:\/\/www.europesays.com\/pl\/wp-json\/wp\/v2\/tags?post=507373"}],"curies":[{"name":"wp","href":"https:\/\/api.w.org\/{rel}","templated":true}]}}