{"id":507564,"date":"2026-06-21T09:36:12","date_gmt":"2026-06-21T09:36:12","guid":{"rendered":"https:\/\/www.europesays.com\/pl\/507564\/"},"modified":"2026-06-21T09:36:12","modified_gmt":"2026-06-21T09:36:12","slug":"odszedl-z-lechii-gdansk-bedzie-pracowal-w-czechach","status":"publish","type":"post","link":"https:\/\/www.europesays.com\/pl\/507564\/","title":{"rendered":"Odszed\u0142 z Lechii Gda\u0144sk. B\u0119dzie pracowa\u0142 w Czechach"},"content":{"rendered":"\n<p class=\"contentpart contentpart--default contentpart--text\" data-position=\"0\">Nie zamierza\u0142 odchodzi\u0107. Rados\u0142aw Bella chcia\u0142 by\u0107 dalej w sztabie szkoleniowym Lechii Gda\u0144sk, a kibice sugerowali, \u017ce m\u00f3g\u0142by zosta\u0107 nawet pierwszym trenerem w Betclic I lidze.<\/p>\n<p class=\"contentpart contentpart--default contentpart--text\" data-position=\"1\">Prezes Paolo Urfer mia\u0142 jednak inne zdanie i podzi\u0119kowa\u0142 mu za wsp\u00f3\u0142prac\u0119.<\/p>\n<p>  <img decoding=\"async\" src=\"https:\/\/v.wpimg.pl\/X3dwLnN2d1IFFTpdYUl6R0ZNbgcnEHQREVV2TGEGbUtRT2MdOlZ2RBQUKABgQjQcDRotCStBd1IAAWMeIlM7VgwYIAorQAdEFFk_GCkQJQ\" alt=\"\" width=\"45\" height=\"58\" loading=\"lazy\"\/>  <\/p>\n<p class=\"contentpart contentpart--default contentpart--text\" data-position=\"2\">Po kr\u00f3tkim urlopie Bella znalaz\u0142 nowy klub i pod koniec tygodnia zosta\u0142 przedstawiony jako nowy asystent w czeskiej Sigmie O\u0142omuniec.<\/p>\n<p class=\"contentpart contentpart--default contentpart--text\" data-position=\"3\">ZOBACZ WIDEO: Gikiewicz zako\u0144czy karier\u0119? &#8222;Daj\u0119 sobie miesi\u0105c&#8221;<\/p>\n<p class=\"contentpart contentpart--default contentpart--text\" data-position=\"5\">Od teraz Bella b\u0119dzie drugim asystentem Pavla Hapala, kt\u00f3rego kibice w Polsce mog\u0105 kojarzy\u0107 z pracy w Zag\u0142\u0119biu Lubin.<\/p>\n<p class=\"contentpart contentpart--default contentpart--text\" data-position=\"6\">Zreszt\u0105, Sigma chcia\u0142a go \u015bci\u0105gn\u0105\u0107 do swojego sztabu ju\u017c p\u00f3\u0142 roku temu, ale odm\u00f3wi\u0142. Druga pr\u00f3ba przekonania go ju\u017c si\u0119 jednak powiod\u0142a.<\/p>\n<p>  <img decoding=\"async\" src=\"https:\/\/v.wpimg.pl\/X3dwLnN2d1IFFTpdYUl6R0ZNbgcnEHQREVV2TGEGbUtRT2MdOlZ2RBQUKABgQjQcDRotCStBd1IAAWMeIlM7VgwYIAorQAdEFFk_GCkQJQ\" alt=\"\" width=\"45\" height=\"58\" loading=\"lazy\"\/>  <\/p>\n<p class=\"contentpart contentpart--default contentpart--text\" data-position=\"7\">Sigma w poprzednim sezonie rywalizowa\u0142a w Lidze Konferencji (m.in. z Rakowem Cz\u0119stochowa i Lechem Pozna\u0144) i dotar\u0142a a\u017c do 1\/8 fina\u0142u. W rodzimej lidze tak dobrze ju\u017c nie posz\u0142o i dosz\u0142o do wymiany praktycznie ca\u0142ego sztabu.<\/p>\n","protected":false},"excerpt":{"rendered":"Nie zamierza\u0142 odchodzi\u0107. Rados\u0142aw Bella chcia\u0142 by\u0107 dalej w sztabie szkoleniowym Lechii Gda\u0144sk, a kibice sugerowali, \u017ce m\u00f3g\u0142by&hellip;\n","protected":false},"author":2,"featured_media":507565,"comment_status":"","ping_status":"","sticky":false,"template":"","format":"standard","meta":{"footnotes":"","_share_on_mastodon":"0"},"categories":[51610],"tags":[3640,779,1048,2308,98763,269,278,42,38,40,39,41,72148,16431],"class_list":["post-507564","post","type-post","status-publish","format-standard","has-post-thumbnail","category-gdansk","tag-betclic-i-liga","tag-czechy","tag-gdansk","tag-lechia-gdansk","tag-pavel-hapal","tag-pilka-nozna","tag-pilka-w-europie","tag-pl","tag-poland","tag-polish","tag-polska","tag-polski","tag-radoslaw-bella","tag-sigma-olomuniec"],"share_on_mastodon":{"url":"https:\/\/pubeurope.com\/@pl\/116787425546382573","error":""},"_links":{"self":[{"href":"https:\/\/www.europesays.com\/pl\/wp-json\/wp\/v2\/posts\/507564","targetHints":{"allow":["GET"]}}],"collection":[{"href":"https:\/\/www.europesays.com\/pl\/wp-json\/wp\/v2\/posts"}],"about":[{"href":"https:\/\/www.europesays.com\/pl\/wp-json\/wp\/v2\/types\/post"}],"author":[{"embeddable":true,"href":"https:\/\/www.europesays.com\/pl\/wp-json\/wp\/v2\/users\/2"}],"replies":[{"embeddable":true,"href":"https:\/\/www.europesays.com\/pl\/wp-json\/wp\/v2\/comments?post=507564"}],"version-history":[{"count":0,"href":"https:\/\/www.europesays.com\/pl\/wp-json\/wp\/v2\/posts\/507564\/revisions"}],"wp:featuredmedia":[{"embeddable":true,"href":"https:\/\/www.europesays.com\/pl\/wp-json\/wp\/v2\/media\/507565"}],"wp:attachment":[{"href":"https:\/\/www.europesays.com\/pl\/wp-json\/wp\/v2\/media?parent=507564"}],"wp:term":[{"taxonomy":"category","embeddable":true,"href":"https:\/\/www.europesays.com\/pl\/wp-json\/wp\/v2\/categories?post=507564"},{"taxonomy":"post_tag","embeddable":true,"href":"https:\/\/www.europesays.com\/pl\/wp-json\/wp\/v2\/tags?post=507564"}],"curies":[{"name":"wp","href":"https:\/\/api.w.org\/{rel}","templated":true}]}}