{"id":507912,"date":"2026-06-21T14:16:13","date_gmt":"2026-06-21T14:16:13","guid":{"rendered":"https:\/\/www.europesays.com\/pl\/507912\/"},"modified":"2026-06-21T14:16:13","modified_gmt":"2026-06-21T14:16:13","slug":"na-tej-aferze-polska-stracila-miliardy-alchemicy-nie-poniesli-kary","status":"publish","type":"post","link":"https:\/\/www.europesays.com\/pl\/507912\/","title":{"rendered":"Na tej aferze Polska straci\u0142a miliardy. &#8222;Alchemicy&#8221; nie ponie\u015bli kary"},"content":{"rendered":"<p>Afera paliwowa wybuch\u0142a latem 2002 r. po tym, jak &#8222;Rzeczpospolita&#8221; opisa\u0142a kulisy prokuratorskiego \u015bledztwa dotycz\u0105cego wielkiego przest\u0119pczego procederu. Trzech szczeci\u0144skich przedsi\u0119biorc\u00f3w media nazywa\u0142y w\u00f3wczas alchemikami lub baronami paliwowymi. \u0141\u0105czy\u0142a ich sp\u00f3\u0142ka BGM ze Szczecina, kt\u00f3ra w ci\u0105gu zaledwie trzech lat od powstania sta\u0142a si\u0119 potentatem paliwowym w kraju.<\/p>\n<p>Media latami opisywa\u0142y kulisy \u015bledztwa. Gdy w 2005 r. przed sejmow\u0105 komisj\u0105 \u015bledcz\u0105 ds. Orlenu (obie afery przeplata\u0142y si\u0119 ze sob\u0105) stan\u0105\u0142 Jan Bobrek, nie by\u0142 zbyt rozmowny. Na wi\u0119kszo\u015b\u0107 pyta\u0144 odpowiada\u0142 jednym zdaniem. \u2014 Odmawiam odpowiedzi na to pytanie \u2014 powtarza\u0142. Zas\u0142ania\u0142 si\u0119 przy tym prokuratorskim \u015bledztwem, w kt\u00f3rym mia\u0142 status podejrzanego. T\u0142umaczy\u0142, \u017ce nie chce obci\u0105\u017ca\u0107 samego siebie.<\/p>\n<p>\u2014 Na pewno nie zrobi\u0142em wielu tych rzeczy, o kt\u00f3re si\u0119 mnie pos\u0105dza \u2014 stwierdzi\u0142 jednocze\u015bnie.<\/p>\n<p>Wcze\u015bniej, po sp\u0119dzeniu ponad p\u00f3\u0142tora roku w areszcie \u015bledczym, Jan Bobrek zacz\u0105\u0142 opowiada\u0107 \u015bledczym o kulisach dzia\u0142a\u0144 sp\u00f3\u0142ki BGM i swoich wsp\u00f3lnik\u00f3w. M\u00f3wi\u0142, \u017ce system opiera\u0142 si\u0119 na licznych nieformalnych powi\u0105zaniach, a zdobywanie kontrakt\u00f3w i ochrona interes\u00f3w wymaga\u0142y kontakt\u00f3w w administracji oraz s\u0142u\u017cbach.<\/p>\n<p>To w\u0142a\u015bnie ten w\u0105tek \u2014 relacji mi\u0119dzy biznesem a instytucjami pa\u0144stwa \u2014 okaza\u0142 si\u0119 jednym z najbardziej dra\u017cliwych. W materia\u0142ach \u015bledczych pojawia\u0142y si\u0119 informacje o \u0142ap\u00f3wkach, &#8222;prowizjach&#8221; oraz ostrzeganiu przed kontrolami. Cz\u0119\u015b\u0107 podejrzanych wskazywa\u0142a, \u017ce bez takiej ochrony funkcjonowanie systemu na tak\u0105 skal\u0119 nie by\u0142oby mo\u017cliwe.<\/p>\n<p>Gdy w 2004 r. Jan Bobrek \u2014 po wp\u0142aceniu 2 mln z\u0142 kaucji \u2014 opuszcza\u0142 areszt, m\u00f3wi\u0142o si\u0119, \u017ce to nagroda w\u0142a\u015bnie za jego &#8222;rozmowno\u015b\u0107&#8221;. \u017be dla \u015bledczych informacje Bobrka by\u0142y kluczowe, by w mafii paliwowej dotrze\u0107 do tych na samym szczycie: przedsi\u0119biorc\u00f3w, polityk\u00f3w, funkcjonariuszy s\u0142u\u017cb.<\/p>\n<p>      O wypadku, w kt\u00f3rym zgin\u0119\u0142a 10-latka, m\u00f3wi\u0142a ca\u0142a Polska. \u0141odzi\u0105 sterowa\u0142 miliarder ze Szczecina. Ujawniamy nowe fakty   <img class=\"ods-a-photo ods-a-photo--background\" src=\"https:\/\/www.europesays.com\/pl\/wp-content\/uploads\/2026\/06\/4wYk9lBaHR0cHM6Ly9vY2RuLmV1L3B1bHNjbXMvTURBXy84NmU3ZGFkMDBmYzE2MTg5ZDlmNmUzNDcwMWQ3MTFiOS5wbmeRlQLNA.jpeg\" height=\"253\" width=\"450\" alt=\"Protest przeciwko budowaniu bazy paliwowej w Szczecinie, Jan Bobrek, poszukiwania na jeziorze D\u0105bie\" loading=\"lazy\" fetchpriority=\"low\" decoding=\"async\"\/>  <\/p>\n<p>Jedn\u0105 z kluczowych os\u00f3b, kt\u00f3re Jan Bobrek obci\u0105\u017cy\u0142, by\u0142 jego wsp\u00f3lnik \u2014 Arkadiusz Grochulski. To Grochulski mia\u0142 mie\u0107 kontakty w\u015br\u00f3d polityk\u00f3w, wp\u0142aca\u0107 na partie i pojedynczych dzia\u0142aczy, &#8222;za\u0142atwia\u0107 sprawy&#8221; z celnikami, czyli \u2014 m\u00f3wi\u0105c wprost \u2014 wr\u0119cza\u0107 \u0142ap\u00f3wki. \u2014 Arkadiusz Grochulski nigdy nie informowa\u0142, jakie dzia\u0142ania podejmuje. M\u00f3wi\u0142, \u017ce to b\u0119dzie kosztowa\u0142o \u2014 zeznawa\u0142 Bobrek w prokuraturze.<\/p>\n<p>W tym czasie Arkadiusz Grochulski ukrywa\u0142 si\u0119 poza granicami Polski i by\u0142 nieuchwytny dla polskich s\u0142u\u017cb.<\/p>\n<p>Bobrek w zamian za zeznania chcia\u0142 od organ\u00f3w \u015bcigania konkretnej zap\u0142aty \u2014 nadzwyczajnego z\u0142agodzenia kary.<\/p>\n<p>     <img class=\"ods-a-photo ods-a-photo--background\" src=\"https:\/\/www.europesays.com\/pl\/wp-content\/uploads\/2026\/06\/1-gk9lBaHR0cHM6Ly9vY2RuLmV1L3B1bHNjbXMvTURBXy84OWVkMWMyODhmMzQxZTI0ZmY1YjY0MzUyZjJjZjk4ZC5qcGeRkwXNB.jpeg\" height=\"530\" width=\"940\" alt=\"Jan Bobrek po konfrontacji z Arkadiuszem Grochulskim w krakowskiej prokuraturze (2005 r.)\" loading=\"lazy\" fetchpriority=\"auto\" decoding=\"auto\"\/>    <\/p>\n<p>Jacek Bednarczyk \/ PAP<\/p>\n<p>  Jan Bobrek po konfrontacji z Arkadiuszem Grochulskim w krakowskiej prokuraturze (2005 r.)  <\/p>\n<p>O ca\u0142ym procederze Jan Bobrek opowiada\u0142 w prokuraturze przez wiele miesi\u0119cy. \u015aledczy urz\u0105dzili nawet konfrontacj\u0119 dw\u00f3ch baron\u00f3w \u2014 Bobrka i Grochulskiego. Proces ruszy\u0142 w 2005 r., a nied\u0142ugo p\u00f3\u017aniej Bobrek wszystkie swoje zeznania odwo\u0142a\u0142.<\/p>\n<p>Nabici w paliwa. Polska straci\u0142a miliardy<\/p>\n<p>Wr\u00f3\u0107my jednak do pocz\u0105tku. W latach 80. Jan Bobrek by\u0142 marynarzem. Osiem lat p\u0142ywa na statkach. W ko\u0144cu jednak chce osi\u0105\u015b\u0107 ca\u0142kiem w Szczecinie. Zatrudnia si\u0119 w szwedzkiej firmie SOG Energy Polska, kt\u00f3ra ma swoj\u0105 siedzib\u0119 w stolicy wojew\u00f3dztwa. Tam poznaje Arkadiusza Grochulskiego, kt\u00f3ry razem ze Zdzis\u0142awem Marsza\u0142kiem prowadzi przedsi\u0119biorstwo spedycyjne Trans Sad.<\/p>\n<p>Nazw\u0119 sp\u00f3\u0142ki wsp\u00f3lnicy utworzyli od pierwszych liter swoich nazwisk: Bobrek, Grochulski, Marsza\u0142ek. BGM specjalizowa\u0142o si\u0119 w handlu paliwami na szerok\u0105 skal\u0119, sprowadzaj\u0105c je zza granicy i dystrybuuj\u0105c je na rynku krajowym. Maj\u0105tku w\u0142a\u015bciciele dorobili si\u0119 jednak \u2014 zdaniem \u015bledczych \u2014 g\u0142\u00f3wnie dzi\u0119ki importowi oleju opa\u0142owego, kt\u00f3ry po przej\u015bciu przez sie\u0107 powi\u0105zanych firm stawa\u0142 si\u0119 olejem nap\u0119dowym.<\/p>\n<p>Prokuratura zarzuca\u0142a baronom niezap\u0142acenie 280 mln z\u0142 podatk\u00f3w i wypranie kolejnych 200 mln z\u0142. Struktura mafii paliwowej, ujawniona w ponad stu \u015bledztwach, by\u0142a hierarchiczna i obejmowa\u0142a pi\u0119ciu &#8222;baron\u00f3w&#8221; (poza tr\u00f3jk\u0105 BGM ze Szczecina, by\u0142o dw\u00f3ch ze \u015al\u0105ska: Przemys\u0142aw Kna\u015b, kt\u00f3ry podda\u0142 si\u0119 dobrowolnej karze, oraz Artur Kawalec), kilkunastu \u0142\u0105cznik\u00f3w i &#8222;praczy&#8221; oraz ponad 800 wykonawc\u00f3w, a na ko\u0144cu &#8222;s\u0142upy&#8221;.<\/p>\n<p>\u0141\u0105cznicy organizowali dzia\u0142alno\u015b\u0107 \u2014 zak\u0142adali firmy, werbowali podstawione osoby oraz nadzorowali fikcyjny obr\u00f3t fakturami. Dzi\u0119ki \u0142a\u0144cuchom sp\u00f3\u0142ek paliwo wprowadzone bez podatk\u00f3w &#8222;legalizowano&#8221; na papierze.<\/p>\n<p>&#8222;Pracze&#8221; wyci\u0105gali pieni\u0105dze z systemu przez siatki sp\u00f3\u0142ek i operacje finansowe. Szeregowi uczestnicy realizowali polecenia i czerpali minimalne zyski, tworz\u0105c rozleg\u0142\u0105, wielopoziomow\u0105 sie\u0107 przest\u0119pcz\u0105.<\/p>\n<p>Mimo rozpracowania ca\u0142ej struktury, obszernych zezna\u0144 m.in. Bobrka (p\u00f3\u017aniej wycofanych) i Knasia, blisko 2,7 tys. firm zamieszanych w proceder, 340 \u015bledztw prokuratorskich, ponad 150 akt\u00f3w oskar\u017cenia, kt\u00f3rymi obj\u0119to w sumie 900 os\u00f3b, w czerwcu 2018 r. w mediach g\u0142o\u015bno zrobi\u0142o si\u0119 o pora\u017cce prokuratury.<\/p>\n<p>     <img class=\"ods-a-photo ods-a-photo--background\" src=\"https:\/\/www.europesays.com\/pl\/wp-content\/uploads\/2026\/06\/FWgk9lBaHR0cHM6Ly9vY2RuLmV1L3B1bHNjbXMvTURBXy8zZDU2YzAwMjk2MTY2MjBiMTAyM2Q1ZGZiZDJlYjQ3OS5qcGeRkwXNB.jpeg\" height=\"530\" width=\"940\" alt=\"Jan Bobrek podczas jednego z proces\u00f3w afery paliwowej (2006 r.)\" loading=\"lazy\" fetchpriority=\"auto\" decoding=\"auto\"\/>    <\/p>\n<p>Cezary Aszkie\u0142owicz \/ Agencja Gazeta<\/p>\n<p>  Jan Bobrek podczas jednego z proces\u00f3w afery paliwowej (2006 r.)  <\/p>\n<p>   Wina bez kary<\/p>\n<p>W krakowskim s\u0105dzie po 13 latach procesu zapad\u0142 w ko\u0144cu wyrok w sprawie g\u0142\u00f3wnego w\u0105tku afery paliwowej. Szczeci\u0144scy &#8222;alchemicy&#8221; zostali w nim uniewinnieni. Ju\u017c wcze\u015bniej, bo w 2012 r., krakowski s\u0105d umorzy\u0142 cz\u0119\u015b\u0107 w\u0105tk\u00f3w afery paliwowej, uznaj\u0105c, \u017ce zarzuty \u2014 m.in. przest\u0119pstw skarbowych i udzia\u0142u w zorganizowanej grupie \u2014 si\u0119 przedawni\u0142y.<\/p>\n<p>Chodzi\u0142o o czyny z lat 1999\u20132002. Proces trwa\u0142 od 2005 r. i obj\u0105\u0142 18 os\u00f3b, w tym g\u0142\u00f3wnych uczestnik\u00f3w afery. Z czasem kolejne zarzuty odpada\u0142y, a po latach sprawa zako\u0144czy\u0142a si\u0119 jedynie cz\u0119\u015bciowym rozliczeniem.<\/p>\n<p>Co wi\u0119cej, s\u0105d wprost wskaza\u0142, \u017ce akt oskar\u017cenia by\u0142 niesp\u00f3jny: cz\u0119\u015b\u0107 zarzut\u00f3w nie mia\u0142a pokrycia w dowodach, a cz\u0119\u015b\u0107 dowod\u00f3w \u2014 w zarzutach. Krytycznie oceniono te\u017c spos\u00f3b gromadzenia materia\u0142u. Do sprawy trafia\u0142y ogromne, nieuporz\u0105dkowane zbiory dokument\u00f3w, w tym np. &#8222;opinia informatyczna&#8221;, kt\u00f3ra okaza\u0142a si\u0119 jedynie wydrukami danych z komputer\u00f3w BGM oraz obszerne akta przekazane przez CB\u015a ze Szczecina.<\/p>\n<p>Jednocze\u015bnie skazani zostali dzia\u0142acze tzw. ni\u017cszego szczebla. Na podstawie samych dokument\u00f3w z prokuratorskich \u015bledztw szacuje si\u0119, \u017ce w wyniku dzia\u0142ania mafii paliwowej Skarb Pa\u0144stwa straci\u0142 2,5 mld z\u0142. Nieoficjalne wyliczenia m\u00f3wi\u0105 nawet o 10 mld z\u0142.<\/p>\n<p>Wyrok zapad\u0142 20 czerwca 2018 r. Jan Bobrek na og\u0142oszeniu si\u0119 nie pojawi\u0142. Dok\u0142adnie miesi\u0105c p\u00f3\u017aniej, 20 lipca 2018 r., szczeci\u0144ski s\u0105d ju\u017c nie by\u0142 mu tak przychylny. <\/p>\n<p>(Nie)osadzony Jan B. Dwukrotnie<\/p>\n<p>Akt oskar\u017cenia by\u0142 w\u0142a\u015bciwie podobny: pranie pieni\u0119dzy, zakup oleju opa\u0142owego i sprzeda\u017c jako oleju nap\u0119dowego, fa\u0142szowanie dokument\u00f3w. I najpowa\u017cniejszy \u2014 kierowanie zorganizowan\u0105 grup\u0105 przest\u0119pcz\u0105, kt\u00f3ra powsta\u0142a w ramach sp\u00f3\u0142ki BGM i kilku innych podmiot\u00f3w. <\/p>\n<p>Tym razem prokuratura mia\u0142a znacznie szerszy obraz sytuacji: dok\u0142adne przelewy i wyp\u0142aty, kt\u00f3re pokazywa\u0142y przep\u0142yw pieni\u0119dzy. I cho\u0107 proces by\u0142 d\u0142ugi i \u017cmudny, a g\u0142\u00f3wne w\u0105tki dotyczy\u0142y 2002 r., nie by\u0142o mowy o przedawnieniu. Jana Bobrka s\u0105d skaza\u0142 w sumie na 3,5 roku wi\u0119zienia, ale paliwowy baron z wyrokiem nigdy si\u0119 nie pogodzi\u0142. Kiedy dwa lata p\u00f3\u017aniej S\u0105d Apelacyjny utrzyma\u0142 wyrok, sprawa trafi\u0142a nawet do S\u0105du Najwy\u017cszego.<\/p>\n<p>Pod koniec marca 2022 r. ten uzna\u0142 skarg\u0119 kasacyjn\u0105 jako &#8222;oczywi\u015bcie bezzasadn\u0105&#8221;. W tym czasie Jan Bobrek powinien ju\u017c od ponad dw\u00f3ch lat przebywa\u0107 w zak\u0142adzie karnym. Nigdy tam jednak nie trafi\u0142. Zamiast tego \u2014 kilka miesi\u0119cy p\u00f3\u017aniej \u2014 <a href=\"https:\/\/wiadomosci.onet.pl\/tylko-w-onecie\/o-tym-wypadku-mowila-cala-polska-lodzia-sterowal-miliarder-ze-szczecina-ujawniamy\/vnnkwxn\" id=\"47ce41a0-558f-4550-8bdf-b8fcd92e4f6e\" rel=\"nofollow noopener\" target=\"_blank\">spowodowa\u0142 \u015bmiertelny wypadek \u0142odzi motorowej, w kt\u00f3rym zgin\u0119\u0142a 10-letnia c\u00f3rka jego pracownika. <\/a>O tym, jak szczeci\u0144skiemu &#8222;alchemikowi&#8221; uda\u0142o si\u0119 (dwukrotnie), unikn\u0105\u0107 odsiadki piszemy w tek\u015bcie, kt\u00f3ry mo\u017cna znale\u017a\u0107 <a href=\"https:\/\/wiadomosci.onet.pl\/tylko-w-onecie\/o-tym-wypadku-mowila-cala-polska-lodzia-sterowal-miliarder-ze-szczecina-ujawniamy\/vnnkwxn\" id=\"3a12895b-74d7-4a4e-acf3-2afac02cf93c\" rel=\"nofollow noopener\" target=\"_blank\">tutaj. <\/a> O wypadku, w kt\u00f3rym zgin\u0119\u0142a 10-latka, m\u00f3wi\u0142a ca\u0142a Polska. \u0141odzi\u0105 sterowa\u0142 miliarder ze Szczecina. Ujawniamy nowe fakty   <img class=\"ods-a-photo ods-a-photo--background\" src=\"https:\/\/www.europesays.com\/pl\/wp-content\/uploads\/2026\/06\/4wYk9lBaHR0cHM6Ly9vY2RuLmV1L3B1bHNjbXMvTURBXy84NmU3ZGFkMDBmYzE2MTg5ZDlmNmUzNDcwMWQ3MTFiOS5wbmeRlQLNA.jpeg\" height=\"253\" width=\"450\" alt=\"Protest przeciwko budowaniu bazy paliwowej w Szczecinie, Jan Bobrek, poszukiwania na jeziorze D\u0105bie\" loading=\"lazy\" fetchpriority=\"low\" decoding=\"async\"\/>  <\/p>\n","protected":false},"excerpt":{"rendered":"Afera paliwowa wybuch\u0142a latem 2002 r. po tym, jak &#8222;Rzeczpospolita&#8221; opisa\u0142a kulisy prokuratorskiego \u015bledztwa dotycz\u0105cego wielkiego przest\u0119pczego procederu.&hellip;\n","protected":false},"author":2,"featured_media":507913,"comment_status":"","ping_status":"","sticky":false,"template":"","format":"standard","meta":{"footnotes":"","_share_on_mastodon":"0"},"categories":[12],"tags":[56,61195,98825,49,18719,48,46,42,38,40,39,41,2225,47,4896,2307,2228],"class_list":["post-507912","post","type-post","status-publish","format-standard","has-post-thumbnail","category-polska","tag-article_premium","tag-bottomfeed_styl","tag-jan_bobrek","tag-kraj","tag-mafia","tag-nat_styl","tag-omp","tag-pl","tag-poland","tag-polish","tag-polska","tag-polski","tag-sad","tag-screening_general","tag-skarb_panstwa","tag-szczecin","tag-wyrok"],"share_on_mastodon":{"url":"https:\/\/pubeurope.com\/@pl\/116788526181852015","error":""},"_links":{"self":[{"href":"https:\/\/www.europesays.com\/pl\/wp-json\/wp\/v2\/posts\/507912","targetHints":{"allow":["GET"]}}],"collection":[{"href":"https:\/\/www.europesays.com\/pl\/wp-json\/wp\/v2\/posts"}],"about":[{"href":"https:\/\/www.europesays.com\/pl\/wp-json\/wp\/v2\/types\/post"}],"author":[{"embeddable":true,"href":"https:\/\/www.europesays.com\/pl\/wp-json\/wp\/v2\/users\/2"}],"replies":[{"embeddable":true,"href":"https:\/\/www.europesays.com\/pl\/wp-json\/wp\/v2\/comments?post=507912"}],"version-history":[{"count":0,"href":"https:\/\/www.europesays.com\/pl\/wp-json\/wp\/v2\/posts\/507912\/revisions"}],"wp:featuredmedia":[{"embeddable":true,"href":"https:\/\/www.europesays.com\/pl\/wp-json\/wp\/v2\/media\/507913"}],"wp:attachment":[{"href":"https:\/\/www.europesays.com\/pl\/wp-json\/wp\/v2\/media?parent=507912"}],"wp:term":[{"taxonomy":"category","embeddable":true,"href":"https:\/\/www.europesays.com\/pl\/wp-json\/wp\/v2\/categories?post=507912"},{"taxonomy":"post_tag","embeddable":true,"href":"https:\/\/www.europesays.com\/pl\/wp-json\/wp\/v2\/tags?post=507912"}],"curies":[{"name":"wp","href":"https:\/\/api.w.org\/{rel}","templated":true}]}}