{"id":507918,"date":"2026-06-21T14:19:08","date_gmt":"2026-06-21T14:19:08","guid":{"rendered":"https:\/\/www.europesays.com\/pl\/507918\/"},"modified":"2026-06-21T14:19:08","modified_gmt":"2026-06-21T14:19:08","slug":"zuzel-kluczowa-wygrana-zmarzlika-cisnienie-roslo-z-dnia-na-dzien-jedno-martwi-selekcjonera-kadry","status":"publish","type":"post","link":"https:\/\/www.europesays.com\/pl\/507918\/","title":{"rendered":"\u017bu\u017cel. Kluczowa wygrana Zmarzlika. &#8222;Ci\u015bnienie ros\u0142o z dnia na dzie\u0144&#8221;. Jedno martwi selekcjonera kadry"},"content":{"rendered":"\n<p class=\"contentpart contentpart--default contentpart--text\" data-position=\"0\"><a href=\"https:\/\/sportowefakty.wp.pl\/zuzel\/bartosz-zmarzlik\" rel=\"nofollow noopener\" target=\"_blank\">Bartosz Zmarzlik<\/a>\u00a0po dwudniowym finale w Manchesterze traci\u0142 do pierwszego <a href=\"https:\/\/sportowefakty.wp.pl\/zuzel\/brady-kurtz\" rel=\"nofollow noopener\" target=\"_blank\">Brady&#8217;ego Kurtza<\/a>\u00a0trzy punkty. System jest tak skonstruowany, \u017ce jeszcze przed pierwszym wy\u015bcigiem we Wroc\u0142awiu m\u00f3g\u0142 odzyska\u0107 plastron lidera, punktuj\u0105c w wy\u015bcigu sprinterskim. Tak si\u0119 jednak nie sta\u0142o, wi\u0119c Polak by\u0142 zdany na to, co wydarzy si\u0119 wieczorem.<\/p>\n<p class=\"contentpart contentpart--default contentpart--text\" data-position=\"1\">Zmarzlik zdoby\u0142 11 punkt\u00f3w i awansowa\u0142 bezpo\u015brednio do fina\u0142u. W nim wybra\u0142 czwarte pole i wygra\u0142 z du\u017c\u0105 przewag\u0105. Co wi\u0119cej, Kurtz przyjecha\u0142 czwarty, co oznacza\u0142o, \u017ce 6-krotny mistrz \u015bwiata nie tylko odrobi\u0142 strat\u0119 trzech punkt\u00f3w, ale jeszcze wywi\u00f3z\u0142 tak\u0105 sam\u0105 zaliczk\u0119. &#8211;\u00a0To bardzo wa\u017cne zwyci\u0119stwo, bo ci\u015bnienie ros\u0142o z dnia na dzie\u0144 &#8211; przyznaje Stanis\u0142aw Chomski w rozmowie z WP SportoweFakty.<\/p>\n<p>  <img decoding=\"async\" src=\"https:\/\/v.wpimg.pl\/X3dwLnN2d1IFFTpdYUl6R0ZNbgcnEHQREVV2TGEGbUtRT2MdOlZ2RBQUKABgQjQcDRotCStBd1IAAWMeIlM7VgwYIAorQAdEFFk_GCkQJQ\" alt=\"\" width=\"45\" height=\"58\" loading=\"lazy\"\/>  <\/p>\n<p class=\"contentpart contentpart--default contentpart--text\" data-position=\"2\">OBEJRZYJ WIDEO:\u00a0Pawlicki dosta\u0142 pytanie o Uni\u0119 Leszno. Tak zareagowa\u0142<\/p>\n<p class=\"contentpart contentpart--default contentpart--text\" data-position=\"4\">Wszystko zacz\u0119\u0142o si\u0119 w\u0142a\u015bnie w Manchesterze. &#8211; Ta wygrana wiele dla niego znaczy. Bardzo pechowo u\u0142o\u017cy\u0142y si\u0119 zawody w Manchesterze. Gdyby wypali\u0142 plan A, by\u0142by w zupe\u0142nie innej sytuacji. Bartek musia\u0142 si\u0119 po\u0142o\u017cy\u0107, gdzie do\u015b\u0107 mocno ucierpia\u0142a r\u0119ka i zaj\u0105\u0142 czwarte miejsce. Drugiego dnia nie wytrzyma\u0142 trud\u00f3w fina\u0142u. Prowadzi\u0142 zdecydowanie, ale p\u00f3\u017aniej musia\u0142 jecha\u0107 asekuracyjnie i sta\u0142o si\u0119 tak, jak si\u0119 sta\u0142o. Dzi\u015b uda\u0142o mu si\u0119 to odrobi\u0107. Dlatego o z\u0142ocie zadecyduj\u0105 najmniejsze detale &#8211; podkre\u015bla trener reprezentacji Polski na \u017cu\u017clu.<\/p>\n<p class=\"contentpart contentpart--default contentpart--text\" data-position=\"5\">Zmarzlik w finale wybiera\u0142 jako drugi. Do tej pory z uporem maniaka najcz\u0119\u015bciej stawia\u0142 na czwarte pole, co niejednokrotnie nie zdawa\u0142o egzaminu. Kiedy Kurtz stan\u0105\u0142 na polu A, Zmarzlik nie mia\u0142 wyj\u015bcia i musia\u0142 p\u00f3j\u015b\u0107 pod p\u0142ot. &#8211; Wiedzia\u0142, \u017ce Brady we\u017amie pierwszy tor i jemu zostanie czwarty. Mia\u0142 w g\u0142owie gotowy plan. Cieszymy si\u0119, \u017ce na terenie Brady&#8217;ego, na jego domowym torze, uda\u0142o si\u0119 wygra\u0107 i ponownie obj\u0105\u0107 prowadzenie w klasyfikacji &#8211; zaznacza Chomski.<\/p>\n<p>  <img decoding=\"async\" src=\"https:\/\/v.wpimg.pl\/X3dwLnN2d1IFFTpdYUl6R0ZNbgcnEHQREVV2TGEGbUtRT2MdOlZ2RBQUKABgQjQcDRotCStBd1IAAWMeIlM7VgwYIAorQAdEFFk_GCkQJQ\" alt=\"\" width=\"45\" height=\"58\" loading=\"lazy\"\/>  <\/p>\n<p class=\"contentpart contentpart--default contentpart--text\" data-position=\"6\">&#8211; Pierwsze pole by\u0142o bardzo dobre, tylko Bartek du\u017co lepiej wystartowa\u0142 z czwartego. To by\u0142 klucz do sukcesu. Tym razem zd\u0105\u017cy\u0142 dojecha\u0107 do p\u0142otu. To inna sytuacja, bo w Manchesterze spad\u0142 deszcz i waha\u0142 si\u0119 czy nie wzi\u0105\u0107 pierwszego pola. Wydawa\u0142o si\u0119, \u017ce nawierzchnia pod band\u0105 b\u0119dzie wystarczaj\u0105ca \u015bliska. To s\u0105 pewne wybory i odczucia zawodnik\u00f3w, kt\u00f3re p\u00f3\u017aniej sk\u0142adaj\u0105 si\u0119 na wynik &#8211; zauwa\u017ca.<\/p>\n<p class=\"contentpart contentpart--default contentpart--text\" data-position=\"7\">Dla Zmarzlika to nie tylko walka z Kurtzem, ale r\u00f3wnie\u017c z matematyk\u0105. Ta okaza\u0142a si\u0119 we Wroc\u0142awiu bardzo \u0142askawa. Kurtz pocz\u0105tkowo jecha\u0142 drugi, a finalnie sko\u0144czy\u0142 czwarty. To dla sytuacji w tabeli mia\u0142o ogromne znaczenie. &#8211; Gdyby Bartek wygra\u0142, a Brady by\u0142 drugi, to odrobi\u0142by tylko dwa punkty. Tak uda\u0142o si\u0119 nie tylko odrobi\u0107, ale nawet zbudowa\u0107 przewag\u0119 trzech punkt\u00f3w nad Kurtzem &#8211; dostrzega.<\/p>\n<p class=\"contentpart contentpart--default contentpart--text\" data-position=\"8\">31-latek tak naprawd\u0119 uratowa\u0142 honor Bia\u0142o-Czerwonych. Spo\u015br\u00f3d reszty kadrowicz\u00f3w brakowa\u0142o cho\u0107by jednego kandydata do udzia\u0142u w finale. <a href=\"https:\/\/sportowefakty.wp.pl\/zuzel\/patryk-dudek\" rel=\"nofollow noopener\" target=\"_blank\">Patryk Dudek<\/a>\u00a0 i <a href=\"https:\/\/sportowefakty.wp.pl\/zuzel\/maciej-janowski\" rel=\"nofollow noopener\" target=\"_blank\">Maciej Janowski<\/a>\u00a0odpadli w niemrawym stylu w wy\u015bcigu ostatniej szansy, a <a href=\"https:\/\/sportowefakty.wp.pl\/zuzel\/kacper-woryna\" rel=\"nofollow noopener\" target=\"_blank\">Kacper Woryna<\/a>\u00a0oraz <a href=\"https:\/\/sportowefakty.wp.pl\/zuzel\/dominik-kubera\" rel=\"nofollow noopener\" target=\"_blank\">Dominik Kubera<\/a>\u00a0nawet si\u0119 do niego nie zakwalifikowali.<\/p>\n<p>  <img decoding=\"async\" src=\"https:\/\/v.wpimg.pl\/X3dwLnN2d1IFFTpdYUl6R0ZNbgcnEHQREVV2TGEGbUtRT2MdOlZ2RBQUKABgQjQcDRotCStBd1IAAWMeIlM7VgwYIAorQAdEFFk_GCkQJQ\" alt=\"\" width=\"45\" height=\"58\" loading=\"lazy\"\/>  <\/p>\n<p class=\"contentpart contentpart--default contentpart--text\" data-position=\"9\">&#8211; Wynik Bartka jest idealny, cho\u0107 szkoda, \u017ce reszcie ch\u0142opak\u00f3w nie posz\u0142o. Po kwalifikacjach i pierwszym wy\u015bcigu liczy\u0142em na du\u017co wi\u0119cej w wykonaniu Macieja Janowskiego. Po Patryku Dudku i Kacprze Worynie kibice pewnie te\u017c spodziewali si\u0119 nieco wi\u0119cej. Szczeg\u00f3lnie Kacper mia\u0142 taki bieg, gdzie prowadzi\u0142, a finalnie przyjecha\u0142 na czwartym miejscu. Tak wygl\u0105da jednak Grand Prix, gdzie ka\u017cdy najmniejszy b\u0142\u0105d jest wykorzystywany &#8211; ko\u0144czy.<\/p>\n","protected":false},"excerpt":{"rendered":"Bartosz Zmarzlik\u00a0po dwudniowym finale w Manchesterze traci\u0142 do pierwszego Brady&#8217;ego Kurtza\u00a0trzy punkty. System jest tak skonstruowany, \u017ce jeszcze&hellip;\n","protected":false},"author":2,"featured_media":507919,"comment_status":"","ping_status":"","sticky":false,"template":"","format":"standard","meta":{"footnotes":"","_share_on_mastodon":"0"},"categories":[24],"tags":[780,2163,42,38,40,39,41,748,127,126,13755,174],"class_list":["post-507918","post","type-post","status-publish","format-standard","has-post-thumbnail","category-sport","tag-bartosz-zmarzlik","tag-brady-kurtz","tag-pl","tag-poland","tag-polish","tag-polska","tag-polski","tag-sgp-ims","tag-sport","tag-sports","tag-stanislaw-chomski","tag-zuzel"],"share_on_mastodon":{"url":"https:\/\/pubeurope.com\/@pl\/116788538084254236","error":""},"_links":{"self":[{"href":"https:\/\/www.europesays.com\/pl\/wp-json\/wp\/v2\/posts\/507918","targetHints":{"allow":["GET"]}}],"collection":[{"href":"https:\/\/www.europesays.com\/pl\/wp-json\/wp\/v2\/posts"}],"about":[{"href":"https:\/\/www.europesays.com\/pl\/wp-json\/wp\/v2\/types\/post"}],"author":[{"embeddable":true,"href":"https:\/\/www.europesays.com\/pl\/wp-json\/wp\/v2\/users\/2"}],"replies":[{"embeddable":true,"href":"https:\/\/www.europesays.com\/pl\/wp-json\/wp\/v2\/comments?post=507918"}],"version-history":[{"count":0,"href":"https:\/\/www.europesays.com\/pl\/wp-json\/wp\/v2\/posts\/507918\/revisions"}],"wp:featuredmedia":[{"embeddable":true,"href":"https:\/\/www.europesays.com\/pl\/wp-json\/wp\/v2\/media\/507919"}],"wp:attachment":[{"href":"https:\/\/www.europesays.com\/pl\/wp-json\/wp\/v2\/media?parent=507918"}],"wp:term":[{"taxonomy":"category","embeddable":true,"href":"https:\/\/www.europesays.com\/pl\/wp-json\/wp\/v2\/categories?post=507918"},{"taxonomy":"post_tag","embeddable":true,"href":"https:\/\/www.europesays.com\/pl\/wp-json\/wp\/v2\/tags?post=507918"}],"curies":[{"name":"wp","href":"https:\/\/api.w.org\/{rel}","templated":true}]}}