{"id":507945,"date":"2026-06-21T14:40:08","date_gmt":"2026-06-21T14:40:08","guid":{"rendered":"https:\/\/www.europesays.com\/pl\/507945\/"},"modified":"2026-06-21T14:40:08","modified_gmt":"2026-06-21T14:40:08","slug":"dwie-manifestacje-przeszly-przez-wroclaw-na-jednej-z-nich-pojawil-sie-grzegorz-braun","status":"publish","type":"post","link":"https:\/\/www.europesays.com\/pl\/507945\/","title":{"rendered":"Dwie manifestacje przesz\u0142y przez Wroc\u0142aw. Na jednej z nich pojawi\u0142 si\u0119 Grzegorz Braun"},"content":{"rendered":"<p>Manifestacja Konfederacji Korony Polskiej oraz Ruchu Narodowego<\/p>\n<p>\/fot. Piotr Osowicz<\/p>\n<p>We Wroc\u0142awiu odby\u0142y si\u0119 dwie manifestacje. Jedna zorganizowana przez Konfederacje Korony Polskiej, a druga przez Ruch Narodowy. Wszystko odby\u0142o si\u0119 bez incydent\u00f3w. W przemarszu z Placu Wolno\u015bci pod Pomnik Boles\u0142awa Chrobrego wzi\u0105\u0142 udzia\u0142 szef  Konfederacja Korony Polskiej Grzegorz Braun.<\/p>\n<p style=\"text-align: justify;\">Pod has\u0142em &#8222;Polska za Pokojem&#8221; we Wroc\u0142awiu zebrali si\u0119 zwolennicy Grzegorza Brauna i Konfederacji Korony Polskiej. Kilkadziesi\u0105t os\u00f3b z bia\u0142o czerwonymi flagami przesz\u0142o z Placu Wolno\u015bci pod pomnik Boles\u0142awa Chrobrego.<\/p>\n<p style=\"text-align: justify;\">&#8211; No jak si\u0119 nie b\u0119dziemy szanowa\u0107 to tak b\u0119dziemy traktowani jak teraz, polexit przede wszystkim, my\u015bl\u0119 \u017ce dba\u0142o\u015b\u0107 o Polsk\u0119, o Polak\u00f3w to jest przede wszystkim. Mamy odzyska\u0107 niepodleg\u0142o\u015b\u0107 Polski jak du\u017co slogan\u00f3w wskazuje, no mamy naje\u017adzc\u00f3w w Polsce i rz\u0105dz\u0105 nami nie Polacy &#8211; m\u00f3wi jeden z uczestnik\u00f3w.<\/p>\n<p>&#13;<br \/>\n\t\t\t\t\t\t\t\t\t\tAby ods\u0142ucha\u0107 za\u0142\u0105czonego d\u017awi\u0119ku zaktualizuj przegl\u0105dark\u0119 lub\/i wtyczk\u0119 Adobe Flash Player.&#13;\n\t\t\t\t\t\t\t\t\t<\/p>\n<p style=\"text-align: justify;\">Zwolennik\u00f3w Konfederacji Korony Polskiej w marszu ubezpieczali policjanci w radiowozach i bezpo\u015brednio na ulicy. Manifestacja przebieg\u0142a spokojnie. Akcja &#8222;Polska za Pokojem&#8221; jest inicjatyw\u0105 og\u00f3lnopolska podobne spotkania odbywaj\u0105 si\u0119 na terenie ca\u0142ego kraju.<\/p>\n<p style=\"text-align: justify;\">&#8211; Akcja jest zapocz\u0105tkowana przez kobiety, matki c\u00f3rki, siostry kt\u00f3re nie godz\u0105 si\u0119 aby ich synowie, m\u0119\u017cowie, rodzina gin\u0119li na wojnach. Jeste\u015bmy aktywne w ca\u0142ej Polsce i g\u0142o\u015bno idziemy za przekazem Polska za Pokojem &#8211; m\u00f3wi Sylwia Lech z KKP.<\/p>\n<p>&#13;<br \/>\n\t\t\t\t\t\t\t\t\t\tAby ods\u0142ucha\u0107 za\u0142\u0105czonego d\u017awi\u0119ku zaktualizuj przegl\u0105dark\u0119 lub\/i wtyczk\u0119 Adobe Flash Player.&#13;\n\t\t\t\t\t\t\t\t\t<\/p>\n<p style=\"text-align: justify;\">W drugiej manifestacji wzi\u0119\u0142o udzia\u0142 oko\u0142o 50 os\u00f3b reprezentuj\u0105cych ugrupowania narodowc\u00f3w i kibic\u00f3w. Przemaszerowali oni ulicami Wroc\u0142awia protestuj\u0105c przeciwko masowemu nap\u0142ywowi imigrant\u00f3w, g\u0142osz\u0105c antyrz\u0105dowe i anty unijne has\u0142a.\u00a0<\/p>\n<p style=\"text-align: justify;\">Marsz zako\u0144czy\u0142 si\u0119 pod pomnikiem ofiar Katynia, gdzie po wyg\u0142oszeniu przem\u00f3wie\u0144 mi\u0119dzy innymi przeciwko zwi\u0105zkom jednop\u0142ciowym i przeciwko dzieciom od surogatek, manifestacja zosta\u0142a zako\u0144czona.<\/p>\n<p style=\"text-align: justify;\">Jak informowa\u0142 Wojciech Downar prezes og\u00f3lnopolskiego stowarzyszenia Patrole Obywatelskie, w manifestacji nie chodzi\u0142o o szerzenie niech\u0119ci wobec Ukrai\u0144c\u00f3w:<\/p>\n<p style=\"text-align: justify;\">&#8211; Naprawd\u0119 nie zale\u017cy nam na tym, \u017ceby sk\u0142\u00f3ci\u0107 Polak\u00f3w z Ukrai\u0144cami, dlatego \u017ce na pewno wielu si\u0142om zale\u017cy na tym, \u017ceby nas sk\u0142\u00f3ci\u0107. My musimy dba\u0107 o to, \u017ceby w t\u0119 k\u0142\u00f3tni\u0119 si\u0119 nie da\u0107 wci\u0105gn\u0105\u0107. Nie mo\u017cemy pozwoli\u0107, \u017ceby ideologia wzi\u0119\u0142a z g\u00f3ry nad cz\u0142owiecze\u0144stwem, dlatego musimy ostro\u017cnie wa\u017cy\u0107 to, co si\u0119 dzieje. Nie dajmy si\u0119 sprowokowa\u0107.<\/p>\n<p>&#13;<br \/>\n\t\t\t\t\t\t\t\t\t\tAby ods\u0142ucha\u0107 za\u0142\u0105czonego d\u017awi\u0119ku zaktualizuj przegl\u0105dark\u0119 lub\/i wtyczk\u0119 Adobe Flash Player.&#13;\n\t\t\t\t\t\t\t\t\t<\/p>\n<p style=\"text-align: justify;\">Na trasie r\u00f3wnie\u017c nie dosz\u0142o do incydent\u00f3w.<\/p>\n","protected":false},"excerpt":{"rendered":"Manifestacja Konfederacji Korony Polskiej oraz Ruchu Narodowego \/fot. Piotr Osowicz We Wroc\u0142awiu odby\u0142y si\u0119 dwie manifestacje. Jedna zorganizowana&hellip;\n","protected":false},"author":2,"featured_media":507946,"comment_status":"","ping_status":"","sticky":false,"template":"","format":"standard","meta":{"footnotes":"","_share_on_mastodon":"0"},"categories":[51607],"tags":[18048,74781,53930,95859,16406,34720,88810,42,70806,38,40,39,41,98839,53719,44412,1853,44413],"class_list":["post-507945","post","type-post","status-publish","format-standard","has-post-thumbnail","category-wroclaw","tag-braun","tag-dwie","tag-grzegorz","tag-jednej","tag-manifestacje","tag-na","tag-nich","tag-pl","tag-pojawil","tag-poland","tag-polish","tag-polska","tag-polski","tag-przeszly","tag-przez","tag-sie","tag-wroclaw","tag-z"],"share_on_mastodon":{"url":"https:\/\/pubeurope.com\/@pl\/116788620572462046","error":""},"_links":{"self":[{"href":"https:\/\/www.europesays.com\/pl\/wp-json\/wp\/v2\/posts\/507945","targetHints":{"allow":["GET"]}}],"collection":[{"href":"https:\/\/www.europesays.com\/pl\/wp-json\/wp\/v2\/posts"}],"about":[{"href":"https:\/\/www.europesays.com\/pl\/wp-json\/wp\/v2\/types\/post"}],"author":[{"embeddable":true,"href":"https:\/\/www.europesays.com\/pl\/wp-json\/wp\/v2\/users\/2"}],"replies":[{"embeddable":true,"href":"https:\/\/www.europesays.com\/pl\/wp-json\/wp\/v2\/comments?post=507945"}],"version-history":[{"count":0,"href":"https:\/\/www.europesays.com\/pl\/wp-json\/wp\/v2\/posts\/507945\/revisions"}],"wp:featuredmedia":[{"embeddable":true,"href":"https:\/\/www.europesays.com\/pl\/wp-json\/wp\/v2\/media\/507946"}],"wp:attachment":[{"href":"https:\/\/www.europesays.com\/pl\/wp-json\/wp\/v2\/media?parent=507945"}],"wp:term":[{"taxonomy":"category","embeddable":true,"href":"https:\/\/www.europesays.com\/pl\/wp-json\/wp\/v2\/categories?post=507945"},{"taxonomy":"post_tag","embeddable":true,"href":"https:\/\/www.europesays.com\/pl\/wp-json\/wp\/v2\/tags?post=507945"}],"curies":[{"name":"wp","href":"https:\/\/api.w.org\/{rel}","templated":true}]}}