{"id":508324,"date":"2026-06-21T19:41:14","date_gmt":"2026-06-21T19:41:14","guid":{"rendered":"https:\/\/www.europesays.com\/pl\/508324\/"},"modified":"2026-06-21T19:41:14","modified_gmt":"2026-06-21T19:41:14","slug":"relacja-live-z-meczu-pres-torun-motor-lublin","status":"publish","type":"post","link":"https:\/\/www.europesays.com\/pl\/508324\/","title":{"rendered":"Relacja LIVE z meczu Pres Toru\u0144 &#8211; Motor Lublin"},"content":{"rendered":"<p class=\"news__lead\">Zapraszamy na relacj\u0119 LIVE z meczu 9. kolejki PGE Ekstraligi Pres Grupa Deweloperska Toru\u0144 &#8211; Orlen Oil Motor Lublin. Pocz\u0105tek spotkania o godz. 19:30. Relacj\u0119 prowadzi Filip Sobczak.\n<\/p>\n<p>WYNIK JEST NA BIE\u017b\u0104CO AKTUALIZOWANY &#8211; PROSIMY O OD\u015aWIE\u017bANIE STRONY<\/p>\n<p>PRES Grupa Deweloperska Toru\u0144:<\/p>\n<p>9. Patryk Dudek (2*,2,2*,3,3) 12+2<br \/>10. Robert Lambert (3,1*,3,2*,2) 11+2<br \/>11. Norick Bl\u00f6dorn (3,1*,1,2*) 7+2<br \/>12. Mikkel Michelsen (0,2,3,2*,2*) 9+2<br \/>13. Emil Sajfutdinow (3,3,3,3) 12<br \/>14. Miko\u0142aj Duchi\u0144ski (2*,1,0) 3+1<br \/>15. Antoni Kawczy\u0144ski (3,0,3,1*) 7+1<br \/>16. Nicolai Heiselberg ns<\/p>\n<p>Orlen Oil Motor Lublin:<\/p>\n<p>1. Kacper Woryna (1,2,2,0,1,0) 6<br \/>2. Mateusz Cierniak (1*,1*,1,0,w,1) 4+2<br \/>3. Martin Vaculik (0,0,1*,0) 1+1<br \/>4. Dawid Cepielik ns<br \/>5. Bartosz Zmarzlik (2,3,3,2,1,3) 14<br \/>6. Bartosz Ba\u0144bor (1,2,0,1,0) 4<br \/>7. Sven Cerjak (0,0) 0<br \/>8. Bartosz Jaworski (0) 0<\/p>\n<p><img decoding=\"async\" src=\"https:\/\/www.europesays.com\/pl\/wp-content\/uploads\/2026\/04\/inline__1507671_1934.png\"\/><\/p>\n<p>Bieg po biegu:<\/p>\n<p>Mecz jest przyspieszony o 10 minut ze wzgl\u0119du na warunki atmosferyczne i zagro\u017cenie opadami deszczu.<\/p>\n<p>1. Bl\u00f6dorn, Dudek, Woryna, Vaculik 5:1<\/p>\n<p>Bl\u00f6dorn na pierwszym \u0142uku poradzi\u0142 sobie z zawodnikami Motoru.<\/p>\n<p>2. Kawczy\u0144ski, Duchi\u0144ski, Ba\u0144bor, Cerjak 5:1 (10:2)<\/p>\n<p>Pewne zwyci\u0119stwo gospodarzy.<\/p>\n<p>3. Sajfutdinow, Zmarzlik, Cierniak, Michelsen 3:3 (13:5)<\/p>\n<p>Sajfutdinow na\u00a0ostatnim okr\u0105\u017ceniu wyprzedzi\u0142 Zmarzlika, a Cierniak poradzi\u0142 sobie z Michelsenem.<\/p>\n<p>4. Lambert, Ba\u0144bor, Duchi\u0144ski, Jaworski 4:2 (17:7)<\/p>\n<p>Rezerwa zwyk\u0142a: Jaworski za Cepielika. Lambo na pierwszym okr\u0105\u017ceniu przedar\u0142 si\u0119 na pierwsz\u0105 pozycj\u0119.<\/p>\n<p>W drugiej serii odb\u0119d\u0105 si\u0119 cztery\u00a0wy\u015bcigi, poniewa\u017c s\u0119dzia obawia si\u0119 opad\u00f3w deszczu.<\/p>\n<p>5. Zmarzlik, Michelsen,\u00a0Bl\u00f6dorn, Vaculik 3:3 (20:10)<\/p>\n<p>Rezerwa taktyczna: Zmarzlik za\u00a0Cepielika.\u00a0Bl\u00f6dorn wygra\u0142 start, ale Zmarzlik min\u0105\u0142 go jeszcze na pierwszym okr\u0105\u017ceniu.<\/p>\n<p>6. Sajfutdinow, Woryna, Cierniak, Kawczy\u0144ski 3:3 (23:13)<\/p>\n<p>Kacper Woryna upad\u0142 na pierwszym \u0142uku. Bieg zostanie powt\u00f3rzony w pe\u0142nym sk\u0142adzie.<\/p>\n<p>W powt\u00f3rce\u00a0Kawczy\u0144ski do ostatnich metr\u00f3w walczy\u0142 o jeden punkt z Cierniakiem.<\/p>\n<p>7. Zmarzlik, Dudek, Lambert, Cerjak 3:3 (26:16)<\/p>\n<p>Zmarzlik wykona\u0142 kapitalny atak na pierwszym okr\u0105\u017ceniu i wyprzedzi\u0142 duet gospodarzy.<\/p>\n<p>8. Sajfutdinow, Woryna, Vaculik, Duchi\u0144ski 3:3\u00a0(29:19)<\/p>\n<p>Rezerwa taktyczna: Woryna za Cepielika. Emil Sajfutdinow na ostatnich metrach min\u0105\u0142 Woryn\u0119!<\/p>\n<p>9. Lambert, Dudek Cierniak, Woryna 5:1 (34:20)<\/p>\n<p>Dudek wygra\u0142 start, a na prostej do\u0142\u0105czy\u0142 do niego Lambert.<\/p>\n<p>10. Michelsen, Zmarzlik,\u00a0Bl\u00f6dorn, Ba\u0144bor 4:2 (38:22)<\/p>\n<p>Zmarzlik na trzecim okr\u0105\u017ceniu wyprzedzi\u0142\u00a0Bl\u00f6dorna.<\/p>\n<p>11. Dudek, Michelsen, Woryna, Cierniak 5:1 (43:23)<\/p>\n<p>Rezerwa taktyczna: Cierniak za Cepielika. Woryna na drugim okr\u0105\u017ceniu pope\u0142ni\u0142 b\u0142\u0105d, kt\u00f3ry wykorzysta\u0142 Dudek.<\/p>\n<p>12. Kawczy\u0144ski,\u00a0Bl\u00f6dorn, Ba\u0144bor, Cierniak 5:1 (48:24)<\/p>\n<p>Rezerwa taktyczna: Ba\u0144bor za Cerjaka.\u00a0Bl\u00f6dorn\u00a0na ostatnim okr\u0105\u017ceniu zaatakowa\u0142 Cierniaka. Zawodnik go\u015bci upad\u0142 na tor. S\u0119dzia wykluczy\u0142 Cierniaka i zaliczy\u0142 wynik biegu.<\/p>\n<p>13. Sajfutdinow, Lambert, Zmarzlik, Vaculik 5:1 (53:25)<\/p>\n<p>Gospodarze \u015bwietnie rozegrali pierwsze okr\u0105\u017cenie i wyszli na prowadzenie. Potem Lambo odpiera\u0142 ataki Zmarzlik.<\/p>\n<p>Biegi nominowane:<\/p>\n<p>14. Dudek, Michelsen, Cierniak, Ba\u0144bor 5:1 (58:26)<\/p>\n<p>Anio\u0142y wygrywaj\u0105 podw\u00f3jnie i wygrywaj\u0105 w tym meczu za trzy punkty! KNOCK OUT!<\/p>\n<p>15. Zmarzlik, Kawczy\u0144ski, Lambert, Woryna 3:3 (61:29)<\/p>\n<p>Rezerwa zwyk\u0142a: Kawczy\u0144ski za Sajfutdinowa. Pewne zwyci\u0119stwo Zmarzlika na otarcie \u0142ez go\u015bci.\u00a0<\/p>\n<p>Relacj\u0119 prowadzi Filip Sobczak<\/p>\n<p>                                                                                                                                                                                                        ]]><\/p>\n","protected":false},"excerpt":{"rendered":"Zapraszamy na relacj\u0119 LIVE z meczu 9. kolejki PGE Ekstraligi Pres Grupa Deweloperska Toru\u0144 &#8211; Orlen Oil Motor&hellip;\n","protected":false},"author":2,"featured_media":508325,"comment_status":"","ping_status":"","sticky":false,"template":"","format":"standard","meta":{"footnotes":"","_share_on_mastodon":"0"},"categories":[51612],"tags":[780,3410,51944,1081,4800,2164,2518,1334,42,38,40,39,41,2619,7002,3413,174],"class_list":["post-508324","post","type-post","status-publish","format-standard","has-post-thumbnail","category-lublin","tag-bartosz-zmarzlik","tag-emil-sajfutdinow","tag-filip-sobczak","tag-lublin","tag-martin-vaculik","tag-orlen-oil-motor-lublin","tag-patryk-dudek","tag-pge-ekstraliga","tag-pl","tag-poland","tag-polish","tag-polska","tag-polski","tag-pres-grupa-deweloperska-torun","tag-relacja-na-zywo","tag-robert-lambert","tag-zuzel"],"share_on_mastodon":{"url":"https:\/\/pubeurope.com\/@pl\/116789804620382047","error":""},"_links":{"self":[{"href":"https:\/\/www.europesays.com\/pl\/wp-json\/wp\/v2\/posts\/508324","targetHints":{"allow":["GET"]}}],"collection":[{"href":"https:\/\/www.europesays.com\/pl\/wp-json\/wp\/v2\/posts"}],"about":[{"href":"https:\/\/www.europesays.com\/pl\/wp-json\/wp\/v2\/types\/post"}],"author":[{"embeddable":true,"href":"https:\/\/www.europesays.com\/pl\/wp-json\/wp\/v2\/users\/2"}],"replies":[{"embeddable":true,"href":"https:\/\/www.europesays.com\/pl\/wp-json\/wp\/v2\/comments?post=508324"}],"version-history":[{"count":0,"href":"https:\/\/www.europesays.com\/pl\/wp-json\/wp\/v2\/posts\/508324\/revisions"}],"wp:featuredmedia":[{"embeddable":true,"href":"https:\/\/www.europesays.com\/pl\/wp-json\/wp\/v2\/media\/508325"}],"wp:attachment":[{"href":"https:\/\/www.europesays.com\/pl\/wp-json\/wp\/v2\/media?parent=508324"}],"wp:term":[{"taxonomy":"category","embeddable":true,"href":"https:\/\/www.europesays.com\/pl\/wp-json\/wp\/v2\/categories?post=508324"},{"taxonomy":"post_tag","embeddable":true,"href":"https:\/\/www.europesays.com\/pl\/wp-json\/wp\/v2\/tags?post=508324"}],"curies":[{"name":"wp","href":"https:\/\/api.w.org\/{rel}","templated":true}]}}