{"id":508469,"date":"2026-06-21T21:17:12","date_gmt":"2026-06-21T21:17:12","guid":{"rendered":"https:\/\/www.europesays.com\/pl\/508469\/"},"modified":"2026-06-21T21:17:12","modified_gmt":"2026-06-21T21:17:12","slug":"sensacja-w-pge-ekstralidze-faworyt-do-mistrzostwa-skonczy-poza-play-offami","status":"publish","type":"post","link":"https:\/\/www.europesays.com\/pl\/508469\/","title":{"rendered":"Sensacja w PGE Ekstralidze! Faworyt do mistrzostwa sko\u0144czy poza play-offami?"},"content":{"rendered":"<p>Mecz pomi\u0119dzy Stelmet Falubazem Zielona G\u00f3ra, a\u00a0Betard Spart\u0105 Wroc\u0142aw zapowiada\u0142 si\u0119 niezwykle emocjonuj\u0105co. G\u0142\u00f3wnym s\u0142owem, kt\u00f3ry\u00a0pada\u0142 w\u00a0dyskusjach przed\u00a0tym spotkaniem to\u00a0oczywi\u015bcie \u201epowr\u00f3t\u201d. Zesp\u00f3\u0142 z\u00a0Zielonej G\u00f3ry bowiem, po\u00a0raz pierwszy w\u00a0tym sezonie pojecha\u0142 w\u00a0podstawowym zestawieniu. Do\u00a0dru\u017cyny po\u00a0kontuzjach wr\u00f3cili Dominik Kubera i\u00a0Damian Ratajczak. W\u00a0barwach Sparty po\u00a0z\u0142amaniu reki wr\u00f3ci\u0142 natomiast by\u0142y mistrz \u015bwiata \u2013 Artiom \u0141aguta.\u00a0<\/p>\n<p>Mecz powrot\u00f3w<\/p>\n<p>Falubaz notuje fatalny sezon. Dru\u017cyna, kt\u00f3ra\u00a0mia\u0142a walczy\u0107 o\u00a0medale, nie\u00a0by\u0142a w\u00a0stanie zagrozi\u0107 do\u00a0tej\u00a0pory w\u00a0zasadzie nikomu. Pokonali jedynie dru\u017cyn\u0119 z\u00a0Cz\u0119stochowy, ale\u00a0nie\u00a0oszukujmy si\u0119, pokonanie W\u0142\u00f3kniarza w\u00a0tym sezonie jest prostsze ni\u017c zabranie dziecku zabawki. Z\u0142e wyniki spowodowa\u0142y, \u017ce\u00a0do\u00a0dymisji poda\u0142 si\u0119 prezes Falubazu \u2013 Adam Goli\u0144ski. To\u00a0by\u0142a pierwsza pozytywna informacja dla kibic\u00f3w z\u00a0Grodu Bachusa, kt\u00f3rzy\u00a0delikatnie m\u00f3wi\u0105c nie\u00a0byli zadowoleni z\u00a0poczyna\u0144 pana prezesa. Drugim pozytywnym faktem, by\u0142 powr\u00f3t do\u00a0zdrowia Dominika Kubery oraz\u00a0Damiana Ratajczaka.<\/p>\n<p>Z\u0142e wyniki dru\u017cyny z\u00a0Myszk\u0105 Miki na\u00a0plastronie by\u0142y spowodowany w\u00a0g\u0142\u00f3wnej mierze w\u0142a\u015bnie przez\u00a0urazy. Jednak w\u00a0domowym meczu przeciwko Betard Sparcie Wroc\u0142aw, trener Grzegorz Walasek wreszcie m\u00f3g\u0142 postawi\u0107 na\u00a0optymalne ustawienie.<\/p>\n<p>Los bywa jednak nieprzewidywalny, gdy\u017c\u00a0to\u00a0ekipa z\u00a0Wroc\u0142awia ma\u00a0teraz wi\u0119ksze problemy zdrowotne. W\u00a0ostatnich spotkaniach pretendent do\u00a0mistrzostwa musia\u0142 radzi\u0107 sobie bowiem bez\u00a0Artioma \u0141aguty, Daniela Bewleya i\u00a0Mikkela Andersena. Na\u00a0starcie w\u00a0Zielonej G\u00f3rze do\u00a0jazdy by\u0142 gotowy jednak ten pierwszy. By\u0142y mistrz \u015bwiata po\u00a0z\u0142amaniu r\u0119ki chcia\u0142 wr\u00f3cic jak najszybciej do\u00a0\u015bcigania. To\u00a0mu\u00a0si\u0119 uda\u0142o i\u00a0dzi\u015b m\u00f3g\u0142 zachwyca\u0107 swoj\u0105 jazd\u0105 wszystkich fan\u00f3w speedwaya.<\/p>\n<p>Do\u00a0Zielonej G\u00f3ry wr\u00f3ci\u0142a tak\u017ce legenda Falubazu \u2013 Piotr Protasiewicz. Tym razem po\u00a0raz pierwszy w\u00a0roli trenera go\u015bci.<\/p>\n<p>Pozytywne informacje ju\u017c przed\u00a0meczem<\/p>\n<p>Opr\u00f3cz powrot\u00f3w Kubery i\u00a0Ratajczaka, Falubaz mia\u0142 jeszcze jedn\u0105 pozytywn\u0105 informacj\u0119 dla swoich kibic\u00f3w. Po\u00a0prezentacji zawodnik\u00f3w og\u0142oszono bowiem, \u017ce\u00a0na\u00a0dwa kolejne sezony w\u00a0zespole zostaje Andrzej Lebiediew. \u0141otysz to\u00a0solidny zawodnik, kt\u00f3ry\u00a0balansuje pomi\u0119dzy liderem zespo\u0142u, a\u00a0dobr\u0105 drug\u0105 lini\u0105. Je\u015bli bierzemy pod\u00a0uwag\u0119 g\u0142o\u015bne zapowiedzi o\u00a0walce o\u00a0mistrzostwo, to\u00a0faktycznie przed\u0142u\u017cenie Lebiediewa nie\u00a0jest jak\u0105\u015b wielk\u0105 nowin\u0105. Jednak zwracaj\u0105c uwag\u0119 na\u00a0trudne warunki na\u00a0rynku transferowym i\u00a0fataln\u0105 postaw\u0119 ekipy Walaska, ten ruch wydaje si\u0119 zrozumia\u0142y.<\/p>\n<blockquote class=\"twitter-tweet\">\n<p dir=\"ltr\" lang=\"pl\">ANDZEJS LEBEDEVS +2028\u203c\ufe0f<\/p>\n<p>\u0141otysz zostaje w\u00a0Zielonej G\u00f3rze na\u00a0kolejne dwa sezony \ud83d\udcaa<a href=\"https:\/\/x.com\/hashtag\/KSF26?src=hash&amp;ref_src=twsrc%5Etfw\" target=\"_blank\" rel=\"noopener noreferrer nofollow\">#KSF26<\/a> <a href=\"https:\/\/x.com\/hashtag\/TylkoFalubaz?src=hash&amp;ref_src=twsrc%5Etfw\" target=\"_blank\" rel=\"noopener noreferrer nofollow\">#TylkoFalubaz<\/a> <a href=\"https:\/\/t.co\/0SSDd0tTWJ\" target=\"_blank\" rel=\"noopener noreferrer nofollow\">pic.twitter.com\/0SSDd0tTWJ<\/a><\/p>\n<p>\u2014\u00a0Falubaz Zielona G\u00f3ra \ud83d\udc9b\ud83d\udc9a (@FalubazZG) <a href=\"https:\/\/x.com\/FalubazZG\/status\/2068710013640519959?ref_src=twsrc%5Etfw\" target=\"_blank\" rel=\"noopener noreferrer nofollow\">June 21, 2026<\/a><\/p>\n<\/blockquote>\n<p>\u00a0<\/p>\n<p>Niesamowity pocz\u0105tek<\/p>\n<p>Spotkanie rozpocz\u0119\u0142o si\u0119 znakomicie dla zespo\u0142u gospodarzy. Falubaz po\u00a0pierwszy trzech wy\u015bcigach zanotowa\u0142 komplet punkt\u00f3w. Po\u00a0pierwszej serii start\u00f3w podopieczni Grzegorza Walaska prowadzili 19:5. G\u0142\u00f3wnym powodem tego obrotu spraw by\u0142a wspania\u0142a jazda Oskara Hurysza, kt\u00f3ry\u00a0najpierw przywi\u00f3z\u0142 podw\u00f3jne zwyci\u0119stwo z\u00a0Damianem Ratajczakiem w\u00a0biegu juniorskim, a\u00a0dwa biegi p\u00f3\u017aniej zanotowa\u0142 pewn\u0105 tr\u00f3jk\u0119.<\/p>\n<p>M\u0142odzie\u017cowiec Falubazu notuje fatalny sezon. Przed\u00a0tym spotkaniem jako jedyny klasyfikowany junior, nie\u00a0pokona\u0142 \u017cadnego seniora. Jednak ma\u0142o m\u00f3wi\u0142o si\u0119 o\u00a0jego s\u0142abszej postawie. W\u015br\u00f3d tylu problem\u00f3w Falubazu, jego kiepska jazda nie\u00a0nale\u017ca\u0142a do\u00a0najwi\u0119kszych k\u0142opot\u00f3w Zielonej G\u00f3ry. To\u00a0pokazuje jak dramatyczna jest ta\u00a0kampania dla podopiecznych Grzegorza Walaska.<\/p>\n<p>Prze\u0142o\u017cenia zadzia\u0142a\u0142y<\/p>\n<p>Sparta nie\u00a0zamierza\u0142a si\u0119 jednak poddawa\u0107. By\u0142o wiadome, \u017ce\u00a0tak\u00a0do\u015bwiadczona dru\u017cyna, pr\u0119dzej czy\u00a0p\u00f3\u017aniej znajdzie odpowiednie ustawienia. Nast\u0105pi\u0142o to\u00a0b\u0142yskawicznie. Druga seria ju\u017c w\u00a0zupe\u0142no\u015bci nale\u017ca\u0142a do\u00a0go\u015bci. Dwa podw\u00f3jne zwyci\u0119stwa oraz\u00a0remis. Te\u00a0rezultaty spowodowa\u0142y, \u017ce\u00a0prowadzenie Falubazu zmala\u0142o do\u00a0sze\u015bciu punkt\u00f3w.<\/p>\n<p>Taka r\u00f3\u017cnica powodowa\u0142a, \u017ce\u00a0ekipa z\u00a0Wroc\u0142awia mog\u0142a nadal stosowa\u0107 rezerwy taktyczne. Z\u00a0takiej opcji skorzysta\u0142 wi\u0119c\u00a0Piotr Protasiewicz. W\u00a08. biegu do\u00a0boju pos\u0142a\u0142 Brady\u2019ego Kurtza, kt\u00f3ry\u00a0bez\u00a0problemu pokona\u0142 par\u0119 Pawlicki \u2013 Hurysz. Wy\u015bcig zako\u0144czy\u0142 si\u0119 jednak tylko\u00a0remisem, bo\u00a0bardzo niemrawo na\u00a0torze w\u00a0Zielonej G\u00f3rze prezentowa\u0142 si\u0119 Bart\u0142omiej Kowalski.<\/p>\n<p>Wyniana cios\u00f3w<\/p>\n<p>W\u00a0kolejnym biegu Spartanie zn\u00f3w wygrali podw\u00f3jnie, a\u00a0r\u00f3\u017cnica w\u00a0meczu wynosi\u0142a ju\u017c tylko\u00a02 punkty. Dru\u017cyny zacz\u0119\u0142y jednak wymienia\u0107 si\u0119 mocnymi ciosami. Na\u00a0podw\u00f3jne zwyci\u0119sto go\u015bci, podw\u00f3jnym zwyci\u0119stwem odpowiedzieli gospodarze. Ta\u00a0wymiana wynik\u00f3w 5:1 zako\u0144czy\u0142a si\u0119 dopiero w\u00a0biegu 13. Tam pad\u0142 remis, kt\u00f3ry\u00a0powodowa\u0142, \u017ce\u00a0na\u00a0tablicy wynik\u00f3w przed\u00a0biegami nominowanymi widzieli\u015bmy rezultat 42:36.<\/p>\n<p>Sensacyjne zwyci\u0119stwo<\/p>\n<p>W\u00a0wy\u015bcigach nominowanych Falubazowi wystarczy\u0142 jeden biegowy remis, aby odnie\u015b\u0107 drugie ligowe zwyci\u0119stwo. W\u00a014. biegu ten sukces zapewni\u0142 Leon Madsen, kt\u00f3ry\u00a0za\u00a0swoimi plecami pozostawi\u0142 Macieja Janowskiego i\u00a0Artioma \u0141agut\u0119. Ogromna rado\u015b\u0107 zapanowa\u0142a w\u00a0Grodzie Bachusa, a\u00a0kibice Falubazu wreszcie mogli \u015bwi\u0119towa\u0107 zwyci\u0119stwo.<\/p>\n<p>Sparta poza faz\u0105 play-off?<\/p>\n<p>W\u00a0ostatnim czasie wiele m\u00f3wi si\u0119 o\u00a0tym, kt\u00f3re z\u00a0dru\u017cyn nie\u00a0znajd\u0105 si\u0119 w\u00a0fazie play-off. Sytuacja w\u00a0Ekstralidze jest niesamowicie wyr\u00f3wnana, a\u00a0w\u00a0walce o\u00a0najwy\u017csze cele, liczy si\u0119 a\u017c\u00a0sze\u015b\u0107 zespo\u0142\u00f3w. Ka\u017cdy punkt jest na\u00a0wag\u0119 z\u0142ota. Wszystko wskazuje na\u00a0to, \u017ce\u00a0karty w\u00a0tej\u00a0walce rozdawa\u0107 b\u0119dzie Falubaz. Dru\u017cyna Grzegorza Walaska pokaza\u0142a dzi\u015b, \u017ce\u00a0w\u00a0pe\u0142nym sk\u0142adzie, jest w\u00a0stanie wygrywa\u0107 z\u00a0najlepszymi. Pozytywn\u0105 informacj\u0105 dla podopiecznych trenera Protasiewicza jest fakt, \u017ce\u00a0do\u00a0Zielonej G\u00f3ry zawitaj\u0105 w\u00a0tym sezonie jeszcze ekipy z\u00a0Lublina, Torunia i\u00a0Gorzowa. Awans do\u00a0play-off\u00f3w wci\u0105\u017c pozostaje wi\u0119c\u00a0spraw\u0105 otwart\u0105, mimo, \u017ce\u00a0dzisiejsza pora\u017cka mocno utrudni\u0142a sytuacj\u0119 Sparcie. Kto powalczy o\u00a0medale? Na\u00a0ten moment ci\u0119\u017cko stwierdzi\u0107. Jednak jedno jest pewne. Z\u00a0takim Falubazem liga b\u0119dzie ciekawsza!<\/p>\n<p>Punktacja:<\/p>\n<p>Stelmet Falubaz Zielona G\u00f3ra (47pkt)<\/p>\n<p>9. Leon Madsen \u2013 9+1 (2*,3,1,d,3)<br \/>10. Mitchell McDiarmid \u2013 1 (1,0,-,-)<br \/>11. Dominik Kubera \u2013 6+1 (3,1,2*,t,0)<br \/>12. Andrzej Lebiediew \u2013 7 (3,0,3,1,0)<br \/>13. Przemys\u0142aw Pawlicki \u2013 8+1 (2*,0,2,2,2)<br \/>14. Oskar Hurysz \u2013 8+3 (2*,3,1*,0,2*)<br \/>15. Damian Ratajczak \u2013 8+1 (3,1,3,1*)<br \/>16. William Cairns \u2013 NS<\/p>\n<p>Betard Sparta Wroc\u0142aw (43pkt)<\/p>\n<p>1. Artiom \u0141aguta \u2013 10+2 (1,w,2*,3,2*,2)<br \/>2. Maciej Janowski \u2013 12+2 (1,3,3,2*,1,1*,1)<br \/>3. Anders Rowe \u2013 NS (-,-,-,-,-)<br \/>4. Daniel Bewley \u2013 ZZ\u00a0<br \/>5. Brady Kurtz \u2013 15 (0,2,3,1,3,3,3)<br \/>6. Nikodem Miko\u0142ajczyk \u2013 3 (1,2,0)<br \/>7. Marcel Kowolik \u2013 1+1 (0,1*,0)<br \/>8. Bart\u0142omiej Kowalski \u2013 2+1 (0,2*,0,0)<\/p>\n<p>Fot.\u00a0Newspix<\/p>\n<p>                    <script async src=\"https:\/\/platform.twitter.com\/widgets.js\" charset=\"utf-8\"><\/script><\/p>\n","protected":false},"excerpt":{"rendered":"Mecz pomi\u0119dzy Stelmet Falubazem Zielona G\u00f3ra, a\u00a0Betard Spart\u0105 Wroc\u0142aw zapowiada\u0142 si\u0119 niezwykle emocjonuj\u0105co. G\u0142\u00f3wnym s\u0142owem, kt\u00f3ry\u00a0pada\u0142 w\u00a0dyskusjach przed\u00a0tym&hellip;\n","protected":false},"author":2,"featured_media":508470,"comment_status":"","ping_status":"","sticky":false,"template":"","format":"standard","meta":{"footnotes":"","_share_on_mastodon":"0"},"categories":[24],"tags":[15837,2850,2163,3416,24735,2666,4829,42,38,40,39,41,127,126],"class_list":["post-508469","post","type-post","status-publish","format-standard","has-post-thumbnail","category-sport","tag-artiom-laguta","tag-betard-sparta-wroclaw","tag-brady-kurtz","tag-dominik-kubera","tag-falubaz-zielona-gora","tag-leon-madsen","tag-piotr-protasiewicz","tag-pl","tag-poland","tag-polish","tag-polska","tag-polski","tag-sport","tag-sports"],"share_on_mastodon":{"url":"https:\/\/pubeurope.com\/@pl\/116790181675336581","error":""},"_links":{"self":[{"href":"https:\/\/www.europesays.com\/pl\/wp-json\/wp\/v2\/posts\/508469","targetHints":{"allow":["GET"]}}],"collection":[{"href":"https:\/\/www.europesays.com\/pl\/wp-json\/wp\/v2\/posts"}],"about":[{"href":"https:\/\/www.europesays.com\/pl\/wp-json\/wp\/v2\/types\/post"}],"author":[{"embeddable":true,"href":"https:\/\/www.europesays.com\/pl\/wp-json\/wp\/v2\/users\/2"}],"replies":[{"embeddable":true,"href":"https:\/\/www.europesays.com\/pl\/wp-json\/wp\/v2\/comments?post=508469"}],"version-history":[{"count":0,"href":"https:\/\/www.europesays.com\/pl\/wp-json\/wp\/v2\/posts\/508469\/revisions"}],"wp:featuredmedia":[{"embeddable":true,"href":"https:\/\/www.europesays.com\/pl\/wp-json\/wp\/v2\/media\/508470"}],"wp:attachment":[{"href":"https:\/\/www.europesays.com\/pl\/wp-json\/wp\/v2\/media?parent=508469"}],"wp:term":[{"taxonomy":"category","embeddable":true,"href":"https:\/\/www.europesays.com\/pl\/wp-json\/wp\/v2\/categories?post=508469"},{"taxonomy":"post_tag","embeddable":true,"href":"https:\/\/www.europesays.com\/pl\/wp-json\/wp\/v2\/tags?post=508469"}],"curies":[{"name":"wp","href":"https:\/\/api.w.org\/{rel}","templated":true}]}}