{"id":508540,"date":"2026-06-21T22:21:11","date_gmt":"2026-06-21T22:21:11","guid":{"rendered":"https:\/\/www.europesays.com\/pl\/508540\/"},"modified":"2026-06-21T22:21:11","modified_gmt":"2026-06-21T22:21:11","slug":"francja-biskupi-przeciw-eutanazji-apel-ws-glosowania-w-zgromadzeniu-narodowym","status":"publish","type":"post","link":"https:\/\/www.europesays.com\/pl\/508540\/","title":{"rendered":"Francja: Biskupi przeciw eutanazji. Apel ws. g\u0142osowania w Zgromadzeniu Narodowym"},"content":{"rendered":"\n<p>&#13;<br \/>\n&#8222;Niech Duch \u015awi\u0119ty o\u015bwieci sumienia i\u00a0odnowi w\u00a0nas nadziej\u0119, aby\u00a0godno\u015b\u0107 ka\u017cdego \u017cycia ludzkiego by\u0142a uznawana, chroniona i\u00a0szanowana&#8221; \u2013\u00a0podkre\u015blaj\u0105 biskupi. &#13;\n<\/p>\n<p>&#13;<br \/>\nNowenn\u0119 zainaugurowa\u0142a intencja modlitewna dotycz\u0105ca tej kwestii ochrony \u017cycia, odczytana podczas Mszy \u015bw. w\u00a0ramach modlitwy wiernych. &#8222;Na\u00a0najbli\u017csze dni przygotowano osiem kolejnych konkretnych intencji&#8221; \u2013\u00a0informuj\u0105 biskupi. &#8222;Mo\u017cemy w\u0142\u0105czy\u0107 je\u00a0do\u00a0naszej codziennej modlitwy, dodaj\u0105c do\u00a0niej 'Ojcze nasz&#8217;, 'Zdrowa\u015b Maryjo&#8217; i\u00a0'Chwa\u0142a Ojcu&#8217;. Niech Duch \u015awi\u0119ty, u\u00a0progu nowych debat, o\u015bwieci sumienia i\u00a0odnowi nasz\u0105 nadziej\u0119, aby\u00a0godno\u015b\u0107 ka\u017cdego \u017cycia ludzkiego by\u0142a uznawana, chroniona i\u00a0szanowana&#8221; \u2013\u00a0podkre\u015blaj\u0105. &#13;\n<\/p>\n<p>Takie stanowisko zaprezentowa\u0142 episkopat<\/p>\n<p>&#13;<br \/>\nProjekt ustawy, kt\u00f3ry jutro powr\u00f3ci na\u00a0sal\u0119 obrad w\u00a0celu przeprowadzenia trzeciego czytania, ma\u00a0na\u00a0celu <a href=\"https:\/\/dorzeczy.pl\/religia\/852500\/francja-biskupi-przeciw-eutanazji-to-nie-jest-znak-postepu.html\" rel=\"nofollow noopener\" target=\"_blank\">legalizacj\u0119 eutanazji i\u00a0wspomaganego samob\u00f3jstwa<\/a> we\u00a0Francji. Od\u00a0samego pocz\u0105tku debat episkopat podkre\u015bla\u0142, \u017ce\u00a0troska o\u00a0\u017cycie nie\u00a0polega na\u00a0jego zako\u0144czeniu, lecz na\u00a0uwa\u017cnym towarzyszeniu mu a\u017c\u00a0do\u00a0samego ko\u0144ca. &#13;\n<\/p>\n<p>&#13;<br \/>\nW komunikacie z\u00a014 maja biskupi pot\u0119pili ryzyko &#8222;nieostro\u017cno\u015bci moralnej&#8221; i\u00a0&#8222;braku szacunku dla\u00a0demokracji&#8221;. Odnosili si\u0119 przy tym do\u00a0faktu, \u017ce\u00a0Senat ostatecznie przyj\u0105\u0142 tekst dotycz\u0105cy opieki paliatywnej, ale\u00a0odrzuci\u0142 projekt ustawy o\u00a0wspomaganym samob\u00f3jstwie, ujawniaj\u0105c podzia\u0142 w\u015br\u00f3d parlamentarzyst\u00f3w w\u00a0tej kluczowej kwestii. Brak zgody ujawni\u0142 si\u0119 r\u00f3wnie\u017c w\u00a0Zgromadzeniu Narodowym. &#8222;W\u00a0tych okoliczno\u015bciach \u2013\u00a0napisali biskupi \u2013\u00a0narzucenie przyj\u0119cia tekstu legalizuj\u0105cego eutanazj\u0119 i\u00a0wspomagane samob\u00f3jstwo by\u0142oby r\u00f3wnoznaczne z\u00a0ignorowaniem g\u0142osu znacznej liczby parlamentarzyst\u00f3w&#8221;. &#13;\n<\/p>\n<p>Wsparcie papie\u017ca dla\u00a0hiszpa\u0144skich parlamentarzyst\u00f3w<\/p>\n<p>&#13;<br \/>\nW komunikacie og\u0142aszaj\u0105cym nowenn\u0119 Konferencja Episkopatu Francji przypomina, \u017ce\u00a08 czerwca Papie\u017c Leon XIV zwr\u00f3ci\u0142 si\u0119 do\u00a0cz\u0142onk\u00f3w hiszpa\u0144skiego parlamentu nast\u0119puj\u0105cymi s\u0142owami: &#8222;Obrona \u017cycia ludzkiego nie\u00a0jest kwesti\u0105 poboczn\u0105 ani interesem wyznaniowym; jest celem cywilizacji. Ka\u017cde \u017cycie ludzkie powinno by\u0107 szanowane i\u00a0chronione od\u00a0pocz\u0119cia a\u017c\u00a0do\u00a0naturalnej \u015bmierci, w\u00a0ka\u017cdej sytuacji swojej egzystencji. Gdy pewno\u015b\u0107 ta\u00a0zostaje zachwiana, najbardziej nara\u017ceni na\u00a0zranienie staj\u0105 si\u0119 pierwszymi ofiarami, a\u00a0prawo traci swoje najg\u0142\u0119bsze znaczenie: s\u0142u\u017cb\u0119 ka\u017cdej osobie i\u00a0jej ochron\u0119. Dlatego moralna wielko\u015b\u0107 narodu objawia si\u0119 przede wszystkim w\u00a0jego zdolno\u015bci do\u00a0towarzyszenia, chronienia i\u00a0mi\u0142owania tych istnie\u0144, kt\u00f3re do\u015bwiadczaj\u0105 najwi\u0119kszej krucho\u015bci&#8221;. &#13;\n<\/p>\n<p>&#13;<br \/>\nCzytaj te\u017c:<br \/><a href=\"https:\/\/dorzeczy.pl\/religia\/891157\/francja-gimnazjalisci-chca-ciszy-i-adoracji-mlodzi-katolicy-za-tradycja.html\" rel=\"follow nofollow noopener\" data-schema=\"DORZECZY\" data-image=\"https:\/\/img.dorzeczy.pl\/_thumb\/4a\/27\/6ae71280bc92e1c6124556fe04c7.jpeg\" target=\"_blank\">Nawr\u00f3cenia we\u00a0Francji. M\u0142odzi chc\u0105 ciszy i\u00a0adoracji<\/a>Czytaj te\u017c:<br \/><a href=\"https:\/\/dorzeczy.pl\/religia\/882286\/francja-wladze-paryza-cenzuruja-reklame-katolickiego-portalu.html\" rel=\"follow nofollow noopener\" data-schema=\"DORZECZY\" data-image=\"https:\/\/img.dorzeczy.pl\/_thumb\/d4\/ce\/2eaa06059ca7548b8ba23b4a0798.jpeg\" target=\"_blank\">W\u0142adze Pary\u017ca cenzuruj\u0105 katolicki portal. Kuriozalny pow\u00f3d<\/a>&#13;<\/p>\n","protected":false},"excerpt":{"rendered":"&#13; &#8222;Niech Duch \u015awi\u0119ty o\u015bwieci sumienia i\u00a0odnowi w\u00a0nas nadziej\u0119, aby\u00a0godno\u015b\u0107 ka\u017cdego \u017cycia ludzkiego by\u0142a uznawana, chroniona i\u00a0szanowana&#8221; \u2013\u00a0podkre\u015blaj\u0105&hellip;\n","protected":false},"author":2,"featured_media":508541,"comment_status":"","ping_status":"","sticky":false,"template":"","format":"standard","meta":{"footnotes":"","_share_on_mastodon":"0"},"categories":[14],"tags":[13205,32,33,98,13785,96,3811,27,2707,34,35,28,31,25,98946,103,102,40,41,2708,80,29,30,98948,26,82,83,84,98947],"class_list":["post-508540","post","type-post","status-publish","format-standard","has-post-thumbnail","category-swiat","tag-biskupi","tag-breaking-news","tag-breakingnews","tag-dorzeczy","tag-eutanazja","tag-francja","tag-glosowanie","tag-headlines","tag-kosciol","tag-latest-news","tag-latestnews","tag-naglowki","tag-najwazniejsze-artykuly","tag-news","tag-obrona-zycia","tag-obserwator-mediow","tag-opinie","tag-polish","tag-polski","tag-religia","tag-swiat","tag-top-stories","tag-topstories","tag-ustawa-o-koncu-zycia","tag-wiadomosci","tag-world","tag-world-news","tag-worldnews","tag-zgromadzenie-narodowe"],"share_on_mastodon":{"url":"https:\/\/pubeurope.com\/@pl\/116790433582891669","error":""},"_links":{"self":[{"href":"https:\/\/www.europesays.com\/pl\/wp-json\/wp\/v2\/posts\/508540","targetHints":{"allow":["GET"]}}],"collection":[{"href":"https:\/\/www.europesays.com\/pl\/wp-json\/wp\/v2\/posts"}],"about":[{"href":"https:\/\/www.europesays.com\/pl\/wp-json\/wp\/v2\/types\/post"}],"author":[{"embeddable":true,"href":"https:\/\/www.europesays.com\/pl\/wp-json\/wp\/v2\/users\/2"}],"replies":[{"embeddable":true,"href":"https:\/\/www.europesays.com\/pl\/wp-json\/wp\/v2\/comments?post=508540"}],"version-history":[{"count":0,"href":"https:\/\/www.europesays.com\/pl\/wp-json\/wp\/v2\/posts\/508540\/revisions"}],"wp:featuredmedia":[{"embeddable":true,"href":"https:\/\/www.europesays.com\/pl\/wp-json\/wp\/v2\/media\/508541"}],"wp:attachment":[{"href":"https:\/\/www.europesays.com\/pl\/wp-json\/wp\/v2\/media?parent=508540"}],"wp:term":[{"taxonomy":"category","embeddable":true,"href":"https:\/\/www.europesays.com\/pl\/wp-json\/wp\/v2\/categories?post=508540"},{"taxonomy":"post_tag","embeddable":true,"href":"https:\/\/www.europesays.com\/pl\/wp-json\/wp\/v2\/tags?post=508540"}],"curies":[{"name":"wp","href":"https:\/\/api.w.org\/{rel}","templated":true}]}}