{"id":508770,"date":"2026-06-22T02:02:11","date_gmt":"2026-06-22T02:02:11","guid":{"rendered":"https:\/\/www.europesays.com\/pl\/508770\/"},"modified":"2026-06-22T02:02:11","modified_gmt":"2026-06-22T02:02:11","slug":"protest-podczas-dnia-weteranow-w-berlinie-nigdy-wiecej-poboru","status":"publish","type":"post","link":"https:\/\/www.europesays.com\/pl\/508770\/","title":{"rendered":"Protest podczas Dnia Weteran\u00f3w w Berlinie. &#8222;Nigdy wi\u0119cej poboru&#8221;"},"content":{"rendered":"<p>Podczas uroczysto\u015bci z okazji Narodowego Dnia Weteran\u00f3w wyst\u0105pienie ministra obrony Borisa Pistoriusa (SPD) zosta\u0142o zak\u0142\u00f3cone przez protest. Podczas imprezy przed Reichstagiem w Berlinie oko\u0142o dwunastu demonstrant\u00f3w w koszulkach poplamionych na czerwono skandowa\u0142o mi\u0119dzy innymi has\u0142o &#8222;Nigdy wi\u0119cej poboru do wojska&#8221;. Trzymali transparent z napisem: &#8222;Za przysz\u0142o\u015b\u0107 bez wojny&#8221;. Uczestnicy imprezy zareagowali gwizdami.<\/p>\n<p> Dalszy ci\u0105g artyku\u0142u pod materia\u0142em wideo Pistorius broni\u0142 armii<\/p>\n<p>Pistorius skomentowa\u0142 protest s\u0142owami: &#8222;Jednym z motto Bundeswehry jest: walczymy r\u00f3wnie\u017c po to, by\u015b m\u00f3g\u0142 by\u0107 przeciwko nam&#8221;. Za te s\u0142owa otrzyma\u0142 oklaski od uczestnik\u00f3w uroczysto\u015bci. Policjanci wyprowadzili demonstrant\u00f3w.<\/p>\n<p>Przed protestem Pistorius podkre\u015bli\u0142 w swoim przem\u00f3wieniu, \u017ce Bundeswehra cieszy si\u0119 szerokim poparciem ze strony polityk\u00f3w i spo\u0142ecze\u0144stwa. &#8222;Ka\u017cdy, kto by\u0142 got\u00f3w i kto jest got\u00f3w broni\u0107 wolno\u015bci i bezpiecze\u0144stwa Niemiec w\u0142asnym \u017cyciem, zas\u0142uguje na nasze uznanie i szacunek&#8221;. Protest rozpocz\u0105\u0142 si\u0119 ponownie, gdy Pistorius chcia\u0142 porozmawia\u0107 z \u017co\u0142nierzem odznaczonym za m\u0119stwo.<\/p>\n<p>Jak poinformowa\u0142a rzeczniczka berli\u0144skiej policji, demonstrant\u00f3w nie mo\u017cna jak dot\u0105d przypisa\u0107 do \u017cadnej grupy politycznej. Wydano nakazy opuszczenia terenu oraz z\u0142o\u017cono zawiadomienia o pope\u0142nieniu przest\u0119pstwa naruszenia spokoju domowego.<\/p>\n<p>W ubieg\u0142ym roku Niemcy po raz pierwszy uhonorowa\u0142y zas\u0142ugi swoich obecnych i by\u0142ych \u017co\u0142nierzy, ustanawiaj\u0105c Narodowy Dzie\u0144 Weteran\u00f3w. Odt\u0105d b\u0119dzie on obchodzony co roku w weekend poprzedzaj\u0105cy lub nast\u0119puj\u0105cy po 15 czerwca. W Niemczech za weteran\u00f3w uznaje si\u0119 wszystkich \u017co\u0142nierzy \u2014 zar\u00f3wno obecnych, jak i by\u0142ych \u2014 o ile zako\u0144czyli s\u0142u\u017cb\u0119 z honorem.<\/p>\n","protected":false},"excerpt":{"rendered":"Podczas uroczysto\u015bci z okazji Narodowego Dnia Weteran\u00f3w wyst\u0105pienie ministra obrony Borisa Pistoriusa (SPD) zosta\u0142o zak\u0142\u00f3cone przez protest. Podczas&hellip;\n","protected":false},"author":2,"featured_media":508771,"comment_status":"","ping_status":"","sticky":false,"template":"","format":"standard","meta":{"footnotes":"","_share_on_mastodon":"0"},"categories":[14],"tags":[6482,61195,32,33,3096,27,34,35,28,31,48,25,295,46,40,41,47,80,29,30,26,82,83,84],"class_list":["post-508770","post","type-post","status-publish","format-standard","has-post-thumbnail","category-swiat","tag-boris_pistorius","tag-bottomfeed_styl","tag-breaking-news","tag-breakingnews","tag-bundeswehra","tag-headlines","tag-latest-news","tag-latestnews","tag-naglowki","tag-najwazniejsze-artykuly","tag-nat_styl","tag-news","tag-niemcy","tag-omp","tag-polish","tag-polski","tag-screening_general","tag-swiat","tag-top-stories","tag-topstories","tag-wiadomosci","tag-world","tag-world-news","tag-worldnews"],"share_on_mastodon":{"url":"https:\/\/pubeurope.com\/@pl\/116791302287444288","error":""},"_links":{"self":[{"href":"https:\/\/www.europesays.com\/pl\/wp-json\/wp\/v2\/posts\/508770","targetHints":{"allow":["GET"]}}],"collection":[{"href":"https:\/\/www.europesays.com\/pl\/wp-json\/wp\/v2\/posts"}],"about":[{"href":"https:\/\/www.europesays.com\/pl\/wp-json\/wp\/v2\/types\/post"}],"author":[{"embeddable":true,"href":"https:\/\/www.europesays.com\/pl\/wp-json\/wp\/v2\/users\/2"}],"replies":[{"embeddable":true,"href":"https:\/\/www.europesays.com\/pl\/wp-json\/wp\/v2\/comments?post=508770"}],"version-history":[{"count":0,"href":"https:\/\/www.europesays.com\/pl\/wp-json\/wp\/v2\/posts\/508770\/revisions"}],"wp:featuredmedia":[{"embeddable":true,"href":"https:\/\/www.europesays.com\/pl\/wp-json\/wp\/v2\/media\/508771"}],"wp:attachment":[{"href":"https:\/\/www.europesays.com\/pl\/wp-json\/wp\/v2\/media?parent=508770"}],"wp:term":[{"taxonomy":"category","embeddable":true,"href":"https:\/\/www.europesays.com\/pl\/wp-json\/wp\/v2\/categories?post=508770"},{"taxonomy":"post_tag","embeddable":true,"href":"https:\/\/www.europesays.com\/pl\/wp-json\/wp\/v2\/tags?post=508770"}],"curies":[{"name":"wp","href":"https:\/\/api.w.org\/{rel}","templated":true}]}}