{"id":50881,"date":"2025-10-15T19:19:08","date_gmt":"2025-10-15T19:19:08","guid":{"rendered":"https:\/\/www.europesays.com\/pl\/50881\/"},"modified":"2025-10-15T19:19:08","modified_gmt":"2025-10-15T19:19:08","slug":"orlen-wisla-pokonala-potege-idealna-druga-polowa-mistrzow-polski","status":"publish","type":"post","link":"https:\/\/www.europesays.com\/pl\/50881\/","title":{"rendered":"Orlen Wis\u0142a pokona\u0142a pot\u0119g\u0119! Idealna druga po\u0142owa mistrz\u00f3w Polski"},"content":{"rendered":"\n<p class=\"contentpart contentpart--default contentpart--text\" data-position=\"0\">Jak na razie dotychczasowy sezon <a href=\"https:\/\/sportowefakty.wp.pl\/pilka-reczna\/liga-mistrzow\" rel=\"nofollow noopener\" target=\"_blank\">Ligi Mistrz\u00f3w<\/a>\u00a0pi\u0142karzy r\u0119cznych w wykonaniu <a href=\"https:\/\/sportowefakty.wp.pl\/pilka-reczna\/wisla-plock\" rel=\"nofollow noopener\" target=\"_blank\">Orlen Wis\u0142y P\u0142ock<\/a>\u00a0m\u00f3g\u0142 napawa\u0107 du\u017cym optymizmem. To, co mieli wygra\u0107, wygrali. Jedyna pora\u017cka przydarzy\u0142a si\u0119 z ubieg\u0142orocznymi triumfatorami &#8211; SC Magdeburgiem &#8211; ale i w Niemczech mistrzowie Polski walczyli do samego ko\u0144ca.<\/p>\n<p class=\"contentpart contentpart--default contentpart--text\" data-position=\"1\">W 5. kolejce przyszed\u0142 czas na kolejn\u0105 weryfikacj\u0119 &#8211; tym razem z <a href=\"https:\/\/sportowefakty.wp.pl\/pilka-reczna\/paris-handball\" rel=\"nofollow noopener\" target=\"_blank\">Paris Saint-Germain<\/a>. Ju\u017c nie tak mocnym jak przed kilkoma laty, ale wci\u0105\u017c zespo\u0142em, kt\u00f3ry bije si\u0119 o najwy\u017csze cele. Zreszt\u0105 takie nazwiska jak <a href=\"https:\/\/sportowefakty.wp.pl\/pilka-reczna\/elohim-prandi\" rel=\"nofollow noopener\" target=\"_blank\">Elohim Prandi<\/a>, <a href=\"https:\/\/sportowefakty.wp.pl\/pilka-reczna\/luc-steins\" rel=\"nofollow noopener\" target=\"_blank\">Luc Steins<\/a>, <a href=\"https:\/\/sportowefakty.wp.pl\/pilka-reczna\/yahia-omar-khaled\" rel=\"nofollow noopener\" target=\"_blank\">Yahia Omar Khaled<\/a>\u00a0czy Kamil Syprzak (kt\u00f3rego zabrak\u0142o w P\u0142ocku z powodu urazu) m\u00f3wi\u0105 same za siebie. Je\u015bli jednak &#8222;Nafciarze&#8221; chc\u0105 zaj\u015b\u0107 daleko w Lidze Mistrz\u00f3w, nie mog\u0105 obawia\u0107 si\u0119 najlepszych. Pokazali to zreszt\u0105 przed rokiem, pokonuj\u0105c po raz pierwszy w historii PSG na ich terenie.<\/p>\n<p> <img role=\"presentation\" src=\"https:\/\/std.wpcdn.pl\/images\/adv\/placeholder_wp.svg\" loading=\"lazy\" alt=\"\" decoding=\"async\"\/>  <\/p>\n<p class=\"contentpart contentpart--default contentpart--text\" data-position=\"2\">Tym razem jednak to Francuzi lepiej weszli w mecz i chcieli poprawi\u0107 sobie nastroje po s\u0142abszym pocz\u0105tku sezonu. Po sze\u015bciu minutach prowadzili 4:2. Wielk\u0105 klas\u0119 pokazywa\u0142 Elohim Prandi, kt\u00f3ry bra\u0142 gr\u0119 na siebie i by\u0142 nie do zatrzymania.<\/p>\n<p class=\"contentpart contentpart--default contentpart--text\" data-position=\"3\">ZOBACZ WIDEO: Dosta\u0142 przelew od ministerstwa. A\u017c zadzwoni\u0142, czy to na pewno ta kwota<\/p>\n<p class=\"contentpart contentpart--default contentpart--text\" data-position=\"5\">Po ma\u0142ych problemach na starcie &#8222;Nafciarze&#8221; doszli jednak do g\u0142osu &#8211; g\u0142\u00f3wnie za spraw\u0105 by\u0142ego zawodnika PSG\u00a0<a href=\"https:\/\/sportowefakty.wp.pl\/pilka-reczna\/melvyn-richardson\" rel=\"nofollow noopener\" target=\"_blank\">Melvyna Richardsona<\/a>. Warto te\u017c zwr\u00f3ci\u0107 uwag\u0119 na pomys\u0142 Wis\u0142y: od pocz\u0105tku konsekwentnie szukali gry z <a href=\"https:\/\/sportowefakty.wp.pl\/pilka-reczna\/dawid-dawydzik\" rel=\"nofollow noopener\" target=\"_blank\">Dawidem Dawydzikiem<\/a>\u00a0na kole, co cz\u0119sto przynosi\u0142o efekty.<\/p>\n<p class=\"contentpart contentpart--default contentpart--text\" data-position=\"6\">Nie zmienia\u0142o to jednak faktu, \u017ce PSG b\u0142yskawicznie odje\u017cd\u017ca\u0142o. Wis\u0142a mia\u0142a spore k\u0142opoty w ataku pozycyjnym, a mistrzowie Francji punktowali z zimn\u0105 precyzj\u0105. Po pierwszym kwadransie prowadzili ju\u017c 10:5.<\/p>\n<p> <img role=\"presentation\" src=\"https:\/\/std.wpcdn.pl\/images\/adv\/placeholder_wp.svg\" loading=\"lazy\" alt=\"\" decoding=\"async\"\/>  <\/p>\n<p class=\"contentpart contentpart--default contentpart--text\" data-position=\"7\">Druga cz\u0119\u015b\u0107 pierwszej po\u0142owy by\u0142a lepsza w wykonaniu Wis\u0142y, ale wci\u0105\u017c to PSG mia\u0142o inicjatyw\u0119. Kapitalnie grali Steins i Prandi, kt\u00f3ry do przerwy mia\u0142 ju\u017c siedem bramek. Gospodarze zdo\u0142ali jednak nieco zniwelowa\u0107 straty i schodzili do szatni przy wyniku 13:16.<\/p>\n<p class=\"contentpart contentpart--default contentpart--text\" data-position=\"8\">\u017beby jednak odwr\u00f3ci\u0107 losy tego spotkania, Melvyn Richardson potrzebowa\u0142 wi\u0119kszej pomocy od koleg\u00f3w, a tej nie by\u0142o za du\u017cej, bo gdyby nie Francuz, to po\u0142o\u017cenie Wis\u0142y by\u0142oby znacznie gorsze. Brakowa\u0142o przebojowych akcji <a href=\"https:\/\/sportowefakty.wp.pl\/pilka-reczna\/mitja-janc\" rel=\"nofollow noopener\" target=\"_blank\">Mitjy Janca<\/a>\u00a0czy <a href=\"https:\/\/sportowefakty.wp.pl\/pilka-reczna\/gergo-fazekas\" rel=\"nofollow noopener\" target=\"_blank\">Gergo Fazekasa<\/a>.<\/p>\n<p class=\"contentpart contentpart--default contentpart--text\" data-position=\"9\">Mistrzowie Polski nap\u0119dzali si\u0119 w drugiej po\u0142owie. Optycznie wygl\u0105da\u0142o to lepiej, ale nie przek\u0142ada\u0142o si\u0119 zbytnio na wynik, bo w 40. minucie wci\u0105\u017c by\u0142o 22:20 dla PSG. Mimo wszystko go\u015bcie z Francji tracili na impecie. Ich ataki sk\u0142ada\u0142y si\u0119 g\u0142\u00f3wnie z indywidualnych akcji Prandiego czy Fathy Omara.<\/p>\n<p class=\"contentpart contentpart--default contentpart--text\" data-position=\"10\">Kiedy to przesta\u0142o dzia\u0142a\u0107, Wis\u0142a b\u0142yskawicznie zacz\u0119\u0142a skuteczniej odrabia\u0107 straty, a\u017c w 43. minucie dosz\u0142a PSG, a chwil\u0119 p\u00f3\u017aniej po bramce Janca nawet wysz\u0142a na prowadzenie. I tak to ju\u017c posz\u0142o z g\u00f3rki, bo z pary\u017can jakby usz\u0142o powietrze. Du\u017c\u0105 rol\u0119 odegra\u0142 tak\u017ce stoj\u0105cy mi\u0119dzy s\u0142upkami <a href=\"https:\/\/sportowefakty.wp.pl\/pilka-reczna\/mirko-alilovic\" rel=\"nofollow noopener\" target=\"_blank\">Mirko Alilovi\u0107<\/a>. Mistrzowie Polski na dwana\u015bcie minut przed ko\u0144cem byli w fantastycznej sytuacji, gdy\u017c na tablicy wynik\u00f3w by\u0142o 27:24.<\/p>\n<p> <img role=\"presentation\" src=\"https:\/\/std.wpcdn.pl\/images\/adv\/placeholder_wp.svg\" loading=\"lazy\" alt=\"\" decoding=\"async\"\/>  <\/p>\n<p class=\"contentpart contentpart--default contentpart--text\" data-position=\"11\">Z ka\u017cd\u0105 kolejn\u0105 akcj\u0105 jedynie ros\u0142a pewno\u015b\u0107 siebie mistrz\u00f3w Polski, kt\u00f3rzy nie pozostawili z\u0142udze\u0144 PSG w ko\u0144c\u00f3wce. To by\u0142a wr\u0119cz idealna druga po\u0142owa podopiecznych Xaviera Sabate. To wydawa\u0142o si\u0119 takie proste. Nawet Melvyn Richardson nie by\u0142 tak potrzebny, gdy\u017c reszta zawodnik\u00f3w na swoje barki wzi\u0119\u0142a wi\u0119kszy ci\u0119\u017car.<\/p>\n<p class=\"contentpart contentpart--default contentpart--text\" data-position=\"12\">&#8222;Nafciarze\u201d udowodnili tym samym, \u017ce potrafi\u0105 zagra\u0107 na rewelacyjnym poziomie. To, co zrobili w drugich trzydziestu minutach, budzi\u0142o podziw. Ostatecznie pokonali PSG 35:32 i zapisali czwarte zwyci\u0119stwo na swoim koncie. Nawet 12 bramek Prandiego nie pomog\u0142o dru\u017cynie z Francji. W drugiej po\u0142owie miejscowi byli prawdziwym zespo\u0142em i to okaza\u0142o si\u0119 kluczowe.<\/p>\n<p class=\"contentpart contentpart--default contentpart--text\" data-position=\"13\">5. kolejka Ligi Mistrz\u00f3w:<br \/><a href=\"https:\/\/sportowefakty.wp.pl\/pilka-reczna\/wisla-plock\" rel=\"nofollow noopener\" target=\"_blank\">Orlen Wis\u0142a P\u0142ock<\/a>\u00a0&#8211; <a href=\"https:\/\/sportowefakty.wp.pl\/pilka-reczna\/paris-handball\" rel=\"nofollow noopener\" target=\"_blank\">Paris Saint-Germain HB<\/a>\u00a035:32 (13:16)<\/p>\n","protected":false},"excerpt":{"rendered":"Jak na razie dotychczasowy sezon Ligi Mistrz\u00f3w\u00a0pi\u0142karzy r\u0119cznych w wykonaniu Orlen Wis\u0142y P\u0142ock\u00a0m\u00f3g\u0142 napawa\u0107 du\u017cym optymizmem. To, co&hellip;\n","protected":false},"author":2,"featured_media":50882,"comment_status":"","ping_status":"","sticky":false,"template":"","format":"standard","meta":{"footnotes":""},"categories":[24],"tags":[13764,13767,693,270,13766,13765,13761,13762,13763,13768,1905,3045,42,2795,38,40,39,41,127,126,13760],"class_list":{"0":"post-50881","1":"post","2":"type-post","3":"status-publish","4":"format-standard","5":"has-post-thumbnail","7":"category-sport","8":"tag-dawid-dawydzik","9":"tag-elohim-prandi","10":"tag-europejskie-puchary","11":"tag-liga-mistrzow","12":"tag-luc-steins","13":"tag-melvyn-richardson","14":"tag-orlen-arena-w-plocku","15":"tag-orlen-superliga-mezczyzn","16":"tag-orlen-wisla-plock","17":"tag-paris-saint-germain-hb","18":"tag-pilka-reczna","19":"tag-pilka-reczna-w-europie","20":"tag-pl","21":"tag-plock","22":"tag-poland","23":"tag-polish","24":"tag-polska","25":"tag-polski","26":"tag-sport","27":"tag-sports","28":"tag-yahia-omar-khaled"},"share_on_mastodon":{"url":"","error":""},"_links":{"self":[{"href":"https:\/\/www.europesays.com\/pl\/wp-json\/wp\/v2\/posts\/50881","targetHints":{"allow":["GET"]}}],"collection":[{"href":"https:\/\/www.europesays.com\/pl\/wp-json\/wp\/v2\/posts"}],"about":[{"href":"https:\/\/www.europesays.com\/pl\/wp-json\/wp\/v2\/types\/post"}],"author":[{"embeddable":true,"href":"https:\/\/www.europesays.com\/pl\/wp-json\/wp\/v2\/users\/2"}],"replies":[{"embeddable":true,"href":"https:\/\/www.europesays.com\/pl\/wp-json\/wp\/v2\/comments?post=50881"}],"version-history":[{"count":0,"href":"https:\/\/www.europesays.com\/pl\/wp-json\/wp\/v2\/posts\/50881\/revisions"}],"wp:featuredmedia":[{"embeddable":true,"href":"https:\/\/www.europesays.com\/pl\/wp-json\/wp\/v2\/media\/50882"}],"wp:attachment":[{"href":"https:\/\/www.europesays.com\/pl\/wp-json\/wp\/v2\/media?parent=50881"}],"wp:term":[{"taxonomy":"category","embeddable":true,"href":"https:\/\/www.europesays.com\/pl\/wp-json\/wp\/v2\/categories?post=50881"},{"taxonomy":"post_tag","embeddable":true,"href":"https:\/\/www.europesays.com\/pl\/wp-json\/wp\/v2\/tags?post=50881"}],"curies":[{"name":"wp","href":"https:\/\/api.w.org\/{rel}","templated":true}]}}