{"id":508879,"date":"2026-06-22T03:58:15","date_gmt":"2026-06-22T03:58:15","guid":{"rendered":"https:\/\/www.europesays.com\/pl\/508879\/"},"modified":"2026-06-22T03:58:15","modified_gmt":"2026-06-22T03:58:15","slug":"izraelczycy-w-sondazu-to-iran-wygral-wojne-obywatele-wsciekli-na-netanjahu","status":"publish","type":"post","link":"https:\/\/www.europesays.com\/pl\/508879\/","title":{"rendered":"Izraelczycy w sonda\u017cu: To Iran wygra\u0142 wojn\u0119. Obywatele w\u015bciekli na Netanjahu"},"content":{"rendered":"\n<p>&#13;<br \/>\nJak wynika z\u00a0badania opublikowanego przez portal Times of\u00a0Israel, a\u017c\u00a092,1 procent respondent\u00f3w wskaza\u0142o Iran jako zwyci\u0119zc\u0119 konfliktu i\u00a0negocjacji ze\u00a0Stanami Zjednoczonymi. &#13;\n<\/p>\n<p>&#13;<br \/>\nSonda\u017c przeprowadzony przez Uniwersytet Hebrajski i\u00a0Instytut Agama wyra\u017anie wskazuje, \u017ce\u00a0spo\u0142ecze\u0144stwo Izraela podchodzi bardzo krytycznie do\u00a0ostatnich wydarze\u0144 na\u00a0Bliskim Wschodzie. Ponad 82 procent ankietowanych jest zdania, \u017ce\u00a0atak Izraela i\u00a0Stan\u00f3w Zjednoczonych na\u00a0Iran nie\u00a0tylko nie\u00a0przyni\u00f3s\u0142 zak\u0142adanych efekt\u00f3w, lecz nawet os\u0142abi\u0142 d\u0142ugoterminowe bezpiecze\u0144stwo w\u00a0kraju. &#13;\n<\/p>\n<p>Obywatele Izraela s\u0105 \u017ali na\u00a0Benjamina Netanjahu<\/p>\n<p>&#13;<br \/>\n\u0179le wygl\u0105daj\u0105 r\u00f3wnie\u017c notowania izraelskiego premiera Benjamina Netanjahu, kt\u00f3remu nie\u00a0wierzy 72,5 proc. Izraelczyk\u00f3w. Polityk twierdzi z\u00a0kolei, \u017ce\u00a0kraj osi\u0105gn\u0105\u0142 du\u017ce korzy\u015bci i\u00a0wyeliminowa\u0142 zagro\u017cenie egzystencjalne. &#13;\n<\/p>\n<p>&#13;<br \/>\nPrawie 88 procent respondent\u00f3w uwa\u017ca jednak, \u017ce\u00a0Jerozolima nie\u00a0zrealizowa\u0142a swoich cel\u00f3w lub\u00a0spe\u0142ni\u0142a jedynie ich cz\u0119\u015b\u0107. &#13;\n<\/p>\n<p>&#13;<br \/>\nKrytyka wobec Netanjahu jest wyra\u017cana wprost. Ponad po\u0142owa badanych (56,4 procent) stoi na\u00a0stanowisku, \u017ce\u00a0premier Izraela \u017ale lub\u00a0nieudolnie prowadzi\u0142 dzia\u0142ania wojenne. &#13;\n<\/p>\n<p>Iran zn\u00f3w zamyka Cie\u015bnin\u0119 Ormuz. Taki pow\u00f3d wskaza\u0142 Teheran<\/p>\n<p>&#13;<br \/>\n<a href=\"https:\/\/dorzeczy.pl\/swiat\/903985\/iran-znow-zamknal-ciesnine-ormuz-reakcja-na-atak-izraela-na-liban.html\" rel=\"nofollow noopener\" target=\"_blank\">Iran ponownie zamkn\u0105\u0142 w\u00a0sobot\u0119 Cie\u015bnin\u0119 Ormuz<\/a> dla\u00a0ruchu statk\u00f3w. Jako przyczyn\u0119 wskazano izraelskie atak na\u00a0po\u0142udniowy Liban i\u00a0\u2013 jak to\u00a0okre\u015bli\u0142 Teheran \u2013\u00a0niewywi\u0105zanie si\u0119 USA z\u00a0zapis\u00f3w porozumienia. &#13;\n<\/p>\n<p>&#13;<br \/>\nJak podaje ira\u0144ska pa\u0144stwowa agencja Mehr, decyzja ma\u00a0stanowi\u0107 &#8222;pierwszy krok&#8221; odpowiedzi na\u00a0naruszenia uzgodnie\u0144. Dow\u00f3dztwo w\u00a0Teheranie ostrzeg\u0142o, \u017ce\u00a0je\u017celi &#8222;agresja&#8221; b\u0119dzie kontynuowana, zostan\u0105 podj\u0119te kolejne dzia\u0142ania. &#13;\n<\/p>\n<p>&#13;<br \/>\nW\u0142adze ira\u0144skie uzale\u017cniaj\u0105 ponowne otwarcie cie\u015bniny od\u00a0zatrzymania izraelskich dzia\u0142a\u0144 wojskowych w\u00a0Libanie. &#13;\n<\/p>\n<p>&#13;<br \/>\nCzytaj te\u017c:<br \/><a href=\"https:\/\/dorzeczy.pl\/swiat\/904162\/onz-pierwszy-raz-od-dekady-zmniejszyla-sie-liczba-uchodzcow-na-swiecie.html\" rel=\"follow nofollow noopener\" data-schema=\"DORZECZY\" data-image=\"https:\/\/img.dorzeczy.pl\/_thumb\/ba\/44\/b24f65339f5b94a6d8aa5295bcf1.jpeg\" target=\"_blank\">Zmiana liczby uchod\u017ac\u00f3w. Pierwsza taka sytuacja od\u00a0lat<\/a>Czytaj te\u017c:<br \/><a href=\"https:\/\/dorzeczy.pl\/swiat\/903487\/izrael-i-hezbollah-zgodzily-sie-na-zawieszenie-broni.html\" rel=\"follow nofollow noopener\" data-schema=\"DORZECZY\" data-image=\"https:\/\/img.dorzeczy.pl\/_thumb\/f9\/f2\/be8ba0e7e76816c5f118a94283c6.jpeg\" target=\"_blank\">Izrael i\u00a0Hezbollah zgodzi\u0142y si\u0119 na\u00a0zawieszenie broni. Ju\u017c obowi\u0105zuje<\/a>&#13;<\/p>\n","protected":false},"excerpt":{"rendered":"&#13; Jak wynika z\u00a0badania opublikowanego przez portal Times of\u00a0Israel, a\u017c\u00a092,1 procent respondent\u00f3w wskaza\u0142o Iran jako zwyci\u0119zc\u0119 konfliktu i\u00a0negocjacji&hellip;\n","protected":false},"author":2,"featured_media":508880,"comment_status":"","ping_status":"","sticky":false,"template":"","format":"standard","meta":{"footnotes":"","_share_on_mastodon":"0"},"categories":[14],"tags":[7350,32,33,98,27,663,91,34,35,28,31,888,25,103,102,40,41,366,80,29,30,26,892,82,83,84,3200],"class_list":["post-508879","post","type-post","status-publish","format-standard","has-post-thumbnail","category-swiat","tag-bliski-wschod","tag-breaking-news","tag-breakingnews","tag-dorzeczy","tag-headlines","tag-iran","tag-izrael","tag-latest-news","tag-latestnews","tag-naglowki","tag-najwazniejsze-artykuly","tag-netanjahu","tag-news","tag-obserwator-mediow","tag-opinie","tag-polish","tag-polski","tag-sondaz","tag-swiat","tag-top-stories","tag-topstories","tag-wiadomosci","tag-wojna","tag-world","tag-world-news","tag-worldnews","tag-zydzi"],"share_on_mastodon":{"url":"https:\/\/pubeurope.com\/@pl\/116791758413031163","error":""},"_links":{"self":[{"href":"https:\/\/www.europesays.com\/pl\/wp-json\/wp\/v2\/posts\/508879","targetHints":{"allow":["GET"]}}],"collection":[{"href":"https:\/\/www.europesays.com\/pl\/wp-json\/wp\/v2\/posts"}],"about":[{"href":"https:\/\/www.europesays.com\/pl\/wp-json\/wp\/v2\/types\/post"}],"author":[{"embeddable":true,"href":"https:\/\/www.europesays.com\/pl\/wp-json\/wp\/v2\/users\/2"}],"replies":[{"embeddable":true,"href":"https:\/\/www.europesays.com\/pl\/wp-json\/wp\/v2\/comments?post=508879"}],"version-history":[{"count":0,"href":"https:\/\/www.europesays.com\/pl\/wp-json\/wp\/v2\/posts\/508879\/revisions"}],"wp:featuredmedia":[{"embeddable":true,"href":"https:\/\/www.europesays.com\/pl\/wp-json\/wp\/v2\/media\/508880"}],"wp:attachment":[{"href":"https:\/\/www.europesays.com\/pl\/wp-json\/wp\/v2\/media?parent=508879"}],"wp:term":[{"taxonomy":"category","embeddable":true,"href":"https:\/\/www.europesays.com\/pl\/wp-json\/wp\/v2\/categories?post=508879"},{"taxonomy":"post_tag","embeddable":true,"href":"https:\/\/www.europesays.com\/pl\/wp-json\/wp\/v2\/tags?post=508879"}],"curies":[{"name":"wp","href":"https:\/\/api.w.org\/{rel}","templated":true}]}}