{"id":50889,"date":"2025-10-15T19:25:11","date_gmt":"2025-10-15T19:25:11","guid":{"rendered":"https:\/\/www.europesays.com\/pl\/50889\/"},"modified":"2025-10-15T19:25:11","modified_gmt":"2025-10-15T19:25:11","slug":"rzad-szykuje-rewolucje-w-l4-bardzo-korzystne-dla-pracownikow","status":"publish","type":"post","link":"https:\/\/www.europesays.com\/pl\/50889\/","title":{"rendered":"Rz\u0105d szykuje rewolucj\u0119 w L4. &#8222;Bardzo korzystne dla pracownik\u00f3w&#8221;"},"content":{"rendered":"<ul class=\"list-summary__items summary\">\n<li>Jakie zmiany wprowadza nowelizacja dotycz\u0105ca zwolnie\u0144 lekarskich i zasi\u0142ku chorobowego;<\/li>\n<li>Jak nowe przepisy definiuj\u0105 &#8222;prac\u0119 zarobkow\u0105&#8221; i &#8222;aktywno\u015b\u0107 niezgodn\u0105 z celem zwolnienia&#8221;;<\/li>\n<li>Jakie nowe zasady kontroli os\u00f3b na zwolnieniu lekarskim wprowadza projekt.<\/li>\n<\/ul>\n<p>Na wtorkowym posiedzeniu Rada Ministr\u00f3w zatwierdzi\u0142a projekt\u00a0nowelizacji doprecyzowuj\u0105cy, w jakich przypadkach pracownik mo\u017ce utraci\u0107 prawo do zasi\u0142ku chorobowego i u\u015bci\u015blaj\u0105cy zasady kontroli os\u00f3b przebywaj\u0105cych na zwolnieniu lekarskim.\u00a0Zmiany dotycz\u0105ce wystawiania L4 maj\u0105 wej\u015b\u0107 w \u017cycie od 1 stycznia.\u00a0Jest to jeden z projekt\u00f3w deregulacyjnych rz\u0105du.<\/p>\n<p>Projekt ustawy ma umo\u017cliwi\u0107 wykonywanie pracy u jednego pracodawcy, kiedy przebywamy na zwolnieniu lekarskim w innym miejscu pracy, je\u017celi rodzaj obowi\u0105zk\u00f3w zawodowych na to pozwala. Obecnie ka\u017cde wykonywanie pracy zarobkowej na rzecz jednego pracodawcy w okresie pobierania zasi\u0142ku chorobowego u innego pracodawcy pozbawia prawa do zasi\u0142ku za ca\u0142y okres zwolnienia lekarskiego.\u00a0Wiceminister pracy\u00a0Sebastian Gajewski z Lewicy m\u00f3wi\u0105c o tej propozycji pos\u0142u\u017cy\u0142 si\u0119 przyk\u0142adem chirurga. &#8211; Dzisiaj jest tak, \u017ce je\u017celi chirurg na przyk\u0142ad z\u0142amie palec i w zwi\u0105zku z tym nie mo\u017ce prowadzi\u0107 operacji, a jednocze\u015bnie pracuje jako nauczyciel akademicki i prowadzi wyk\u0142ady, to i w tym i w tym miejscu idzie na zwolnienie i nie mo\u017ce pracowa\u0107. To chcemy zmieni\u0107 &#8211; wyja\u015bni\u0142.<\/p>\n<p>&#8211; To bardzo oczekiwana zmiana w \u015brodowisku pracy i w moim przekonaniu rewolucyjna &#8211; podkre\u015bli\u0142a w TOK FM mecenas Monika Wieczorek.\u00a0&#8211; Na \u017c\u0105danie pracownika lekarz b\u0119dzie m\u00f3g\u0142 wystawi\u0107 zwolnienie lekarskie tylko z jednego stosunku pracy. Je\u017celi jeste\u015bmy zatrudnieni w kilku miejscach, to na nasz wniosek b\u0119dziemy mogli wykonywa\u0107 prac\u0119 tam, gdzie nasza dolegliwo\u015b\u0107 nie koliduje z charakterem pracy &#8211; t\u0142umaczy\u0142a.<\/p>\n<p><a name=\"eztoc31314861_0_4\" id=\"eztoc31314861_0_4\"\/>&#8222;Korzystne rozwi\u0105zanie dla pracownik\u00f3w&#8221;<\/p>\n<p>Planowane przepisy maj\u0105 zdefiniowa\u0107 tak\u017ce poj\u0119cia &#8222;praca zarobkowa&#8221; oraz &#8222;aktywno\u015b\u0107 niezgodna z celem zwolnienia&#8221; tak, by pracownicy wiedzieli, jakie czynno\u015bci wykonywane w trakcie L4 mog\u0105 spowodowa\u0107 pozbawienie ich zasi\u0142ku chorobowego. Zgodnie z projektem, prac\u0105 zarobkow\u0105 jest ka\u017cda czynno\u015b\u0107 maj\u0105ca charakter zarobkowy, niezale\u017cnie od stosunku prawnego b\u0119d\u0105cego podstaw\u0105 jej wykonania, z wy\u0142\u0105czeniem tzw. czynno\u015bci incydentalnych, kt\u00f3rych podj\u0119cia w okresie zwolnienia od pracy wymagaj\u0105 istotne okoliczno\u015bci, przy czym nie mo\u017ce by\u0107 to polecenie pracodawcy.<\/p>\n<p>Jak m\u00f3wi\u0142 we wtorek wiceminister Gajewski, spotka\u0142 si\u0119 z przyk\u0142adem, w kt\u00f3rym lekarka straci\u0142a prawo do zasi\u0142ku chorobowego, poniewa\u017c wypisa\u0142a recept\u0119 dla swojego chorego dziecka. Oczywi\u015bcie wypisywanie recept przez lekarza jest jego czynno\u015bci\u0105 zawodow\u0105 i prac\u0105 zarobkow\u0105, ale wszyscy czujemy absurd &#8211; powiedzia\u0142.\u00a0<\/p>\n<p>&#8211; Do tej pory spotykali\u015bmy si\u0119 z takimi sytuacjami, w kt\u00f3rych nawet drobne czynno\u015bci zwi\u0105zane z prac\u0105 podejmowane podczas L4 skutkowa\u0142y utrat\u0105 prawa do zasi\u0142ku. Doprecyzowanie tego jest bardzo korzystnym rozwi\u0105zaniem dla pracownik\u00f3w &#8211; ocenia\u0142a w TOK FM ekspertka.<\/p>\n<p><a name=\"eztoc31314861_0_5\" id=\"eztoc31314861_0_5\"\/>To b\u0119dzie zakazane<\/p>\n<p>Prowadz\u0105ca audycj\u0119 Anna Piekutowska przypomnia\u0142a o g\u0142o\u015bnej sprawie sprzed dw\u00f3ch miesi\u0119cy. Zak\u0142ad Ubezpiecze\u0144 Spo\u0142ecznych za\u017c\u0105da\u0142 od kobiety zwrotu oko\u0142o 60 tysi\u0119cy z\u0142 zasi\u0142ku chorobowego, twierdz\u0105c, \u017ce naruszy\u0142a ona warunki zwolnienia lekarskiego, poniewa\u017c kilka razy zanios\u0142a m\u0119\u017cowi obiad do pracy, zjad\u0142a tam wsp\u00f3lnie z nim i wr\u00f3ci\u0142a do domu. Zak\u0142ad pracy by\u0142 oddalony oko\u0142o 200 m od domu. Kobieta odwo\u0142a\u0142a si\u0119 do s\u0105du, a ten\u00a0chyli\u0142 decyzj\u0119 ZUS i uzna\u0142, \u017ce \u017c\u0105danie zwrotu by\u0142o bezzasadne.<\/p>\n<p>Co w takim razie mo\u017cna robi\u0107 na L4, a czego nie?\u00a0&#8211; Do tej pory przyjmowali\u015bmy, i ta praktyka si\u0119 utrwali\u0142a, \u017ce zwyk\u0142e czynno\u015bci, jak zakupy czy p\u00f3j\u015bcie do apteki, by\u0142y akceptowane. Natomiast teraz zakazane b\u0119d\u0105 wszelkie dzia\u0142ania utrudniaj\u0105ce lub wyd\u0142u\u017caj\u0105ce proces leczenia lub rekonwalescencji &#8211; powiedzia\u0142a mec. Wieczorek. &#8211; Na przyk\u0142ad osoba, kt\u00f3ra przebywa na zwolnieniu z powodu grypy, spr\u00f3buje zrobi\u0107 sobie przeja\u017cd\u017ck\u0119 rowerem rekreacyjn\u0105, b\u0119dzie wykorzystywa\u0142a zwolnienie niezgodnie z jego celem, bo ma powr\u00f3ci\u0107 do zdrowia, a tymczasem mocno je nadwyr\u0119\u017ca i nara\u017ca na pog\u0142\u0119bienie si\u0119 dolegliwo\u015bci &#8211; wyja\u015bnia\u0142a.\u00a0<\/p>\n<p>Z kolei w przypadku zwolnienia lekarskiego wydanego\u00a0w zwi\u0105zku ze zdrowiem psychicznym &#8211; jak stwierdzi\u0142a &#8211; &#8222;wyj\u015bcie do kina, teatru czy um\u00f3wienie si\u0119 ze znajomymi, powinny by\u0107 dopuszczalnymi czynno\u015bciami&#8221;.<\/p>\n<p><a name=\"eztoc31314861_0_6\" id=\"eztoc31314861_0_6\"\/>Zmiany w kontrolach. &#8222;Bardzo ciekawy przepis&#8221;<\/p>\n<p>Projekt reguluje ponadto zasady przeprowadzania kontroli prawid\u0142owo\u015bci wykorzystywania zwolnie\u0144 lekarskich. Doprecyzowano, \u017ce ZUS b\u0119dzie uprawniony r\u00f3wnie\u017c do kontroli os\u00f3b po ustaniu tytu\u0142u ubezpieczenia chorobowego. Do projektu wpisano r\u00f3wnie\u017c zasad\u0119, \u017ce &#8222;kontrola jest dokonywana z wykorzystaniem \u015brodk\u00f3w adekwatnych i proporcjonalnych do celu kontroli, z poszanowaniem prywatno\u015bci osoby kontrolowanej oraz innych os\u00f3b przebywaj\u0105cych w miejscu kontroli oraz w spos\u00f3b wolny od ryzyka pogorszenia si\u0119 stanu zdrowia osoby kontrolowanej i zak\u0142\u00f3cania procesu leczenia lub rekonwalescencji&#8221;.<\/p>\n<p>&#8211; To jest bardzo ciekawy przepis i ciesz\u0119 si\u0119, \u017ce on si\u0119 znalaz\u0142 w projekcie ustawy &#8211; komentowa\u0142a go\u015bcini TOK FM.\u00a0Jak zaznaczy\u0142a, chodzi o sytuacje, &#8222;kt\u00f3re mog\u0142yby zak\u0142\u00f3ca\u0107 przebieg kontroli&#8221;. &#8211; Kontrola, kt\u00f3ra jest dolegliwa i narusza prywatno\u015b\u0107 to taka, podczas kt\u00f3rej osoba kontroluj\u0105ca przemieszcza si\u0119 swobodnie po mieszkaniu bez pozwolenia w\u0142a\u015bciciela, wypytuje o kwestie zupe\u0142nie niezwi\u0105zane z przedmiotem kontroli &#8211; wyja\u015bnia\u0142a mec. Monika Wieczorek.<\/p>\n<p>\u0179r\u00f3d\u0142o: TOK FM, PAP<\/p>\n","protected":false},"excerpt":{"rendered":"Jakie zmiany wprowadza nowelizacja dotycz\u0105ca zwolnie\u0144 lekarskich i zasi\u0142ku chorobowego; Jak nowe przepisy definiuj\u0105 &#8222;prac\u0119 zarobkow\u0105&#8221; i &#8222;aktywno\u015b\u0107&hellip;\n","protected":false},"author":2,"featured_media":50890,"comment_status":"","ping_status":"","sticky":false,"template":"","format":"standard","meta":{"footnotes":""},"categories":[5],"tags":[32,33,36,37,27,34,35,28,31,25,42,38,40,39,41,29,30,26,660,13769],"class_list":{"0":"post-50889","1":"post","2":"type-post","3":"status-publish","4":"format-standard","5":"has-post-thumbnail","7":"category-naglowki","8":"tag-breaking-news","9":"tag-breakingnews","10":"tag-featured-news","11":"tag-featurednews","12":"tag-headlines","13":"tag-latest-news","14":"tag-latestnews","15":"tag-naglowki","16":"tag-najwazniejsze-artykuly","17":"tag-news","18":"tag-pl","19":"tag-poland","20":"tag-polish","21":"tag-polska","22":"tag-polski","23":"tag-top-stories","24":"tag-topstories","25":"tag-wiadomosci","26":"tag-zus","27":"tag-zwolnienie-lekarskie"},"share_on_mastodon":{"url":"","error":""},"_links":{"self":[{"href":"https:\/\/www.europesays.com\/pl\/wp-json\/wp\/v2\/posts\/50889","targetHints":{"allow":["GET"]}}],"collection":[{"href":"https:\/\/www.europesays.com\/pl\/wp-json\/wp\/v2\/posts"}],"about":[{"href":"https:\/\/www.europesays.com\/pl\/wp-json\/wp\/v2\/types\/post"}],"author":[{"embeddable":true,"href":"https:\/\/www.europesays.com\/pl\/wp-json\/wp\/v2\/users\/2"}],"replies":[{"embeddable":true,"href":"https:\/\/www.europesays.com\/pl\/wp-json\/wp\/v2\/comments?post=50889"}],"version-history":[{"count":0,"href":"https:\/\/www.europesays.com\/pl\/wp-json\/wp\/v2\/posts\/50889\/revisions"}],"wp:featuredmedia":[{"embeddable":true,"href":"https:\/\/www.europesays.com\/pl\/wp-json\/wp\/v2\/media\/50890"}],"wp:attachment":[{"href":"https:\/\/www.europesays.com\/pl\/wp-json\/wp\/v2\/media?parent=50889"}],"wp:term":[{"taxonomy":"category","embeddable":true,"href":"https:\/\/www.europesays.com\/pl\/wp-json\/wp\/v2\/categories?post=50889"},{"taxonomy":"post_tag","embeddable":true,"href":"https:\/\/www.europesays.com\/pl\/wp-json\/wp\/v2\/tags?post=50889"}],"curies":[{"name":"wp","href":"https:\/\/api.w.org\/{rel}","templated":true}]}}