{"id":50900,"date":"2025-10-15T19:32:07","date_gmt":"2025-10-15T19:32:07","guid":{"rendered":"https:\/\/www.europesays.com\/pl\/50900\/"},"modified":"2025-10-15T19:32:07","modified_gmt":"2025-10-15T19:32:07","slug":"skandaliczne-slowa-na-sejmowej-komisji-posel-nie-wiedzial-ze-ma-wlaczony-mikrofon-onet","status":"publish","type":"post","link":"https:\/\/www.europesays.com\/pl\/50900\/","title":{"rendered":"Skandaliczne s\u0142owa na sejmowej komisji. Pose\u0142 nie wiedzia\u0142, \u017ce ma w\u0142\u0105czony mikrofon &#8211; Onet"},"content":{"rendered":"<ol>\n<li><a href=\"https:\/\/news.google.com\/rss\/articles\/CBMi3AFBVV95cUxOMGJRbTZMaERmUW9MY01nbjRITE0ybk1oQjRwNnZmZ1RNNUdEZmJhc1VDV1V3TUN3QzVVR24wQnRxRGdkUEl1ck5SNTdXZzFsTlMyZk9RaUUwZ1JEOVNCOFRuZXhiUnF4UGFJSTRlblFQcUs5LTdmR2tLaEYzTW9LSWlqUDlhVHZEWVJILURDbWxZZ2RIS3hCVVVWZU16azAwRlByYlFJRHNJYTBOSUJoeHcxYVJuZ3VJaEduN183Wmx5Ynp4S1laSUR3VFlsc0kwTXBMWWZacmFhZDBR?oc=5\" target=\"_blank\" rel=\"nofollow noopener\">Skandaliczne s\u0142owa na sejmowej komisji. Pose\u0142 nie wiedzia\u0142, \u017ce ma w\u0142\u0105czony mikrofon<\/a>&nbsp;&nbsp;Onet<\/li>\n<li><a href=\"https:\/\/news.google.com\/rss\/articles\/CBMipgFBVV95cUxORlJPV3JjYlBOLW4tN1p2b1E4UEI0NTk2UDFROURCZS1PT29Rd2RwTVEtVkhaZ292UUhQX2xrVmtkai00b2NQX1JpdDBzMjhfcVpwQ1RuU0I0S3huaWhCNGlfcjh0ZFZWbThqRGZrNkFzeG1oX0VRNGg2NW5taWlkeVhqdm9PWDF3ZGloazlZRHdBYzVyeUl2SkJjdWhfdFVxWFliQnRn?oc=5\" target=\"_blank\" rel=\"nofollow noopener\">Awantura podczas obrad komisji. Koalicja przegra\u0142a g\u0142osowanie<\/a>&nbsp;&nbsp;WP Wiadomo\u015bci<\/li>\n<li><a href=\"https:\/\/news.google.com\/rss\/articles\/CBMiugFBVV95cUxQYkNmX3VHSmtUdGY3b3MyNW1BS28wYmJUdEhCUkVwN3lsOHJ4Smx1UV9lOXBfbUtFNnN0Q2l2XzFOMEMtaWU2Z21VZ1BwYUZ4NEdVUHJ0Vy1JMkZvX3VmUV9rQ1dGQWpXUVo4NVlBeW9MUDVyZzdsZGdiMnlxMkdxMkdrVHlhNnNqWE1oQ0VyeF91V2xCQnFkOTEzeFMzQ0RvNzFwMmlQckRwcDNLdVQ2bzBEeENMV1FQaXc?oc=5\" target=\"_blank\" rel=\"nofollow noopener\">Absolutny skandal. Te s\u0142owa naprawd\u0119 pad\u0142y na sejmowej komisji<\/a>&nbsp;&nbsp;Przegl\u0105d Sportowy Onet<\/li>\n<li><a href=\"https:\/\/news.google.com\/rss\/articles\/CBMi4wFBVV95cUxOb2pWV3JveDRQRjlUU0JzU1VQc2hjLWdOamhaM3p1OHZTWXQ1Sm9GM2tZQ0pGRzBXWmp0SXYzUGJfMVJxUEVFMWhwTEpqaDJUQS1jNE1MV2JOZTJWcG5qZmZmS2haODdXb2ZUSkRKejdzUkdOVlVNeWZFam9wam4wZlgxMFQ4bEF2VWIwc1UxTW9VSW5KTFlCckxlREdPWUdiY0psSEtCaHMxaEdjLU5OSjdmV0xUaVBQNDRLcHhuVFZSbHRaVHZMN3NlVndBaVl0UnY0eG5GaERWT3VIYTZueDFhRQ?oc=5\" target=\"_blank\" rel=\"nofollow noopener\">Zamieszanie na komisji. Przegrane g\u0142osowanie, &#8222;nieporozumienie&#8221; i wniosek o &#8222;zbadanie&#8221; pos\u0142\u00f3w<\/a>&nbsp;&nbsp;TVN24<\/li>\n<li><a href=\"https:\/\/news.google.com\/rss\/articles\/CBMimgFBVV95cUxQOGdFN1FpaVFJTjJUTHpyQ0NjTkIwU3dBeDRkanJaQ0pHOXY4dlFlaUZqYXVLVWFLN1RBaXo5akJ3WFczcnh4bVhfYU5FNzF6TGU1SktSTU54NHlHODl5bDNrWDRsMnNvd3Rmc1hrZ1pNX05LRzFMRlZKS0NzZ0I3ODJSWmZpdUpLNktYRTFXYzAyYmx5RTdkTEtn?oc=5\" target=\"_blank\" rel=\"nofollow noopener\">Atak na pos\u0142\u00f3w PiS! Zbadali si\u0119 alkomatem. B\u0119d\u0105 przeprosiny?<\/a>&nbsp;&nbsp;wPolityce.pl<\/li>\n<\/ol>\n","protected":false},"excerpt":{"rendered":"Skandaliczne s\u0142owa na sejmowej komisji. Pose\u0142 nie wiedzia\u0142, \u017ce ma w\u0142\u0105czony mikrofon&nbsp;&nbsp;Onet Awantura podczas obrad komisji. Koalicja przegra\u0142a&hellip;\n","protected":false},"author":2,"featured_media":50901,"comment_status":"","ping_status":"","sticky":false,"template":"","format":"standard","meta":{"footnotes":""},"categories":[5],"tags":[32,33,244,36,37,27,34,35,28,31,53,25,52,68,51,55,42,38,40,39,41,47,29,30,50,26],"class_list":{"0":"post-50900","1":"post","2":"type-post","3":"status-publish","4":"format-standard","5":"has-post-thumbnail","7":"category-naglowki","8":"tag-breaking-news","9":"tag-breakingnews","10":"tag-ctr_tst","11":"tag-featured-news","12":"tag-featurednews","13":"tag-headlines","14":"tag-latest-news","15":"tag-latestnews","16":"tag-naglowki","17":"tag-najwazniejsze-artykuly","18":"tag-new_header","19":"tag-news","20":"tag-onet3","21":"tag-onet3d","22":"tag-onet3d_2i","23":"tag-phx","24":"tag-pl","25":"tag-poland","26":"tag-polish","27":"tag-polska","28":"tag-polski","29":"tag-screening_general","30":"tag-top-stories","31":"tag-topstories","32":"tag-v2021","33":"tag-wiadomosci"},"share_on_mastodon":{"url":"","error":""},"_links":{"self":[{"href":"https:\/\/www.europesays.com\/pl\/wp-json\/wp\/v2\/posts\/50900","targetHints":{"allow":["GET"]}}],"collection":[{"href":"https:\/\/www.europesays.com\/pl\/wp-json\/wp\/v2\/posts"}],"about":[{"href":"https:\/\/www.europesays.com\/pl\/wp-json\/wp\/v2\/types\/post"}],"author":[{"embeddable":true,"href":"https:\/\/www.europesays.com\/pl\/wp-json\/wp\/v2\/users\/2"}],"replies":[{"embeddable":true,"href":"https:\/\/www.europesays.com\/pl\/wp-json\/wp\/v2\/comments?post=50900"}],"version-history":[{"count":0,"href":"https:\/\/www.europesays.com\/pl\/wp-json\/wp\/v2\/posts\/50900\/revisions"}],"wp:featuredmedia":[{"embeddable":true,"href":"https:\/\/www.europesays.com\/pl\/wp-json\/wp\/v2\/media\/50901"}],"wp:attachment":[{"href":"https:\/\/www.europesays.com\/pl\/wp-json\/wp\/v2\/media?parent=50900"}],"wp:term":[{"taxonomy":"category","embeddable":true,"href":"https:\/\/www.europesays.com\/pl\/wp-json\/wp\/v2\/categories?post=50900"},{"taxonomy":"post_tag","embeddable":true,"href":"https:\/\/www.europesays.com\/pl\/wp-json\/wp\/v2\/tags?post=50900"}],"curies":[{"name":"wp","href":"https:\/\/api.w.org\/{rel}","templated":true}]}}