{"id":509150,"date":"2026-06-22T07:39:11","date_gmt":"2026-06-22T07:39:11","guid":{"rendered":"https:\/\/www.europesays.com\/pl\/509150\/"},"modified":"2026-06-22T07:39:11","modified_gmt":"2026-06-22T07:39:11","slug":"robert-biedron-w-mocnych-slowach-o-karolu-nawrockim-jak-chlopiec","status":"publish","type":"post","link":"https:\/\/www.europesays.com\/pl\/509150\/","title":{"rendered":"Robert Biedro\u0144 w mocnych s\u0142owach o Karolu Nawrockim. &#8222;Jak ch\u0142opiec&#8221;"},"content":{"rendered":"<p>Europose\u0142 Lewicy Robert Biedro\u0144 pytany by\u0142 o <a href=\"https:\/\/wiadomosci.onet.pl\/kraj\/o-co-chodzi-w-aferze-z-salonikiem-vip-odpowiadamy-na-10-najwazniejszych-pytan\/2vb1cnj\" id=\"7952ddc4-dcc8-4dc8-bdd3-c761db064675\" rel=\"nofollow noopener\" target=\"_blank\">afer\u0119 w Szpitalu Po\u0142udniowym<\/a>. Go\u015b\u0107 &#8222;Onet Rano.&#8221; stwierdza, \u017ce sprawa obci\u0105\u017ca Koalicj\u0119 Obywatelsk\u0105, a nie ca\u0142\u0105 koalicj\u0119 rz\u0105dz\u0105c\u0105. \u2014 Nie mo\u017cna obci\u0105\u017ca\u0107 wszystkich koalicjant\u00f3w, bo z tego, co wiem, ani PSL ani Lewica, ani Centrum w tym nie uczestniczyli \u2014 podkre\u015bla. Dalszy ci\u0105g artyku\u0142u pod materia\u0142em wideo <\/p>\n<p>\u2014 To bulwersuj\u0105ca sprawa, skandaliczna, wszystko, co najgorsze mo\u017cna powiedzie\u0107, bo KO obieca\u0142a now\u0105 jako\u015b\u0107 po tym PiS-ie, a okaza\u0142o si\u0119, \u017ce przygania\u0142 kocio\u0142 garnkowi, \u017ce tu si\u0119 nic nie zmieni\u0142o, je\u015bli chodzi o te patologie \u2014 m\u00f3wi Biedro\u0144. Stwierdza tak\u017ce, \u017ce jego zdaniem Szpital Po\u0142udniowy nie jest wyj\u0105tkiem, a &#8222;raczej regu\u0142\u0105&#8221;.<\/p>\n<p>     &#8222;Takich ludzi jest wi\u0119cej&#8221;\u2014 To jest patologia ka\u017cdej partii, kt\u00f3ra przychodzi do w\u0142adzy i szczeg\u00f3lnie na tych ni\u017cszych szczeblach jest wielu dzia\u0142aczy, kt\u00f3rym r\u0119ce si\u0119 trz\u0119s\u0105, aby ju\u017c si\u0119 dochrapa\u0107 do tych rad nadzorczych, zarz\u0105d\u00f3w, by\u0107 w tym wszystkim \u2014 ocenia europose\u0142, stwierdzaj\u0105c, \u017ce jego zdaniem, takich ludzi jak <a href=\"https:\/\/wiadomosci.onet.pl\/tylko-w-onecie\/w-ko-przepychanka-o-lekarza-milionera-ujawniamy-kulisy\/093d0lq\" id=\"85faa72e-8cb2-4c65-aab4-2353235cfdae\" rel=\"nofollow noopener\" target=\"_blank\">lekarz Dawid Kacprzyk,<\/a> jest wi\u0119cej.     <\/p>\n<p>\u2014 Politykom trzeba zabra\u0107 te zabawki. Politycy nie mog\u0105 zasiada\u0107 w radach nadzorczych, b\u0119d\u0105c samorz\u0105dowcami, bo to jest patologia \u2014 podkre\u015bla.<\/p>\n<p>\u2014 Na pewno KO ma swojego<a href=\"https:\/\/wiadomosci.onet.pl\/kraj\/kim-jest-bartlomiej-misiewicz-kariere-robil-juz-jako-17-latek\/pllpypf\" id=\"9a095f12-5626-4da6-86a6-d0277dda8d5b\" rel=\"nofollow noopener\" target=\"_blank\"> [Bart\u0142omieja] Misiewicza<\/a>, ale na w\u0142asne \u017cyczenie i dzi\u015b PiS-owi b\u0119dzie \u0142atwo skaka\u0107 po tym temacie \u2014 dodaje Biedro\u0144.Robert Biedro\u0144 o Karolu Nawrockim. &#8222;Ch\u0142opiec w kr\u00f3tkich spodenkach&#8221;Europose\u0142 komentuje tak\u017ce konflikt mi\u0119dzy Warszaw\u0105 a Kijowem, do kt\u00f3rego dosz\u0142o po <a href=\"https:\/\/wiadomosci.onet.pl\/kraj\/wolodymyr-zelenski-bez-orderu-orla-bialego-prezydent-zdecydowal\/lw34008\" id=\"1034cfec-1a16-4261-b697-5930940dea40\" rel=\"nofollow noopener\" target=\"_blank\">decyzji Karola Nawrockiego.<\/a> \u2014 To jest katastrofa \u2014 ocenia polityk.     <\/p>\n<p>\u2014 Obudzi\u0142em si\u0119 dzi\u015b i otworzy\u0142em gazety europejskie, wsz\u0119dzie si\u0119 tam pisze o tym w bardzo z\u0142ym kontek\u015bcie. Jedyne media, kt\u00f3re chwali\u0142y decyzj\u0119 Nawrockiego, to media kremlowskie. To powinno nam da\u0107 do my\u015blenia \u2014 m\u00f3wi Biedro\u0144.<\/p>\n<p>Dalej stwierdza, \u017ce Nawrocki &#8222;nie dor\u00f3s\u0142 do swojej roli&#8221;. \u2014 Je\u017celi prezydent kraju s\u0105siaduj\u0105cego z pa\u0144stwem stoj\u0105cym przed egzystencjaln\u0105 pr\u00f3b\u0105 chwili, nie rozumie jakich\u015b podstaw geopolityki, to jest niedojrza\u0142y. Zachowuje si\u0119 jak ch\u0142opiec w kr\u00f3tkich spodenkach. Najgorsze s\u0142owa powinny w kierunku prezydenta pada\u0107, bo sobie na to zas\u0142u\u017cy\u0142 \u2014 m\u00f3wi europose\u0142.<\/p>\n","protected":false},"excerpt":{"rendered":"Europose\u0142 Lewicy Robert Biedro\u0144 pytany by\u0142 o afer\u0119 w Szpitalu Po\u0142udniowym. Go\u015b\u0107 &#8222;Onet Rano.&#8221; stwierdza, \u017ce sprawa obci\u0105\u017ca&hellip;\n","protected":false},"author":2,"featured_media":509151,"comment_status":"","ping_status":"","sticky":false,"template":"","format":"standard","meta":{"footnotes":"","_share_on_mastodon":"0"},"categories":[62712],"tags":[12913,61195,690,43,7210,49,48,5354,46,22006,529,12773,47,309],"class_list":["post-509150","post","type-post","status-publish","format-standard","has-post-thumbnail","category-karol-nawrocki","tag-_onet_rano_","tag-bottomfeed_styl","tag-karol-nawrocki","tag-karol_nawrocki","tag-koalicja_obywatelska","tag-kraj","tag-nat_styl","tag-ochrona_zdrowia","tag-omp","tag-order_orla_bialego","tag-pis","tag-robert_biedron","tag-screening_general","tag-wolodymyr_zelenski"],"share_on_mastodon":{"url":"","error":""},"_links":{"self":[{"href":"https:\/\/www.europesays.com\/pl\/wp-json\/wp\/v2\/posts\/509150","targetHints":{"allow":["GET"]}}],"collection":[{"href":"https:\/\/www.europesays.com\/pl\/wp-json\/wp\/v2\/posts"}],"about":[{"href":"https:\/\/www.europesays.com\/pl\/wp-json\/wp\/v2\/types\/post"}],"author":[{"embeddable":true,"href":"https:\/\/www.europesays.com\/pl\/wp-json\/wp\/v2\/users\/2"}],"replies":[{"embeddable":true,"href":"https:\/\/www.europesays.com\/pl\/wp-json\/wp\/v2\/comments?post=509150"}],"version-history":[{"count":0,"href":"https:\/\/www.europesays.com\/pl\/wp-json\/wp\/v2\/posts\/509150\/revisions"}],"wp:featuredmedia":[{"embeddable":true,"href":"https:\/\/www.europesays.com\/pl\/wp-json\/wp\/v2\/media\/509151"}],"wp:attachment":[{"href":"https:\/\/www.europesays.com\/pl\/wp-json\/wp\/v2\/media?parent=509150"}],"wp:term":[{"taxonomy":"category","embeddable":true,"href":"https:\/\/www.europesays.com\/pl\/wp-json\/wp\/v2\/categories?post=509150"},{"taxonomy":"post_tag","embeddable":true,"href":"https:\/\/www.europesays.com\/pl\/wp-json\/wp\/v2\/tags?post=509150"}],"curies":[{"name":"wp","href":"https:\/\/api.w.org\/{rel}","templated":true}]}}