{"id":509284,"date":"2026-06-22T08:59:11","date_gmt":"2026-06-22T08:59:11","guid":{"rendered":"https:\/\/www.europesays.com\/pl\/509284\/"},"modified":"2026-06-22T08:59:11","modified_gmt":"2026-06-22T08:59:11","slug":"spor-z-ukraina-narasta-pawel-kowal-mowi-o-procesie","status":"publish","type":"post","link":"https:\/\/www.europesays.com\/pl\/509284\/","title":{"rendered":"Sp\u00f3r z Ukrain\u0105 narasta. Pawe\u0142 Kowal m\u00f3wi o &#8222;procesie&#8221;"},"content":{"rendered":"<p>Pose\u0142 Koalicji Obywatelskiej i przewodnicz\u0105cy Rady do spraw wsp\u00f3\u0142pracy z Ukrain\u0105 Pawe\u0142 Kowal zabra\u0142 g\u0142os w sprawie konfliktu, kt\u00f3ry zaostrza si\u0119 mi\u0119dzy Warszaw\u0105 a Kijowem po decyzji Karola Nawrockiego w sprawie odebrania Wo\u0142odymyrowi Ze\u0142enskiemu Orderu Or\u0142a Bia\u0142ego.<\/p>\n<p>\u2014 Podobno kiedy\u015b sekretarz generalny ONZ powiedzia\u0142, \u017ce mi\u0119dzy narodami, kt\u00f3re s\u0105 blisko, najtrudniej pracuje si\u0119 z histori\u0105, a naj\u0142atwiej, je\u015bli chodzi o przysz\u0142o\u015b\u0107. To jest dok\u0142adnie ta sytuacja \u2014 m\u00f3wi polityk. Stwierdza, \u017ce &#8222;nie ma co&#8221; m\u00f3wi\u0107 o pora\u017cce. \u2014 Jest to trudny moment. To nie jest \u0142atwe \u2014 stwierdza.<\/p>\n<p>     Pawe\u0142 Kowal o relacji Polski z Ukrain\u0105. &#8222;Wszystko b\u0119dzie dobrze&#8221;Kowal podkre\u015bla, \u017ce ten sp\u00f3r jest zasadniczy. \u2014 To, co polityk powinien w takiej sytuacji wiedzie\u0107, kiedy chce by\u0107 odpowiedzialny, to \u017ce polityka to jest to, co przesz\u0142o, sprawy dzisiejsze i kwestia strategii. Ze strategicznego punktu widzenia <a href=\"https:\/\/wiadomosci.onet.pl\/swiat\/jednostka-wojskowa-z-imieniem-bohaterow-upa-fala-krytyki-po-decyzji-zelenskiego\/64c98jd\" id=\"cd339faf-7d7e-4fdf-9c0c-9f45146e5981\" rel=\"nofollow noopener\" target=\"_blank\">nadanie tej nazwy bohater\u00f3w UPA<\/a> by\u0142o bez w\u0105tpienia b\u0142\u0119dem. Nie wiem, czy potrafi\u0142 sobie wyobrazi\u0107, ile tych skutk\u00f3w [b\u0119dzie to za sob\u0105 nios\u0142o] \u2014 dodaje pose\u0142.     <\/p>\n<p>Zdaniem Kowala sytuacja na pierwszy rzut oka wygl\u0105da jak katastrofa, ale &#8222;jeszcze Polska nie zgin\u0119\u0142a&#8221;. Podkre\u015bla dalej, \u017ce &#8222;wszystko b\u0119dzie dobrze&#8221;.<\/p>\n<p>&#8222;Czeka nas proces&#8221;<\/p>\n<p>\u2014 Moja opinia jest taka, \u017ce nas czeka w tej sprawie proces, Ukrai\u0144c\u00f3w te\u017c czeka proces \u2014 stwierdza pose\u0142. Wyja\u015bnia, \u017ce chodzi o &#8222;proces dojrzewania&#8221;. \u2014 W naszej historii te\u017c by\u0142y trudne tematy. Przecie\u017c historia ka\u017cdego pa\u0144stwa sk\u0142ada si\u0119 z trudnych temat\u00f3w. Narody dojrzewaj\u0105 do takich rzeczy jako wsp\u00f3lnota. Tu si\u0119 nic nie da przyspieszy\u0107 \u2014 m\u00f3wi.<\/p>\n<p>\u2014 Je\u015bli chodzi o to, na co mam wp\u0142yw. Ja mog\u0119 powiedzie\u0107 z podniesionym czo\u0142em, \u017ce je\u015bli chodzi o zasadnicz\u0105 kwesti\u0119 ekshumacji, poch\u00f3wk\u00f3w, zg\u00f3d na ekshumacje zrobili\u015bmy najwi\u0119cej w ci\u0105gu dw\u00f3ch lat ni\u017c przez poprzednie 30 wcze\u015bniej \u2014 zaznacza.<\/p>\n<p>Kowal dodaje, \u017ce relacje z Ukrain\u0105 s\u0105 w du\u017cej mierze oparte na emocjach, co obecnie wida\u0107, a rol\u0105 polityk\u00f3w jest ograniczanie strat.<\/p>\n","protected":false},"excerpt":{"rendered":"Pose\u0142 Koalicji Obywatelskiej i przewodnicz\u0105cy Rady do spraw wsp\u00f3\u0142pracy z Ukrain\u0105 Pawe\u0142 Kowal zabra\u0142 g\u0142os w sprawie konfliktu,&hellip;\n","protected":false},"author":2,"featured_media":509285,"comment_status":"","ping_status":"","sticky":false,"template":"","format":"standard","meta":{"footnotes":"","_share_on_mastodon":"0"},"categories":[12],"tags":[12913,61195,32,33,36,37,27,43,49,34,35,28,31,48,25,46,22006,16332,42,38,40,39,41,47,29,30,415,26,309],"class_list":["post-509284","post","type-post","status-publish","format-standard","has-post-thumbnail","category-polska","tag-_onet_rano_","tag-bottomfeed_styl","tag-breaking-news","tag-breakingnews","tag-featured-news","tag-featurednews","tag-headlines","tag-karol_nawrocki","tag-kraj","tag-latest-news","tag-latestnews","tag-naglowki","tag-najwazniejsze-artykuly","tag-nat_styl","tag-news","tag-omp","tag-order_orla_bialego","tag-pawel_kowal","tag-pl","tag-poland","tag-polish","tag-polska","tag-polski","tag-screening_general","tag-top-stories","tag-topstories","tag-ukraina","tag-wiadomosci","tag-wolodymyr_zelenski"],"share_on_mastodon":{"url":"https:\/\/pubeurope.com\/@pl\/116792941816123971","error":""},"_links":{"self":[{"href":"https:\/\/www.europesays.com\/pl\/wp-json\/wp\/v2\/posts\/509284","targetHints":{"allow":["GET"]}}],"collection":[{"href":"https:\/\/www.europesays.com\/pl\/wp-json\/wp\/v2\/posts"}],"about":[{"href":"https:\/\/www.europesays.com\/pl\/wp-json\/wp\/v2\/types\/post"}],"author":[{"embeddable":true,"href":"https:\/\/www.europesays.com\/pl\/wp-json\/wp\/v2\/users\/2"}],"replies":[{"embeddable":true,"href":"https:\/\/www.europesays.com\/pl\/wp-json\/wp\/v2\/comments?post=509284"}],"version-history":[{"count":0,"href":"https:\/\/www.europesays.com\/pl\/wp-json\/wp\/v2\/posts\/509284\/revisions"}],"wp:featuredmedia":[{"embeddable":true,"href":"https:\/\/www.europesays.com\/pl\/wp-json\/wp\/v2\/media\/509285"}],"wp:attachment":[{"href":"https:\/\/www.europesays.com\/pl\/wp-json\/wp\/v2\/media?parent=509284"}],"wp:term":[{"taxonomy":"category","embeddable":true,"href":"https:\/\/www.europesays.com\/pl\/wp-json\/wp\/v2\/categories?post=509284"},{"taxonomy":"post_tag","embeddable":true,"href":"https:\/\/www.europesays.com\/pl\/wp-json\/wp\/v2\/tags?post=509284"}],"curies":[{"name":"wp","href":"https:\/\/api.w.org\/{rel}","templated":true}]}}